{"id":225067,"date":"2024-10-18T19:14:55","date_gmt":"2024-10-18T22:14:55","guid":{"rendered":"https:\/\/diarioregionaldigital.com.br\/?p=225067"},"modified":"2024-10-18T19:14:55","modified_gmt":"2024-10-18T22:14:55","slug":"pjf-autua-obra-irregular-por-crime-ambiental-no-bairro-santa-efigenia","status":"publish","type":"post","link":"https:\/\/diarioregionaldigital.com.br\/?p=225067","title":{"rendered":"PJF autua obra irregular por crime ambiental no bairro Santa Efig\u00eania"},"content":{"rendered":"<p>Segundo informa\u00e7\u00f5es do site da Prefeitura de Juiz de Fora (PJF), a PJF identificou uma interven\u00e7\u00e3o ilegal em um c\u00f3rrego na Avenida Pedro Afonso Pinheiro, no bairro Santa Efig\u00eania. O propriet\u00e1rio de um terreno na regi\u00e3o aterrou parte do curso d\u2019\u00e1gua de um dos afluentes do c\u00f3rrego Ipiranga, criando uma barreira de terra e res\u00edduos. Essa situa\u00e7\u00e3o agrava o risco de alagamentos, al\u00e9m de comprometer a qualidade ambiental e a seguran\u00e7a dos moradores. O respons\u00e1vel foi autuado.<\/p>\n<p>&nbsp;<\/p>\n<p>Em frente ao local da interven\u00e7\u00e3o h\u00e1 ocupa\u00e7\u00e3o de casas irregulares, que foram atingidas por um volume de \u00e1gua mais intenso em fun\u00e7\u00e3o do aterramento ilegal. Trata-se de uma \u00c1rea de Preserva\u00e7\u00e3o Permanente (APP) e de um curso d\u2019agua que des\u00e1gua em Santa Luzia. A constru\u00e7\u00e3o de uma barreira com materiais inadequados e o aterro do curso d\u2019\u00e1gua s\u00e3o considerados crimes ambientais, pois impactam diretamente a fun\u00e7\u00e3o ecol\u00f3gica da \u00e1rea de preserva\u00e7\u00e3o permanente e comprometem o fluxo natural das \u00e1guas que caem na regi\u00e3o.<\/p>\n<p>&nbsp;<\/p>\n<p>A Fiscaliza\u00e7\u00e3o da PJF tomou as medidas necess\u00e1rias. O respons\u00e1vel pela obra recebeu o Auto de Infra\u00e7\u00e3o pela interven\u00e7\u00e3o em APP, pela canaliza\u00e7\u00e3o do c\u00f3rrego e pela movimenta\u00e7\u00e3o de terra em APP. O valor total dessas infra\u00e7\u00f5es pode ultrapassar R$80 mil. Essa a\u00e7\u00e3o refor\u00e7a o compromisso do munic\u00edpio com a prote\u00e7\u00e3o ambiental e a preserva\u00e7\u00e3o das \u00e1reas naturais que s\u00e3o medidas essenciais no enfrentamento da Emerg\u00eancia Clim\u00e1tica.<\/p>\n","protected":false},"excerpt":{"rendered":"<p>Segundo informa\u00e7\u00f5es do site da Prefeitura de Juiz de Fora (PJF), a PJF identificou uma interven\u00e7\u00e3o ilegal em um c\u00f3rrego na Avenida Pedro Afonso Pinheiro, no bairro Santa Efig\u00eania. O propriet\u00e1rio de um terreno na regi\u00e3o aterrou parte do curso d\u2019\u00e1gua de um dos afluentes do c\u00f3rrego Ipiranga, criando uma barreira de terra e res\u00edduos. [&hellip;]<\/p>\n","protected":false},"author":246,"featured_media":225068,"comment_status":"closed","ping_status":"closed","sticky":false,"template":"","format":"standard","meta":{"footnotes":""},"categories":[253,436,440,439],"tags":[],"class_list":["post-225067","post","type-post","status-publish","format-standard","has-post-thumbnail","hentry","category-cidade","category-destaque-da-semana","category-destaques-do-dia","category-ultima-hora"],"_links":{"self":[{"href":"https:\/\/diarioregionaldigital.com.br\/index.php?rest_route=\/wp\/v2\/posts\/225067","targetHints":{"allow":["GET"]}}],"collection":[{"href":"https:\/\/diarioregionaldigital.com.br\/index.php?rest_route=\/wp\/v2\/posts"}],"about":[{"href":"https:\/\/diarioregionaldigital.com.br\/index.php?rest_route=\/wp\/v2\/types\/post"}],"author":[{"embeddable":true,"href":"https:\/\/diarioregionaldigital.com.br\/index.php?rest_route=\/wp\/v2\/users\/246"}],"replies":[{"embeddable":true,"href":"https:\/\/diarioregionaldigital.com.br\/index.php?rest_route=%2Fwp%2Fv2%2Fcomments&post=225067"}],"version-history":[{"count":1,"href":"https:\/\/diarioregionaldigital.com.br\/index.php?rest_route=\/wp\/v2\/posts\/225067\/revisions"}],"predecessor-version":[{"id":225069,"href":"https:\/\/diarioregionaldigital.com.br\/index.php?rest_route=\/wp\/v2\/posts\/225067\/revisions\/225069"}],"wp:featuredmedia":[{"embeddable":true,"href":"https:\/\/diarioregionaldigital.com.br\/index.php?rest_route=\/wp\/v2\/media\/225068"}],"wp:attachment":[{"href":"https:\/\/diarioregionaldigital.com.br\/index.php?rest_route=%2Fwp%2Fv2%2Fmedia&parent=225067"}],"wp:term":[{"taxonomy":"category","embeddable":true,"href":"https:\/\/diarioregionaldigital.com.br\/index.php?rest_route=%2Fwp%2Fv2%2Fcategories&post=225067"},{"taxonomy":"post_tag","embeddable":true,"href":"https:\/\/diarioregionaldigital.com.br\/index.php?rest_route=%2Fwp%2Fv2%2Ftags&post=225067"}],"curies":[{"name":"wp","href":"https:\/\/api.w.org\/{rel}","templated":true}]}}