{"id":225064,"date":"2024-10-18T19:08:58","date_gmt":"2024-10-18T22:08:58","guid":{"rendered":"https:\/\/diarioregionaldigital.com.br\/?p=225064"},"modified":"2024-10-18T19:08:58","modified_gmt":"2024-10-18T22:08:58","slug":"policia-civil-incinera-duas-toneladas-de-drogas-apreendidas-na-capital","status":"publish","type":"post","link":"https:\/\/diarioregionaldigital.com.br\/?p=225064","title":{"rendered":"Pol\u00edcia Civil incinera duas toneladas de drogas apreendidas na capital"},"content":{"rendered":"<p><main class=\"clear margin-md-bottom-3\"><\/p>\n<div class=\"clear \">\n<p>A\u00a0<a href=\"https:\/\/www.policiacivil.mg.gov.br\/\" target=\"_blank\" rel=\"noopener\">Pol\u00edcia Civil de Minas Gerais (PCMG)<\/a>\u00a0realizou, nessa quinta-feira (17\/10), a incinera\u00e7\u00e3o de 2,1 toneladas\u00a0de drogas apreendidas em Belo Horizonte. O procedimento foi realizado em uma sider\u00fargica no munic\u00edpio de Ita\u00fana, na regi\u00e3o Centro-Oeste do estado, utilizando forno industrial.<\/p>\n<p>Esta \u00e9 a terceira incinera\u00e7\u00e3o coordenada pelo Departamento Estadual de Combate ao Narcotr\u00e1fico (Denarc) neste ano. A unidade \u00e9 respons\u00e1vel pela cust\u00f3dia das subst\u00e2ncias apreendidas pelas for\u00e7as policiais na capital que possuem autoriza\u00e7\u00e3o judicial para destrui\u00e7\u00e3o. As duas opera\u00e7\u00f5es anteriores ocorreram em fevereiro e julho.<\/p>\n<p>\u201cAo todo, em 2024, foram incineradas mais de 9 toneladas de entorpecentes, dando um destino final a esse malef\u00edcio que traz grandes transtornos \u00e0 sociedade\u201d, destacou o chefe da Divis\u00e3o Especializada de Combate ao Narcotr\u00e1fico, delegado Rodolpho Tadeu Machado.<\/p>\n<p>Neste lote, o maior volume de drogas era de maconha. A incinera\u00e7\u00e3o n\u00e3o apenas retira entorpecentes do mercado il\u00edcito, mas tamb\u00e9m contribui para a descapitaliza\u00e7\u00e3o das organiza\u00e7\u00f5es criminosas e a redu\u00e7\u00e3o do acesso a subst\u00e2ncias nocivas \u00e0 sa\u00fade p\u00fablica.<\/p>\n<p>A a\u00e7\u00e3o foi realizada em conformidade com a legisla\u00e7\u00e3o vigente e acompanhada por representantes do Minist\u00e9rio P\u00fablico e da Vigil\u00e2ncia Sanit\u00e1ria.<\/p>\n<p>Fonte: Ag\u00eancia Minas<\/p>\n<\/div>\n<p><\/main><\/p>\n","protected":false},"excerpt":{"rendered":"<p>A\u00a0Pol\u00edcia Civil de Minas Gerais (PCMG)\u00a0realizou, nessa quinta-feira (17\/10), a incinera\u00e7\u00e3o de 2,1 toneladas\u00a0de drogas apreendidas em Belo Horizonte. O procedimento foi realizado em uma sider\u00fargica no munic\u00edpio de Ita\u00fana, na regi\u00e3o Centro-Oeste do estado, utilizando forno industrial. Esta \u00e9 a terceira incinera\u00e7\u00e3o coordenada pelo Departamento Estadual de Combate ao Narcotr\u00e1fico (Denarc) neste ano. A [&hellip;]<\/p>\n","protected":false},"author":246,"featured_media":225065,"comment_status":"closed","ping_status":"closed","sticky":false,"template":"","format":"standard","meta":{"footnotes":""},"categories":[301,436,439],"tags":[],"class_list":["post-225064","post","type-post","status-publish","format-standard","has-post-thumbnail","hentry","category-artigos-policiais","category-destaque-da-semana","category-ultima-hora"],"_links":{"self":[{"href":"https:\/\/diarioregionaldigital.com.br\/index.php?rest_route=\/wp\/v2\/posts\/225064","targetHints":{"allow":["GET"]}}],"collection":[{"href":"https:\/\/diarioregionaldigital.com.br\/index.php?rest_route=\/wp\/v2\/posts"}],"about":[{"href":"https:\/\/diarioregionaldigital.com.br\/index.php?rest_route=\/wp\/v2\/types\/post"}],"author":[{"embeddable":true,"href":"https:\/\/diarioregionaldigital.com.br\/index.php?rest_route=\/wp\/v2\/users\/246"}],"replies":[{"embeddable":true,"href":"https:\/\/diarioregionaldigital.com.br\/index.php?rest_route=%2Fwp%2Fv2%2Fcomments&post=225064"}],"version-history":[{"count":1,"href":"https:\/\/diarioregionaldigital.com.br\/index.php?rest_route=\/wp\/v2\/posts\/225064\/revisions"}],"predecessor-version":[{"id":225066,"href":"https:\/\/diarioregionaldigital.com.br\/index.php?rest_route=\/wp\/v2\/posts\/225064\/revisions\/225066"}],"wp:featuredmedia":[{"embeddable":true,"href":"https:\/\/diarioregionaldigital.com.br\/index.php?rest_route=\/wp\/v2\/media\/225065"}],"wp:attachment":[{"href":"https:\/\/diarioregionaldigital.com.br\/index.php?rest_route=%2Fwp%2Fv2%2Fmedia&parent=225064"}],"wp:term":[{"taxonomy":"category","embeddable":true,"href":"https:\/\/diarioregionaldigital.com.br\/index.php?rest_route=%2Fwp%2Fv2%2Fcategories&post=225064"},{"taxonomy":"post_tag","embeddable":true,"href":"https:\/\/diarioregionaldigital.com.br\/index.php?rest_route=%2Fwp%2Fv2%2Ftags&post=225064"}],"curies":[{"name":"wp","href":"https:\/\/api.w.org\/{rel}","templated":true}]}}