{"id":225055,"date":"2024-10-18T18:58:04","date_gmt":"2024-10-18T21:58:04","guid":{"rendered":"https:\/\/diarioregionaldigital.com.br\/?p=225055"},"modified":"2024-10-18T18:58:04","modified_gmt":"2024-10-18T21:58:04","slug":"segundo-premio-de-r-50-mil-da-nota-fiscal-mineira-sai-para-contagem","status":"publish","type":"post","link":"https:\/\/diarioregionaldigital.com.br\/?p=225055","title":{"rendered":"Segundo pr\u00eamio de R$ 50 mil da Nota Fiscal Mineira sai para Contagem"},"content":{"rendered":"<p>O segundo pr\u00eamio de R$ 50 mil da Nota Fiscal Mineira (NFM) foi sorteado nesta sexta-feira (18\/10), na sede da\u00a0<a href=\"https:\/\/www.fazenda.mg.gov.br\/\" target=\"_blank\" rel=\"noopener\">Secretaria de Estado de Fazenda (SEF)<\/a>, para um consumidor da cidade de Contagem, na Regi\u00e3o Metropolitana de Belo Horizonte (RMBH).<\/p>\n<p>Vinculadas ao pr\u00eamio do ganhador, tr\u00eas institui\u00e7\u00f5es de assist\u00eancia social tamb\u00e9m foram beneficiadas, recebendo R$ 10 mil cada uma. Uma delas fica no munic\u00edpio de Monte Azul, no Norte de Minas, e outras duas s\u00e3o de Minas Novas, no Vale do Jequitinhonha.<\/p>\n<p>Foram distribu\u00eddos ainda 13 pr\u00eamios de R$ 2 mil e centenas de R$ 100, R$ 200 e R$ 500. Todos os ganhadores recebem uma notifica\u00e7\u00e3o na tela principal do aplicativo Nota Fiscal Mineira. Os resultados tamb\u00e9m est\u00e3o dispon\u00edveis para consulta no portal da Nota Fiscal Mineira.<br \/>\n<strong>Sorteio de R$ 100 mil no dia 31\/10<\/strong><br \/>\nDe acordo com a previs\u00e3o do programa Nota Fiscal Mineira, somente em outubro, ser\u00e3o sendo distribu\u00eddos em pr\u00eamios R$ 2.153.300 para os consumidores. As premia\u00e7\u00f5es para entidades deste m\u00eas v\u00e3o chegar a R$ 558.900. No dia 31\/10, haver\u00e1 o sorteio de R$ 100 mil.<\/p>\n<p>Os sorteios foram iniciados em setembro e v\u00e3o ocorrer em todos os meses do ano, sempre para contemplar os consumidores cadastrados e as entidades de assist\u00eancia social indicadas.<br \/>\n<strong>R$ 1 milh\u00e3o em dezembro<\/strong><\/p>\n<p>Em dezembro, ser\u00e1 sorteado o grande pr\u00eamio da Nota Fiscal Mineira, no valor de R$ 1 milh\u00e3o. Estar\u00e3o aptos a participar todos os consumidores cadastrados no aplicativo do programa que tiverem efetuado ao menos uma compra solicitando a nota fiscal com o CPF inclu\u00eddo, desde o in\u00edcio do programa.<br \/>\n<strong>Cadastre-se!<\/strong><br \/>\nPara participar dos sorteios, basta o consumidor baixar o aplicativo Nota Fiscal Mineira em seu celular e se cadastrar. Uma vez cadastrado, o consumidor s\u00f3 precisar\u00e1 solicitar a nota fiscal com a inclus\u00e3o do CPF em todas as suas compras. O bilhete para o sorteio ser\u00e1 gerado automaticamente, sem a necessidade de qualquer outra a\u00e7\u00e3o por parte do participante.<\/p>\n<p>Para mais informa\u00e7\u00f5es, acesse\u00a0<a href=\"http:\/\/notafiscalmineira.fazenda.mg.gov.br\/\" target=\"_blank\" rel=\"noopener\">notafiscalmineira.fazenda.mg.gov.br<\/a>.<\/p>\n<p>Fonte: Ag\u00eancia Minas<\/p>\n","protected":false},"excerpt":{"rendered":"<p>O segundo pr\u00eamio de R$ 50 mil da Nota Fiscal Mineira (NFM) foi sorteado nesta sexta-feira (18\/10), na sede da\u00a0Secretaria de Estado de Fazenda (SEF), para um consumidor da cidade de Contagem, na Regi\u00e3o Metropolitana de Belo Horizonte (RMBH). Vinculadas ao pr\u00eamio do ganhador, tr\u00eas institui\u00e7\u00f5es de assist\u00eancia social tamb\u00e9m foram beneficiadas, recebendo R$ 10 [&hellip;]<\/p>\n","protected":false},"author":246,"featured_media":225056,"comment_status":"closed","ping_status":"closed","sticky":false,"template":"","format":"standard","meta":{"footnotes":""},"categories":[436,261,252,439],"tags":[],"class_list":["post-225055","post","type-post","status-publish","format-standard","has-post-thumbnail","hentry","category-destaque-da-semana","category-economia","category-regiao","category-ultima-hora"],"_links":{"self":[{"href":"https:\/\/diarioregionaldigital.com.br\/index.php?rest_route=\/wp\/v2\/posts\/225055","targetHints":{"allow":["GET"]}}],"collection":[{"href":"https:\/\/diarioregionaldigital.com.br\/index.php?rest_route=\/wp\/v2\/posts"}],"about":[{"href":"https:\/\/diarioregionaldigital.com.br\/index.php?rest_route=\/wp\/v2\/types\/post"}],"author":[{"embeddable":true,"href":"https:\/\/diarioregionaldigital.com.br\/index.php?rest_route=\/wp\/v2\/users\/246"}],"replies":[{"embeddable":true,"href":"https:\/\/diarioregionaldigital.com.br\/index.php?rest_route=%2Fwp%2Fv2%2Fcomments&post=225055"}],"version-history":[{"count":1,"href":"https:\/\/diarioregionaldigital.com.br\/index.php?rest_route=\/wp\/v2\/posts\/225055\/revisions"}],"predecessor-version":[{"id":225057,"href":"https:\/\/diarioregionaldigital.com.br\/index.php?rest_route=\/wp\/v2\/posts\/225055\/revisions\/225057"}],"wp:featuredmedia":[{"embeddable":true,"href":"https:\/\/diarioregionaldigital.com.br\/index.php?rest_route=\/wp\/v2\/media\/225056"}],"wp:attachment":[{"href":"https:\/\/diarioregionaldigital.com.br\/index.php?rest_route=%2Fwp%2Fv2%2Fmedia&parent=225055"}],"wp:term":[{"taxonomy":"category","embeddable":true,"href":"https:\/\/diarioregionaldigital.com.br\/index.php?rest_route=%2Fwp%2Fv2%2Fcategories&post=225055"},{"taxonomy":"post_tag","embeddable":true,"href":"https:\/\/diarioregionaldigital.com.br\/index.php?rest_route=%2Fwp%2Fv2%2Ftags&post=225055"}],"curies":[{"name":"wp","href":"https:\/\/api.w.org\/{rel}","templated":true}]}}