{"id":225052,"date":"2024-10-18T18:56:04","date_gmt":"2024-10-18T21:56:04","guid":{"rendered":"https:\/\/diarioregionaldigital.com.br\/?p=225052"},"modified":"2024-10-18T18:56:04","modified_gmt":"2024-10-18T21:56:04","slug":"exportacoes-do-agro-mineiro-alcancam-nova-marca-historica-nos-primeiros-nove-meses-de-2024","status":"publish","type":"post","link":"https:\/\/diarioregionaldigital.com.br\/?p=225052","title":{"rendered":"Exporta\u00e7\u00f5es do agro mineiro alcan\u00e7am nova marca hist\u00f3rica nos primeiros nove meses de 2024"},"content":{"rendered":"<p>As exporta\u00e7\u00f5es dos produtos agropecu\u00e1rios mineiros, no acumulado de janeiro a setembro deste 2024, registraram novos patamares hist\u00f3ricos. Com um total de US$ 12,4 bilh\u00f5es e 13,9 milh\u00f5es de toneladas embarcadas para 167 destinos globais, o setor experimentou um crescimento de 17% na receita e de 12% no volume, em compara\u00e7\u00e3o ao mesmo intervalo do ano anterior.<\/p>\n<p>Para fins de compara\u00e7\u00e3o, no per\u00edodo anterior, de janeiro a agosto deste ano, os montantes apurados foram de US$ 11,1 bilh\u00f5es em receita e 12,4 milh\u00f5es de toneladas embarcadas para 165 destinos globais. At\u00e9 ent\u00e3o, esses eram considerados os melhores resultados desde o in\u00edcio da s\u00e9rie hist\u00f3rica, em 1997. E a proje\u00e7\u00e3o \u00e9 otimista: se o cen\u00e1rio atual se mantiver, a previs\u00e3o \u00e9 que a receita anual atinja cerca de US$ 17 bilh\u00f5es.<\/p>\n<p>\u201cOs n\u00fameros do agro em Minas Gerais s\u00e3o sempre muito significativos, sua representatividade na nossa economia \u00e9 inquestion\u00e1vel &#8211; e o setor continua crescendo, mesmo diante das adversidades de clima e de pre\u00e7o do mercado internacional. Apoiar e incentivar quem quer produzir, inovar e gerar empregos \u00e9 um compromisso do\u00a0<a href=\"https:\/\/www.mg.gov.br\/\" target=\"_blank\" rel=\"noopener\">Governo de Minas<\/a>\u201d, avalia o vice-governador de Minas, Professor Mateus.<\/p>\n<p>O secret\u00e1rio de Estado de\u00a0<a href=\"https:\/\/www.mg.gov.br\/agricultura\" target=\"_blank\" rel=\"noopener\">Agricultura, Pecu\u00e1ria e Abastecimento de Minas Gerais (Seapa)<\/a>, Thales Fernandes, lembra que a nova quebra de recorde \u00e9 reflexo do empenho dos produtores rurais mineiros e do trabalho s\u00e9rio feito pelo governo\u00a0para apoiar o setor.<\/p>\n<p>\u201cO crescimento constante da nossa comercializa\u00e7\u00e3o com mercados internacionais prova que, quem busca conhecimento e segue as boas pr\u00e1ticas de produ\u00e7\u00e3o e ambientais, alcan\u00e7a reconhecimento. E quando esse reconhecimento vem em forma de renda para o campo e receita para o Estado, \u00e9 ainda melhor. A economia se movimenta e todos ganham\u201d, analisa o secret\u00e1rio.<\/p>\n<p>Especificamente no m\u00eas de setembro deste ano, os n\u00fameros foram de US$ 1,4 bilh\u00e3o em receita e 1,2 milh\u00e3o de toneladas embarcadas. O caf\u00e9 obteve valoriza\u00e7\u00e3o e, por sua grande participa\u00e7\u00e3o na pauta exportadora do agro (52% no m\u00eas), influenciou positivamente a receita arrecadada.<\/p>\n<p><strong>Caf\u00e9 \u00e0 frente<\/strong><\/p>\n<p>O caf\u00e9 continua sendo o carro-chefe do desempenho do setor. Caf\u00e9 verde, torrado, extratos e derivados totalizaram US$ 5,2 bilh\u00f5es, com o embarque de 21,9 milh\u00f5es de sacas para 85 pa\u00edses. Foi mais um recorde para o setor, tanto na receita quanto no volume embarcado. O caf\u00e9 ainda responde por cerca de 42% das exporta\u00e7\u00f5es do agroneg\u00f3cio de Minas Gerais, representando um acr\u00e9scimo de 37% na receita e 28% no volume.<\/p>\n<p>Todos os principais mercados importadores de caf\u00e9 seguiram com acr\u00e9scimos nas aquisi\u00e7\u00f5es.<\/p>\n<p><strong>Soja e produtos sucroalcooleiros<\/strong><\/p>\n<p>O chamado complexo soja, formado pela soja em gr\u00e3os, farelo de soja e \u00f3leo de soja, atingiu a marca de US$ 3,1 bilh\u00f5es e 7 milh\u00f5es de toneladas. Os n\u00fameros, no entanto, revelam uma leve queda de 3,2% na receita obtida, em compara\u00e7\u00e3o com o ano anterior. O volume exportado aumentou em 16%, mas tamb\u00e9m aponta para um cen\u00e1rio de desvaloriza\u00e7\u00e3o no pre\u00e7o m\u00e9dio. A China segue sendo o maior destino de soja, com 77% dos envios.<\/p>\n<p>No grupo de produtos formado por a\u00e7\u00facar de cana, \u00e1lcool e demais a\u00e7\u00facares, o a\u00e7\u00facar vem mantendo as vendas aquecidas com aumento de 30% no valor e 24% no volume exportado. No total, o complexo sucroalcooleiro representou 14% das exporta\u00e7\u00f5es mineiras, com receita de US$ 1,7 bilh\u00e3o e comercializa\u00e7\u00e3o de 3,6 milh\u00f5es de toneladas.<\/p>\n<p><strong>Carnes registram crescimento<\/strong><\/p>\n<p>As prote\u00ednas bovinas, su\u00ednas e de frango aumentaram em 10% a quantidade embarcada no per\u00edodo, com 351 mil toneladas. A receita somou US$ 1,1 bilh\u00e3o, um crescimento de 9%. A carne bovina ainda \u00e9 a principal venda do grupo, com 73% da receita. Foram US$ 816 milh\u00f5es e 190 mil toneladas \u2013 um novo recorde para o volume embarcado.<\/p>\n<p>Os principais clientes dessa prote\u00edna s\u00e3o a China, os Estados Unidos, Hong Kong, Emirados \u00c1rabes Unidos e Filipinas.<\/p>\n<p>A carne su\u00edna manteve desempenho positivo com acr\u00e9scimos de 8% no valor e 25% no volume embarcado, com receita de US$ 40 milh\u00f5es e 21 mil toneladas. J\u00e1 o frango registrou quedas em seus n\u00fameros e no volume de compras pela China, que recuou em cerca de 40%.<\/p>\n<p>No entanto, os outros principais pa\u00edses compradores da ave, como Emirados \u00c1rabes Unidos, M\u00e9xico e Singapura, aumentaram suas aquisi\u00e7\u00f5es. No per\u00edodo apurado, a exporta\u00e7\u00e3o de frango alcan\u00e7ou US$ 256 milh\u00f5es em receita e 135 mil toneladas embarcadas.<\/p>\n<p><strong>Silvicultura<\/strong><\/p>\n<p>No grupo formado pela celulose, madeira, papel, borrachas e gomas naturais, as exporta\u00e7\u00f5es totalizaram US$ 888 milh\u00f5es, com embarque de 1,3 milh\u00e3o de toneladas. A celulose, principal produto do setor, voltou a apresentar crescimento nas vendas, alcan\u00e7ando um total de US$ 865 milh\u00f5es e 1,2 milh\u00e3o de toneladas, o que equivale a 97% da receita do segmento.<\/p>\n<p><strong>Mercado comprador<\/strong><\/p>\n<p>Os principais parceiros comerciais de Minas Gerais no exterior foram a China (US$ 3,6 bilh\u00f5es), Estados Unidos (US$ 1,2 bilh\u00e3o milh\u00f5es), Alemanha (US$ 919 milh\u00f5es), It\u00e1lia (US$ 544 milh\u00f5es) e B\u00e9lgica (US$ 515 milh\u00f5es).<\/p>\n<p>Em rela\u00e7\u00e3o ao cen\u00e1rio nacional, Minas Gerais se posiciona no quarto lugar como principal estado fornecedor de produtos agropecu\u00e1rios, respons\u00e1vel por 10% das exporta\u00e7\u00f5es brasileiras.<\/p>\n<p>Fonte: Ag\u00eancia Minas<\/p>\n","protected":false},"excerpt":{"rendered":"<p>As exporta\u00e7\u00f5es dos produtos agropecu\u00e1rios mineiros, no acumulado de janeiro a setembro deste 2024, registraram novos patamares hist\u00f3ricos. Com um total de US$ 12,4 bilh\u00f5es e 13,9 milh\u00f5es de toneladas embarcadas para 167 destinos globais, o setor experimentou um crescimento de 17% na receita e de 12% no volume, em compara\u00e7\u00e3o ao mesmo intervalo do [&hellip;]<\/p>\n","protected":false},"author":246,"featured_media":225053,"comment_status":"closed","ping_status":"closed","sticky":false,"template":"","format":"standard","meta":{"footnotes":""},"categories":[436,440,261,254,252,439],"tags":[],"class_list":["post-225052","post","type-post","status-publish","format-standard","has-post-thumbnail","hentry","category-destaque-da-semana","category-destaques-do-dia","category-economia","category-politica","category-regiao","category-ultima-hora"],"_links":{"self":[{"href":"https:\/\/diarioregionaldigital.com.br\/index.php?rest_route=\/wp\/v2\/posts\/225052","targetHints":{"allow":["GET"]}}],"collection":[{"href":"https:\/\/diarioregionaldigital.com.br\/index.php?rest_route=\/wp\/v2\/posts"}],"about":[{"href":"https:\/\/diarioregionaldigital.com.br\/index.php?rest_route=\/wp\/v2\/types\/post"}],"author":[{"embeddable":true,"href":"https:\/\/diarioregionaldigital.com.br\/index.php?rest_route=\/wp\/v2\/users\/246"}],"replies":[{"embeddable":true,"href":"https:\/\/diarioregionaldigital.com.br\/index.php?rest_route=%2Fwp%2Fv2%2Fcomments&post=225052"}],"version-history":[{"count":1,"href":"https:\/\/diarioregionaldigital.com.br\/index.php?rest_route=\/wp\/v2\/posts\/225052\/revisions"}],"predecessor-version":[{"id":225054,"href":"https:\/\/diarioregionaldigital.com.br\/index.php?rest_route=\/wp\/v2\/posts\/225052\/revisions\/225054"}],"wp:featuredmedia":[{"embeddable":true,"href":"https:\/\/diarioregionaldigital.com.br\/index.php?rest_route=\/wp\/v2\/media\/225053"}],"wp:attachment":[{"href":"https:\/\/diarioregionaldigital.com.br\/index.php?rest_route=%2Fwp%2Fv2%2Fmedia&parent=225052"}],"wp:term":[{"taxonomy":"category","embeddable":true,"href":"https:\/\/diarioregionaldigital.com.br\/index.php?rest_route=%2Fwp%2Fv2%2Fcategories&post=225052"},{"taxonomy":"post_tag","embeddable":true,"href":"https:\/\/diarioregionaldigital.com.br\/index.php?rest_route=%2Fwp%2Fv2%2Ftags&post=225052"}],"curies":[{"name":"wp","href":"https:\/\/api.w.org\/{rel}","templated":true}]}}