{"id":225038,"date":"2024-10-17T19:32:33","date_gmt":"2024-10-17T22:32:33","guid":{"rendered":"https:\/\/diarioregionaldigital.com.br\/?p=225038"},"modified":"2024-10-17T19:33:11","modified_gmt":"2024-10-17T22:33:11","slug":"prefeita-anuncia-construcao-da-casa-da-mulher-brasileira-e-avancos-na-saude","status":"publish","type":"post","link":"https:\/\/diarioregionaldigital.com.br\/?p=225038","title":{"rendered":"Prefeita anuncia constru\u00e7\u00e3o da Casa da Mulher Brasileira e avan\u00e7os na Sa\u00fade"},"content":{"rendered":"<p>Segundo informa\u00e7\u00f5es do site da Prefeitura de Juiz de Fora (PJF), em visita \u00e0 capital federal entre ter\u00e7a-feira, 15, e quarta-feira, 16, a prefeita Margarida Salom\u00e3o cumpriu uma s\u00e9rie de agendas com o Governo Federal. A redu\u00e7\u00e3o das filas da sa\u00fade especializada e a constru\u00e7\u00e3o da Casa da Mulher Brasileira foram os principais temas discutidos.<\/p>\n<p>Ap\u00f3s reuni\u00e3o com a Ministra das Mulheres, Aparecida Gon\u00e7alves, a prefeita anunciou a libera\u00e7\u00e3o de R$9.900.000 em recursos para constru\u00e7\u00e3o da Casa da Mulher Brasileira. Margarida anunciou a constru\u00e7\u00e3o do equipamento j\u00e1 em 2025. \u201cFaremos uma reuni\u00e3o com nossa equipe de trabalho, para construirmos, j\u00e1 no ano que vem, esse grande equipamento, que vai oferecer \u00e0s mulheres importantes mecanismos de defesa na luta contra a viol\u00eancia\u201d, destacou a prefeita.<\/p>\n<p>Ainda durante a visita, Margarida tamb\u00e9m se encontrou com a ministra da Sa\u00fade, N\u00edsia Trindade, com quem discutiu a libera\u00e7\u00e3o de recursos do programa \u201cMais Especialidade\u201d, que visa a redu\u00e7\u00e3o de filas para exames, consultas especializadas e cirurgias. Al\u00e9m disso, a prefeita solicitou a libera\u00e7\u00e3o de novas equipes de Agentes Comunit\u00e1rios de Sa\u00fade (ACS), para fortalecer o atendimento inicial, prim\u00e1rio e preventivo na cidade.<\/p>\n","protected":false},"excerpt":{"rendered":"<p>Segundo informa\u00e7\u00f5es do site da Prefeitura de Juiz de Fora (PJF), em visita \u00e0 capital federal entre ter\u00e7a-feira, 15, e quarta-feira, 16, a prefeita Margarida Salom\u00e3o cumpriu uma s\u00e9rie de agendas com o Governo Federal. A redu\u00e7\u00e3o das filas da sa\u00fade especializada e a constru\u00e7\u00e3o da Casa da Mulher Brasileira foram os principais temas discutidos. [&hellip;]<\/p>\n","protected":false},"author":246,"featured_media":225039,"comment_status":"closed","ping_status":"closed","sticky":false,"template":"","format":"standard","meta":{"footnotes":""},"categories":[253,436,440,439],"tags":[],"class_list":["post-225038","post","type-post","status-publish","format-standard","has-post-thumbnail","hentry","category-cidade","category-destaque-da-semana","category-destaques-do-dia","category-ultima-hora"],"_links":{"self":[{"href":"https:\/\/diarioregionaldigital.com.br\/index.php?rest_route=\/wp\/v2\/posts\/225038","targetHints":{"allow":["GET"]}}],"collection":[{"href":"https:\/\/diarioregionaldigital.com.br\/index.php?rest_route=\/wp\/v2\/posts"}],"about":[{"href":"https:\/\/diarioregionaldigital.com.br\/index.php?rest_route=\/wp\/v2\/types\/post"}],"author":[{"embeddable":true,"href":"https:\/\/diarioregionaldigital.com.br\/index.php?rest_route=\/wp\/v2\/users\/246"}],"replies":[{"embeddable":true,"href":"https:\/\/diarioregionaldigital.com.br\/index.php?rest_route=%2Fwp%2Fv2%2Fcomments&post=225038"}],"version-history":[{"count":1,"href":"https:\/\/diarioregionaldigital.com.br\/index.php?rest_route=\/wp\/v2\/posts\/225038\/revisions"}],"predecessor-version":[{"id":225040,"href":"https:\/\/diarioregionaldigital.com.br\/index.php?rest_route=\/wp\/v2\/posts\/225038\/revisions\/225040"}],"wp:featuredmedia":[{"embeddable":true,"href":"https:\/\/diarioregionaldigital.com.br\/index.php?rest_route=\/wp\/v2\/media\/225039"}],"wp:attachment":[{"href":"https:\/\/diarioregionaldigital.com.br\/index.php?rest_route=%2Fwp%2Fv2%2Fmedia&parent=225038"}],"wp:term":[{"taxonomy":"category","embeddable":true,"href":"https:\/\/diarioregionaldigital.com.br\/index.php?rest_route=%2Fwp%2Fv2%2Fcategories&post=225038"},{"taxonomy":"post_tag","embeddable":true,"href":"https:\/\/diarioregionaldigital.com.br\/index.php?rest_route=%2Fwp%2Fv2%2Ftags&post=225038"}],"curies":[{"name":"wp","href":"https:\/\/api.w.org\/{rel}","templated":true}]}}