{"id":225035,"date":"2024-10-17T19:22:53","date_gmt":"2024-10-17T22:22:53","guid":{"rendered":"https:\/\/diarioregionaldigital.com.br\/?p=225035"},"modified":"2024-10-17T19:22:53","modified_gmt":"2024-10-17T22:22:53","slug":"conmebol-confirma-horario-da-final-da-libertadores-feminina","status":"publish","type":"post","link":"https:\/\/diarioregionaldigital.com.br\/?p=225035","title":{"rendered":"Conmebol confirma hor\u00e1rio da final da Libertadores Feminina"},"content":{"rendered":"<p>A Confedera\u00e7\u00e3o Sul-Americana de Futebol (Conmebol) confirmou nesta quinta-feira (17) o hor\u00e1rio da decis\u00e3o da Copa Libertadores de futebol feminino. A final da competi\u00e7\u00e3o continental ser\u00e1 disputada a partir das 17h (hor\u00e1rio de Bras\u00edlia) do pr\u00f3ximo s\u00e1bado (19) no Est\u00e1dio Defensores Del Chaco, em Assun\u00e7\u00e3o (Paraguai).<img decoding=\"async\" src=\"https:\/\/agenciabrasil.ebc.com.br\/ebc.png?id=1615915&amp;o=node\" \/><img decoding=\"async\" src=\"https:\/\/agenciabrasil.ebc.com.br\/ebc.gif?id=1615915&amp;o=node\" \/><\/p>\n<p>As Brabas do Tim\u00e3o garantiram a classifica\u00e7\u00e3o para a decis\u00e3o ap\u00f3s superarem o Boca Juniors (Argentina) por 1 a 0 na \u00faltima ter\u00e7a-feira (15) no Est\u00e1dio Conmebol, situado na cidade de Luque (Paraguai).<\/p>\n<p>O advers\u00e1rio do time do Parque S\u00e3o Jorge na final ser\u00e1 o Santa F\u00e9 (Col\u00f4mbia), que derrotou o Independiente Del Valle Dragonas (Equador) por 4 a 2 nas penalidades m\u00e1ximas ap\u00f3s um empate por 1 a 1 no tempo regulamentar.<\/p>\n<p>As Brabas do Tim\u00e3o jogam para ampliar ainda mais o dom\u00ednio do Brasil na competi\u00e7\u00e3o. Os times brasileiros somam 12 t\u00edtulos em 15 Libertadores femininas disputadas. O Corinthians triunfou em quatro oportunidades, o S\u00e3o Jos\u00e9 em tr\u00eas, Santos e Ferrovi\u00e1ria em duas cada e o Palmeiras em uma.<\/p>\n<div class=\"noticias-relacionadas rel-position rowflex\">\n<div class=\"title abs-position\">Fonte: Ag\u00eancia Brasil<\/div>\n<div class=\"capa-noticia-relacionada\"><\/div>\n<\/div>\n","protected":false},"excerpt":{"rendered":"<p>A Confedera\u00e7\u00e3o Sul-Americana de Futebol (Conmebol) confirmou nesta quinta-feira (17) o hor\u00e1rio da decis\u00e3o da Copa Libertadores de futebol feminino. A final da competi\u00e7\u00e3o continental ser\u00e1 disputada a partir das 17h (hor\u00e1rio de Bras\u00edlia) do pr\u00f3ximo s\u00e1bado (19) no Est\u00e1dio Defensores Del Chaco, em Assun\u00e7\u00e3o (Paraguai). As Brabas do Tim\u00e3o garantiram a classifica\u00e7\u00e3o para a [&hellip;]<\/p>\n","protected":false},"author":246,"featured_media":225036,"comment_status":"closed","ping_status":"closed","sticky":false,"template":"","format":"standard","meta":{"footnotes":""},"categories":[436,440,257,439],"tags":[],"class_list":["post-225035","post","type-post","status-publish","format-standard","has-post-thumbnail","hentry","category-destaque-da-semana","category-destaques-do-dia","category-esporte","category-ultima-hora"],"_links":{"self":[{"href":"https:\/\/diarioregionaldigital.com.br\/index.php?rest_route=\/wp\/v2\/posts\/225035","targetHints":{"allow":["GET"]}}],"collection":[{"href":"https:\/\/diarioregionaldigital.com.br\/index.php?rest_route=\/wp\/v2\/posts"}],"about":[{"href":"https:\/\/diarioregionaldigital.com.br\/index.php?rest_route=\/wp\/v2\/types\/post"}],"author":[{"embeddable":true,"href":"https:\/\/diarioregionaldigital.com.br\/index.php?rest_route=\/wp\/v2\/users\/246"}],"replies":[{"embeddable":true,"href":"https:\/\/diarioregionaldigital.com.br\/index.php?rest_route=%2Fwp%2Fv2%2Fcomments&post=225035"}],"version-history":[{"count":1,"href":"https:\/\/diarioregionaldigital.com.br\/index.php?rest_route=\/wp\/v2\/posts\/225035\/revisions"}],"predecessor-version":[{"id":225037,"href":"https:\/\/diarioregionaldigital.com.br\/index.php?rest_route=\/wp\/v2\/posts\/225035\/revisions\/225037"}],"wp:featuredmedia":[{"embeddable":true,"href":"https:\/\/diarioregionaldigital.com.br\/index.php?rest_route=\/wp\/v2\/media\/225036"}],"wp:attachment":[{"href":"https:\/\/diarioregionaldigital.com.br\/index.php?rest_route=%2Fwp%2Fv2%2Fmedia&parent=225035"}],"wp:term":[{"taxonomy":"category","embeddable":true,"href":"https:\/\/diarioregionaldigital.com.br\/index.php?rest_route=%2Fwp%2Fv2%2Fcategories&post=225035"},{"taxonomy":"post_tag","embeddable":true,"href":"https:\/\/diarioregionaldigital.com.br\/index.php?rest_route=%2Fwp%2Fv2%2Ftags&post=225035"}],"curies":[{"name":"wp","href":"https:\/\/api.w.org\/{rel}","templated":true}]}}