{"id":225032,"date":"2024-10-17T19:11:02","date_gmt":"2024-10-17T22:11:02","guid":{"rendered":"https:\/\/diarioregionaldigital.com.br\/?p=225032"},"modified":"2024-10-17T19:11:02","modified_gmt":"2024-10-17T22:11:02","slug":"governo-de-minas-e-instituicoes-de-justica-inauguram-primeira-obra-de-pavimentacao-de-rodovia-do-acordo-de-reparacao-de-brumadinho","status":"publish","type":"post","link":"https:\/\/diarioregionaldigital.com.br\/?p=225032","title":{"rendered":"Governo de Minas e Institui\u00e7\u00f5es de Justi\u00e7a inauguram primeira obra de pavimenta\u00e7\u00e3o de rodovia do Acordo de Repara\u00e7\u00e3o de Brumadinho"},"content":{"rendered":"<p><main class=\"clear margin-md-bottom-3\"><\/p>\n<div class=\"clear \">\n<p>O\u00a0<a href=\"http:\/\/www.mg.gov.br\/\">Governo de Minas<\/a>, o Minist\u00e9rio P\u00fablico de Minas Gerais (MPMG), o Minist\u00e9rio P\u00fablico Federal (MPF) e a Defensoria P\u00fablica de Minas Gerais (DPMG) inauguraram, nesta quinta-feira (17\/10), a pavimenta\u00e7\u00e3o da rodovia MG-060, em um trecho de 31,7 quil\u00f4metros, entre Esmeraldas e S\u00e3o Jos\u00e9 da Varginha.<\/p>\n<p>O asfaltamento da estrada era uma demanda antiga da regi\u00e3o. A iniciativa foi viabilizada com recursos do Acordo de Repara\u00e7\u00e3o ao rompimento das barragens da Vale, em Brumadinho, e comp\u00f5e o conjunto de sete obras rodovi\u00e1rias da regi\u00e3o atingida, entre elas h\u00e1 outro trecho da MG-060, Papagaios-Pomp\u00e9u.<\/p>\n<p>O governador Romeu Zema, que esteve no local para participar da cerim\u00f4nia de inaugura\u00e7\u00e3o da via, ressaltou que a conclus\u00e3o do asfaltamento vai proporcionar uma mobilidade mais segura para a popula\u00e7\u00e3o, facilitando o acesso aos servi\u00e7os p\u00fablicos e fomentando a economia local.<\/p>\n<p>\u201cEstamos aqui fazendo mais uma entrega, fruto do acordo da trag\u00e9dia de Brumadinho. Sempre ressalto que \u00e9 um recurso que vem do sofrimento dos familiares e amigos das 272 v\u00edtimas. Este era um sonho aguardado por mais de 40 anos pelas cidades do entorno. Essa rodovia trar\u00e1 mais seguran\u00e7a e conforto para os produtores rurais que utilizam essa via, para os estudantes e para todos os que viajam por aqui. \u00c9 a primeira de muitas obras rodovi\u00e1rias que entregaremos nas 26 cidades da Bacia do Paraopeba\u201d, disse.<\/p>\n<p>O investimento para a obra conclu\u00edda foi de R$ 85 milh\u00f5es. A execu\u00e7\u00e3o foi realizada por meio do\u00a0<a href=\"https:\/\/www.der.mg.gov.br\/\" target=\"_blank\" rel=\"noopener\">Departamento de Estradas e Rodagens de Minas Gerais (DER-MG)<\/a>, vinculado \u00e0\u00a0<a href=\"http:\/\/www.infraestrutura.mg.gov.br\/\" target=\"_blank\" rel=\"noopener\">Secretaria de Estado de Infraestrutura, Mobilidade e Parcerias (Seinfra)<\/a>,\u00a0e durou dois anos e dois meses.<\/p>\n<p>A pavimenta\u00e7\u00e3o do trecho foi amplamente priorizada na Consulta Popular pelos moradores de Esmeraldas e de S\u00e3o Jos\u00e9 da Varginha. Al\u00e9m destes dois munic\u00edpios, Maravilhas, Par\u00e1 de Minas e Pequi ser\u00e3o diretamente beneficiados pela melhoria desta estrada na regi\u00e3o atingida.<\/p>\n<p>A estrada \u00e9 fundamental para a expans\u00e3o do agroneg\u00f3cio, beneficiando diretamente os produtores de gado de corte e leite, al\u00e9m dos agricultores que transportam hortifrutigranjeiros para grandes centros, como a Central de Abastecimento de Minas Gerais (CeasaMinas) em Contagem, na Regi\u00e3o Metropolitana de Belo Horizonte, diminuindo custos e ampliando a rentabilidade.<\/p>\n<table border=\"0\" cellspacing=\"1\" cellpadding=\"1\" align=\"center\">\n<tbody>\n<tr>\n<td colspan=\"5\"><img decoding=\"async\" src=\"https:\/\/www.agenciaminas.mg.gov.br\/ckeditor_assets\/pictures\/20949\/content_2_olho_topo.jpg\" alt=\"\" \/><\/td>\n<\/tr>\n<tr>\n<td><\/td>\n<td colspan=\"3\" rowspan=\"3\">\n<h1><strong>&#8220;At\u00e9 o fim da minha gest\u00e3o, teremos uma s\u00e9rie de entregas nesta regi\u00e3o, n\u00e3o apenas de rodovias, mas tamb\u00e9m de outros equipamentos p\u00fablicos, com o objetivo de melhorar a vida do mineiro\u201d, refor\u00e7ou Romeu Zema<\/strong><\/h1>\n<\/td>\n<td><\/td>\n<\/tr>\n<tr>\n<td><\/td>\n<td><\/td>\n<\/tr>\n<tr>\n<td><\/td>\n<td><\/td>\n<\/tr>\n<tr>\n<td colspan=\"5\"><img decoding=\"async\" src=\"https:\/\/www.agenciaminas.mg.gov.br\/ckeditor_assets\/pictures\/20950\/content_2_olho_inferior.jpg\" alt=\"\" \/><\/td>\n<\/tr>\n<\/tbody>\n<\/table>\n<p>\u201cVamos melhorando o atendimento na sa\u00fade, dando melhores condi\u00e7\u00f5es para quem estuda, refor\u00e7ando a seguran\u00e7a p\u00fablica e muito mais.\u00a0Tudo isso est\u00e1 acontecendo em Minas Gerais, e eu fico muito satisfeito de participar ativamente dessas entregas\u201d, acrescentou o governador.<\/p>\n<p><strong>Obras rodovi\u00e1rias da Bacia<\/strong><\/p>\n<p>As obras rodovi\u00e1rias da Bacia do Paraopeba est\u00e3o sendo executadas com recursos do Acordo de Repara\u00e7\u00e3o, seis delas foram definidas ap\u00f3s a Consulta Popular, realizada na regi\u00e3o atingida (veja os trechos abaixo). A s\u00e9tima foi anunciada em agosto deste ano e trata-se da duplica\u00e7\u00e3o da estrada que liga Brumadinho a BR-381 (Fern\u00e3o Dias) em Betim.<\/p>\n<p>O custo estimado para as sete obras \u00e9 de R$ 800 milh\u00f5es.<\/p>\n<p>Cinco destas sete obras est\u00e3o em execu\u00e7\u00e3o, sendo uma j\u00e1 conclu\u00edda. Veja detalhes a seguir:<\/p>\n<ul>\n<li>Melhoramento e pavimenta\u00e7\u00e3o do trecho Esmeraldas \u2013 S\u00e3o Jos\u00e9 da Varginha, na Rodovia MG- 060: iniciado em agosto de 2022 e conclu\u00eddo em outubro de 2024;<\/li>\n<li>Melhoramento e pavimenta\u00e7\u00e3o do trecho Papagaios \u2013 Pomp\u00e9u na Rodovia MG-060: iniciado em fevereiro de 2023;<\/li>\n<li>Asfaltamento da MG 415 at\u00e9 a 040 (Morada Nova de Minas): iniciado em outubro de 2023;<\/li>\n<li>Pavimenta\u00e7\u00e3o do trecho Abaet\u00e9 &#8211; Porto S\u00e3o Vicente (LMG-762): iniciado em julho de 2024;<\/li>\n<li>Pavimenta\u00e7\u00e3o da BR-040 at\u00e9 Distrito de S\u00e3o Jos\u00e9 do Buriti, em Felixl\u00e2ndia (AMG-930): iniciado em setembro de 2024;<\/li>\n<li>Ponte sobre o Rio Paraopeba em Papagaios: o<em>bra ainda n\u00e3o iniciada, projeto executivo em elabora\u00e7\u00e3o<\/em>;<\/li>\n<li>Estrada de liga\u00e7\u00e3o do Distrito Industrial de Brumadinho \u00e0 BR-381:\u00a0<em>obra ainda n\u00e3o iniciada, aguarda decis\u00e3o judicial autorizando o formato de execu\u00e7\u00e3o e financiamento proposto<\/em>.<\/li>\n<\/ul>\n<p><strong>Repara\u00e7\u00e3o socioecon\u00f4mica<\/strong><\/p>\n<p>As a\u00e7\u00f5es de repara\u00e7\u00e3o socioecon\u00f4mica abrangem Brumadinho e outros 25 munic\u00edpios da regi\u00e3o atingida pelo rompimento das barragens da Vale. Dentre elas est\u00e3o as iniciativas para fortalecimento do servi\u00e7o p\u00fablico (Anexos I.3 e I.4 do Acordo Judicial), que contam com a\u00e7\u00f5es emergenciais e as definidas na Consulta Popular nas \u00e1reas de sa\u00fade, infraestrutura, agricultura, educa\u00e7\u00e3o, economia, esporte e lazer, entre outras.<\/p>\n<p>O rompimento em Brumadinho tirou a vida de 272 pessoas e gerou uma s\u00e9rie de impactos sociais, econ\u00f4micos e ambientais.<\/p>\n<p>A tesoureira e representante da Associa\u00e7\u00e3o dos Familiares de V\u00edtimas e Atingidos pelo Rompimento da Barragem Mina C\u00f3rrego do Feij\u00e3o (Avabrum), Alexandra Andrade, parabenizou o Governo de Minas e as institui\u00e7\u00f5es de Justi\u00e7a pela entrega da obra.<\/p>\n<p>\u201cGostaria de parabenizar pela inaugura\u00e7\u00e3o da obra aqui. \u00c9 muito importante para n\u00f3s vermos que o dinheiro de um acordo, resultante da trag\u00e9dia, ajudando a melhorar um pouco a qualidade de vida dos mineiros. \u00c9 um recurso que est\u00e1 sendo bem utilizado. Para n\u00f3s, \u00e9 fundamental ver que esse dinheiro n\u00e3o est\u00e1 guardado nos cofres p\u00fablicos, nem sendo desviado para onde n\u00e3o deveria ir, porque acreditamos que ele deve ser gasto com os verdadeiros atingidos\u201d, disse.<\/p>\n<p>Fonte: Ag\u00eancia Minas<\/p>\n<\/div>\n<p><\/main><\/p>\n","protected":false},"excerpt":{"rendered":"<p>O\u00a0Governo de Minas, o Minist\u00e9rio P\u00fablico de Minas Gerais (MPMG), o Minist\u00e9rio P\u00fablico Federal (MPF) e a Defensoria P\u00fablica de Minas Gerais (DPMG) inauguraram, nesta quinta-feira (17\/10), a pavimenta\u00e7\u00e3o da rodovia MG-060, em um trecho de 31,7 quil\u00f4metros, entre Esmeraldas e S\u00e3o Jos\u00e9 da Varginha. O asfaltamento da estrada era uma demanda antiga da regi\u00e3o. [&hellip;]<\/p>\n","protected":false},"author":246,"featured_media":225033,"comment_status":"closed","ping_status":"closed","sticky":false,"template":"","format":"standard","meta":{"footnotes":""},"categories":[436,440,261,254,252,439],"tags":[],"class_list":["post-225032","post","type-post","status-publish","format-standard","has-post-thumbnail","hentry","category-destaque-da-semana","category-destaques-do-dia","category-economia","category-politica","category-regiao","category-ultima-hora"],"_links":{"self":[{"href":"https:\/\/diarioregionaldigital.com.br\/index.php?rest_route=\/wp\/v2\/posts\/225032","targetHints":{"allow":["GET"]}}],"collection":[{"href":"https:\/\/diarioregionaldigital.com.br\/index.php?rest_route=\/wp\/v2\/posts"}],"about":[{"href":"https:\/\/diarioregionaldigital.com.br\/index.php?rest_route=\/wp\/v2\/types\/post"}],"author":[{"embeddable":true,"href":"https:\/\/diarioregionaldigital.com.br\/index.php?rest_route=\/wp\/v2\/users\/246"}],"replies":[{"embeddable":true,"href":"https:\/\/diarioregionaldigital.com.br\/index.php?rest_route=%2Fwp%2Fv2%2Fcomments&post=225032"}],"version-history":[{"count":1,"href":"https:\/\/diarioregionaldigital.com.br\/index.php?rest_route=\/wp\/v2\/posts\/225032\/revisions"}],"predecessor-version":[{"id":225034,"href":"https:\/\/diarioregionaldigital.com.br\/index.php?rest_route=\/wp\/v2\/posts\/225032\/revisions\/225034"}],"wp:featuredmedia":[{"embeddable":true,"href":"https:\/\/diarioregionaldigital.com.br\/index.php?rest_route=\/wp\/v2\/media\/225033"}],"wp:attachment":[{"href":"https:\/\/diarioregionaldigital.com.br\/index.php?rest_route=%2Fwp%2Fv2%2Fmedia&parent=225032"}],"wp:term":[{"taxonomy":"category","embeddable":true,"href":"https:\/\/diarioregionaldigital.com.br\/index.php?rest_route=%2Fwp%2Fv2%2Fcategories&post=225032"},{"taxonomy":"post_tag","embeddable":true,"href":"https:\/\/diarioregionaldigital.com.br\/index.php?rest_route=%2Fwp%2Fv2%2Ftags&post=225032"}],"curies":[{"name":"wp","href":"https:\/\/api.w.org\/{rel}","templated":true}]}}