{"id":225029,"date":"2024-10-17T19:09:55","date_gmt":"2024-10-17T22:09:55","guid":{"rendered":"https:\/\/diarioregionaldigital.com.br\/?p=225029"},"modified":"2024-10-17T19:09:55","modified_gmt":"2024-10-17T22:09:55","slug":"subestacao-inhauma-reforca-fornecimento-de-energia-para-mais-de-15-mil-residencias-e-empresas-na-regiao-de-sete-lagoas","status":"publish","type":"post","link":"https:\/\/diarioregionaldigital.com.br\/?p=225029","title":{"rendered":"Subesta\u00e7\u00e3o Inha\u00fama refor\u00e7a fornecimento de energia para mais de 15 mil resid\u00eancias e empresas na regi\u00e3o de Sete Lagoas"},"content":{"rendered":"<p><main class=\"clear margin-md-bottom-3\"><\/p>\n<div class=\"clear \">\n<p>O\u00a0<a href=\"http:\/\/www.mg.gov.br\/\" target=\"_blank\" rel=\"noopener\">Governo de Minas<\/a>\u00a0vistoriou, nesta quinta-feira (17\/10), as instala\u00e7\u00f5es da Subesta\u00e7\u00e3o (SE) Inha\u00fama 1 da\u00a0<a href=\"http:\/\/www.cemig.com.br\/\" target=\"_blank\" rel=\"noopener\">Companhia Energ\u00e9tica de Minas Gerais (Cemig)<\/a>,\u00a0na cidade hom\u00f4nima, na regi\u00e3o Central de Minas.<\/p>\n<p>Integrante do programa Mais Energia, a esta\u00e7\u00e3o entrou em opera\u00e7\u00e3o no final de 2023, trazendo melhorias significativas ao sistema el\u00e9trico da regi\u00e3o.<\/p>\n<p>Com um investimento de mais de R$ 31 milh\u00f5es, a nova subesta\u00e7\u00e3o \u00e9 conectada ao sistema el\u00e9trico por meio de 13 quil\u00f4metros de linhas de distribui\u00e7\u00e3o a\u00e9rea, interligando-a \u00e0 SE Sete Lagoas 4.<\/p>\n<p>O governador Romeu Zema, que esteve no local para verificar as instala\u00e7\u00f5es, destacou a melhoria no fornecimento de energia para a regi\u00e3o.<\/p>\n<p>\u201cEstou aqui fazendo a vistoria de mais uma subesta\u00e7\u00e3o da Cemig, desta vez no munic\u00edpio de Inha\u00fama. Esse investimento visa melhorar o fornecimento de energia na regi\u00e3o pr\u00f3xima de Sete Lagoas, onde h\u00e1 uma constante atra\u00e7\u00e3o de novas ind\u00fastrias e um crescimento na produ\u00e7\u00e3o agr\u00edcola&#8221;, disse o governador.<\/p>\n<p>&nbsp;<\/p>\n<table border=\"0\" cellspacing=\"1\" cellpadding=\"1\" align=\"center\">\n<tbody>\n<tr>\n<td colspan=\"5\"><img decoding=\"async\" src=\"https:\/\/www.agenciaminas.mg.gov.br\/ckeditor_assets\/pictures\/20949\/content_2_olho_topo.jpg\" alt=\"\" \/><\/td>\n<\/tr>\n<tr>\n<td><\/td>\n<td colspan=\"3\" rowspan=\"3\">\n<h1><strong>&#8220;Vale lembrar que esta \u00e9 apenas uma das mais de 200 subesta\u00e7\u00f5es que a Cemig est\u00e1 construindo durante a nossa gest\u00e3o, com o objetivo de resolver de forma definitiva os problemas de baixa qualidade e falta de energia no estado\u201d, ressaltou Romeu Zema.<\/strong><\/h1>\n<\/td>\n<td><\/td>\n<\/tr>\n<tr>\n<td><\/td>\n<td><\/td>\n<\/tr>\n<tr>\n<td><\/td>\n<td><\/td>\n<\/tr>\n<tr>\n<td colspan=\"5\"><img decoding=\"async\" src=\"https:\/\/www.agenciaminas.mg.gov.br\/ckeditor_assets\/pictures\/20950\/content_2_olho_inferior.jpg\" alt=\"\" \/><\/td>\n<\/tr>\n<\/tbody>\n<\/table>\n<p><strong>Mais estabilidade<\/strong><\/p>\n<p>Com capacidade de 15 MVA, a SE Inha\u00fama 1 ampliou o fornecimento de energia el\u00e9trica para o munic\u00edpio de Inha\u00fama e outras localidades, como Cachoeira da Prata, Fortuna de Minas, Papagaios e Sete Lagoas. Ao todo, cerca de 15 mil resid\u00eancias e empresas foram beneficiadas, direta ou indiretamente, pelo refor\u00e7o no abastecimento de energia, que atende \u00e0s crescentes demandas da regi\u00e3o, marcada pela expans\u00e3o da produ\u00e7\u00e3o agr\u00edcola e pela atra\u00e7\u00e3o de novas ind\u00fastrias.<\/p>\n<figure class=\"image\"><img decoding=\"async\" src=\"https:\/\/www.agenciaminas.mg.gov.br\/ckeditor_assets\/pictures\/21847\/content_mg_4324.jpg\" alt=\"\" \/><figcaption><sub><em>Cristiano Machado \/ Imprensa MG<\/em><\/sub><\/figcaption><\/figure>\n<p>Al\u00e9m de garantir maior estabilidade no fornecimento de energia, a subesta\u00e7\u00e3o faz parte dos esfor\u00e7os cont\u00ednuos do programa Mais Energia, que visa modernizar e expandir a infraestrutura el\u00e9trica em diversas regi\u00f5es de Minas Gerais. Algumas obras complementares na SE Inha\u00fama 1, como a finaliza\u00e7\u00e3o da concretagem dos taludes e o dep\u00f3sito de materiais, est\u00e3o em andamento e t\u00eam previs\u00e3o de conclus\u00e3o ainda em 2024.<\/p>\n<p>O programa Mais Energia, da Cemig, est\u00e1 focado em melhorar a qualidade do servi\u00e7o prestado \u00e0 popula\u00e7\u00e3o mineira, fortalecendo o sistema el\u00e9trico e impulsionando o desenvolvimento regional.<\/p>\n<p>\u201cEstamos seguindo a orienta\u00e7\u00e3o do Governo de Minas de transformar a Cemig em um motor do desenvolvimento do estado. Todo o esfor\u00e7o que estamos fazendo \u00e9 para investir integralmente em Minas. Al\u00e9m disso, estamos investindo na \u00e1rea rural com o programa &#8216;Minas Trif\u00e1sico&#8217;, que prev\u00ea a convers\u00e3o de 30 mil quil\u00f4metros de rede rural monof\u00e1sica em trif\u00e1sica. Temos um programa muito grande e hist\u00f3rico para que a Cemig volte a ser protagonista no desenvolvimento de Minas\u201d, afirmou o presidente da Cemig, Reynaldo Passanezi.<\/p>\n<p>Fonte: Ag\u00eancia Minas<\/p>\n<\/div>\n<p><\/main><\/p>\n","protected":false},"excerpt":{"rendered":"<p>O\u00a0Governo de Minas\u00a0vistoriou, nesta quinta-feira (17\/10), as instala\u00e7\u00f5es da Subesta\u00e7\u00e3o (SE) Inha\u00fama 1 da\u00a0Companhia Energ\u00e9tica de Minas Gerais (Cemig),\u00a0na cidade hom\u00f4nima, na regi\u00e3o Central de Minas. Integrante do programa Mais Energia, a esta\u00e7\u00e3o entrou em opera\u00e7\u00e3o no final de 2023, trazendo melhorias significativas ao sistema el\u00e9trico da regi\u00e3o. Com um investimento de mais de R$ [&hellip;]<\/p>\n","protected":false},"author":246,"featured_media":225030,"comment_status":"closed","ping_status":"closed","sticky":false,"template":"","format":"standard","meta":{"footnotes":""},"categories":[436,440,261,254,252,439],"tags":[],"class_list":["post-225029","post","type-post","status-publish","format-standard","has-post-thumbnail","hentry","category-destaque-da-semana","category-destaques-do-dia","category-economia","category-politica","category-regiao","category-ultima-hora"],"_links":{"self":[{"href":"https:\/\/diarioregionaldigital.com.br\/index.php?rest_route=\/wp\/v2\/posts\/225029","targetHints":{"allow":["GET"]}}],"collection":[{"href":"https:\/\/diarioregionaldigital.com.br\/index.php?rest_route=\/wp\/v2\/posts"}],"about":[{"href":"https:\/\/diarioregionaldigital.com.br\/index.php?rest_route=\/wp\/v2\/types\/post"}],"author":[{"embeddable":true,"href":"https:\/\/diarioregionaldigital.com.br\/index.php?rest_route=\/wp\/v2\/users\/246"}],"replies":[{"embeddable":true,"href":"https:\/\/diarioregionaldigital.com.br\/index.php?rest_route=%2Fwp%2Fv2%2Fcomments&post=225029"}],"version-history":[{"count":1,"href":"https:\/\/diarioregionaldigital.com.br\/index.php?rest_route=\/wp\/v2\/posts\/225029\/revisions"}],"predecessor-version":[{"id":225031,"href":"https:\/\/diarioregionaldigital.com.br\/index.php?rest_route=\/wp\/v2\/posts\/225029\/revisions\/225031"}],"wp:featuredmedia":[{"embeddable":true,"href":"https:\/\/diarioregionaldigital.com.br\/index.php?rest_route=\/wp\/v2\/media\/225030"}],"wp:attachment":[{"href":"https:\/\/diarioregionaldigital.com.br\/index.php?rest_route=%2Fwp%2Fv2%2Fmedia&parent=225029"}],"wp:term":[{"taxonomy":"category","embeddable":true,"href":"https:\/\/diarioregionaldigital.com.br\/index.php?rest_route=%2Fwp%2Fv2%2Fcategories&post=225029"},{"taxonomy":"post_tag","embeddable":true,"href":"https:\/\/diarioregionaldigital.com.br\/index.php?rest_route=%2Fwp%2Fv2%2Ftags&post=225029"}],"curies":[{"name":"wp","href":"https:\/\/api.w.org\/{rel}","templated":true}]}}