{"id":225027,"date":"2024-10-17T14:41:44","date_gmt":"2024-10-17T17:41:44","guid":{"rendered":"https:\/\/diarioregionaldigital.com.br\/?p=225027"},"modified":"2024-10-17T14:41:44","modified_gmt":"2024-10-17T17:41:44","slug":"extrato-de-contrato-079-17-10-2024","status":"publish","type":"post","link":"https:\/\/diarioregionaldigital.com.br\/?p=225027","title":{"rendered":"EXTRATO DE CONTRATO 079 &#8211; 17\/10\/2024"},"content":{"rendered":"<p class=\"s2\" style=\"text-align: center;\">\n<p class=\"s2\" style=\"text-align: center;\"><span class=\"s3\"><span class=\"bumpedFont17\">EXTRATO DE CONTRATO<\/span><\/span><\/p>\n<p class=\"s2\" style=\"text-align: center;\">\n<p class=\"s4\" style=\"text-align: center;\"><span class=\"s3\"><span class=\"bumpedFont17\">Pref. Municipal de Descoberto x<\/span><\/span> <span class=\"s3\"><span class=\"bumpedFont17\">Eletrifica\u00e7\u00e3o &amp; Servi\u00e7os de Muria\u00e9 Ltda <\/span><\/span><span class=\"s3\"><span class=\"bumpedFont17\">&#8211; Objeto: <\/span><\/span><span class=\"s3\"><span class=\"bumpedFont17\">C<\/span><\/span><span class=\"s3\"><span class=\"bumpedFont17\">ontrata\u00e7\u00e3o direta de empresa para a presta\u00e7\u00e3o de servi\u00e7os de extens\u00e3o de rede de MT e BT para ilumina\u00e7\u00e3o p\u00fablica com fornecimento de materiais, m\u00e3o de obra especializada e mecanizada, responsabilidade com pessoal, transporte, \u00a0projeto aprovado na concession\u00e1ria de energia e CREA, na Rua Jo\u00e3o Maria de Oliveira<\/span><\/span><span class=\"s3\"><span class=\"bumpedFont17\">&#8211; <\/span><\/span><span class=\"s3\"><span class=\"bumpedFont17\">Fundamento:<\/span><\/span> <span class=\"s3\"><span class=\"bumpedFont17\">Dispensa Presencial<\/span><\/span> <span class=\"s3\"><span class=\"bumpedFont17\">n\u00ba <\/span><\/span><span class=\"s3\"><span class=\"bumpedFont17\">0<\/span><\/span><span class=\"s3\"><span class=\"bumpedFont17\">21<\/span><\/span><span class=\"s3\"><span class=\"bumpedFont17\">\/<\/span><\/span><span class=\"s3\"><span class=\"bumpedFont17\">2024<\/span><\/span> <span class=\"s3\"><span class=\"bumpedFont17\">&#8211; <\/span><\/span><span class=\"s3\"><span class=\"bumpedFont17\">Valor Global: <\/span><\/span><span class=\"s3\"><span class=\"bumpedFont17\">R$<\/span><\/span> <span class=\"s3\"><span class=\"bumpedFont17\">47.500,00<\/span><\/span> <span class=\"s3\"><span class=\"bumpedFont17\">&#8211; <\/span><\/span><span class=\"s3\"><span class=\"bumpedFont17\">Vig\u00eancia: <\/span><\/span><span class=\"s3\"><span class=\"bumpedFont17\">12 meses<\/span><\/span> <span class=\"s3\"><span class=\"bumpedFont17\">&#8211; \u00a0<\/span><\/span><span class=\"s3\"><span class=\"bumpedFont17\">Dot<\/span><\/span> <span class=\"s3\"><span class=\"bumpedFont17\">or\u00e7<\/span><\/span><span class=\"s3\"><span class=\"bumpedFont17\">:<\/span><\/span><span class=\"s3\"><span class=\"bumpedFont17\">02.006.000.25.752.0010.1119.449051.00\/150<\/span><\/span><span class=\"s3\"><span class=\"bumpedFont17\">&#8211; <\/span><\/span><span class=\"s3\"><span class=\"bumpedFont17\">Ass<\/span><\/span><span class=\"s3\"><span class=\"bumpedFont17\">:<\/span><\/span> <span class=\"s3\"><span class=\"bumpedFont17\">17<\/span><\/span><span class=\"s3\"><span class=\"bumpedFont17\">\/10<\/span><\/span><span class=\"s3\"><span class=\"bumpedFont17\">\/2024<\/span><\/span> <span class=\"s3\"><span class=\"bumpedFont17\">&#8211; Foro: S\u00e3o Jo\u00e3o Nepomuceno\/MG.<\/span><\/span><\/p>\n<p class=\"s4\" style=\"text-align: center;\">\n<p class=\"s4\" style=\"text-align: center;\">\n<p class=\"s4\" style=\"text-align: center;\">\n<p class=\"s4\" style=\"text-align: center;\">\n<p class=\"s2\" style=\"text-align: center;\">\n<p class=\"s2\" style=\"text-align: center;\"><span class=\"s3\"><span class=\"bumpedFont17\">Marcos de Ara\u00fajo Lima<\/span><\/span><\/p>\n<p class=\"s2\" style=\"text-align: center;\"><span class=\"s3\"><span class=\"bumpedFont17\">Prefeito <\/span><\/span><span class=\"s3\"><span class=\"bumpedFont17\">Municipal <\/span><\/span><\/p>\n<p class=\"s4\" style=\"text-align: center;\">\u200b<\/p>\n","protected":false},"excerpt":{"rendered":"<p>EXTRATO DE CONTRATO Pref. Municipal de Descoberto x Eletrifica\u00e7\u00e3o &amp; Servi\u00e7os de Muria\u00e9 Ltda &#8211; Objeto: Contrata\u00e7\u00e3o direta de empresa para a presta\u00e7\u00e3o de servi\u00e7os de extens\u00e3o de rede de MT e BT para ilumina\u00e7\u00e3o p\u00fablica com fornecimento de materiais, m\u00e3o de obra especializada e mecanizada, responsabilidade com pessoal, transporte, \u00a0projeto aprovado na concession\u00e1ria de [&hellip;]<\/p>\n","protected":false},"author":246,"featured_media":0,"comment_status":"closed","ping_status":"closed","sticky":false,"template":"","format":"standard","meta":{"footnotes":""},"categories":[307],"tags":[],"class_list":["post-225027","post","type-post","status-publish","format-standard","hentry","category-editais"],"_links":{"self":[{"href":"https:\/\/diarioregionaldigital.com.br\/index.php?rest_route=\/wp\/v2\/posts\/225027","targetHints":{"allow":["GET"]}}],"collection":[{"href":"https:\/\/diarioregionaldigital.com.br\/index.php?rest_route=\/wp\/v2\/posts"}],"about":[{"href":"https:\/\/diarioregionaldigital.com.br\/index.php?rest_route=\/wp\/v2\/types\/post"}],"author":[{"embeddable":true,"href":"https:\/\/diarioregionaldigital.com.br\/index.php?rest_route=\/wp\/v2\/users\/246"}],"replies":[{"embeddable":true,"href":"https:\/\/diarioregionaldigital.com.br\/index.php?rest_route=%2Fwp%2Fv2%2Fcomments&post=225027"}],"version-history":[{"count":1,"href":"https:\/\/diarioregionaldigital.com.br\/index.php?rest_route=\/wp\/v2\/posts\/225027\/revisions"}],"predecessor-version":[{"id":225028,"href":"https:\/\/diarioregionaldigital.com.br\/index.php?rest_route=\/wp\/v2\/posts\/225027\/revisions\/225028"}],"wp:attachment":[{"href":"https:\/\/diarioregionaldigital.com.br\/index.php?rest_route=%2Fwp%2Fv2%2Fmedia&parent=225027"}],"wp:term":[{"taxonomy":"category","embeddable":true,"href":"https:\/\/diarioregionaldigital.com.br\/index.php?rest_route=%2Fwp%2Fv2%2Fcategories&post=225027"},{"taxonomy":"post_tag","embeddable":true,"href":"https:\/\/diarioregionaldigital.com.br\/index.php?rest_route=%2Fwp%2Fv2%2Ftags&post=225027"}],"curies":[{"name":"wp","href":"https:\/\/api.w.org\/{rel}","templated":true}]}}