{"id":225010,"date":"2024-10-16T20:16:35","date_gmt":"2024-10-16T23:16:35","guid":{"rendered":"https:\/\/diarioregionaldigital.com.br\/?p=225010"},"modified":"2024-10-16T20:16:35","modified_gmt":"2024-10-16T23:16:35","slug":"pjf-realiza-torneio-internucleos-do-projeto-bom-de-bola","status":"publish","type":"post","link":"https:\/\/diarioregionaldigital.com.br\/?p=225010","title":{"rendered":"PJF realiza Torneio Intern\u00facleos do projeto Bom de Bola"},"content":{"rendered":"<p>Segundo informa\u00e7\u00f5es do site da Prefeitura de Juiz de Fora (PJF), neste s\u00e1bado, 19, na CAEM S\u00e3o Benedito, acontece a primeira rodada do Torneio Intern\u00facleos do projeto Bom de Bola, promovido pela Secretaria de Esporte e Lazer (SEL), da Prefeitura de Juiz de Fora (PJF). A competi\u00e7\u00e3o ser\u00e1 realizada no formato de dupla eliminat\u00f3ria e \u00e9 destinada para a categoria sub-17.<\/p>\n<p>&nbsp;<\/p>\n<p>O primeiro dia de jogos contar\u00e1 com quatro partidas, tendo in\u00edcio \u00e0s 9h e se encerrando \u00e0s 12h30. Participam do campeonato todos os dez n\u00facleos do programa Bom de Bola: Barreira, Comerci\u00e1rios, Progresso, Santa Rita, Nova Uni\u00e3o, Parque Municipal, S\u00e3o Dami\u00e3o, S\u00e3o Benedito, Nova Era e Vila Ideal. No final est\u00e3o os jogos do final de semana<\/p>\n<p>&nbsp;<\/p>\n<p>Al\u00e9m do Intern\u00facleos, nos meses de novembro e dezembro acontecem as finais da Copa Bom de Bola 2024 nas categorias: sub-09, sub-11, sub-13, sub-15 e sub-17. A fase classificat\u00f3ria da copa foi disputada no primeiro semestre.<\/p>\n<p>&nbsp;<\/p>\n<p><strong>Confira abaixo a programa\u00e7\u00e3o da primeira rodada:<\/strong><\/p>\n<p>&nbsp;<\/p>\n<p>09h-Barreira x Comerci\u00e1rios<\/p>\n<p>&nbsp;<\/p>\n<p>10h10-Progresso\u00a0 x Santa Rita<\/p>\n<p>&nbsp;<\/p>\n<p>11h20- Nova Uni\u00e3o x Parque<\/p>\n<p>&nbsp;<\/p>\n<p>12h30-S\u00e3o Dami\u00e3o x S\u00e3o Benedito<\/p>\n","protected":false},"excerpt":{"rendered":"<p>Segundo informa\u00e7\u00f5es do site da Prefeitura de Juiz de Fora (PJF), neste s\u00e1bado, 19, na CAEM S\u00e3o Benedito, acontece a primeira rodada do Torneio Intern\u00facleos do projeto Bom de Bola, promovido pela Secretaria de Esporte e Lazer (SEL), da Prefeitura de Juiz de Fora (PJF). A competi\u00e7\u00e3o ser\u00e1 realizada no formato de dupla eliminat\u00f3ria e [&hellip;]<\/p>\n","protected":false},"author":246,"featured_media":225011,"comment_status":"closed","ping_status":"closed","sticky":false,"template":"","format":"standard","meta":{"footnotes":""},"categories":[253,436,439],"tags":[],"class_list":["post-225010","post","type-post","status-publish","format-standard","has-post-thumbnail","hentry","category-cidade","category-destaque-da-semana","category-ultima-hora"],"_links":{"self":[{"href":"https:\/\/diarioregionaldigital.com.br\/index.php?rest_route=\/wp\/v2\/posts\/225010","targetHints":{"allow":["GET"]}}],"collection":[{"href":"https:\/\/diarioregionaldigital.com.br\/index.php?rest_route=\/wp\/v2\/posts"}],"about":[{"href":"https:\/\/diarioregionaldigital.com.br\/index.php?rest_route=\/wp\/v2\/types\/post"}],"author":[{"embeddable":true,"href":"https:\/\/diarioregionaldigital.com.br\/index.php?rest_route=\/wp\/v2\/users\/246"}],"replies":[{"embeddable":true,"href":"https:\/\/diarioregionaldigital.com.br\/index.php?rest_route=%2Fwp%2Fv2%2Fcomments&post=225010"}],"version-history":[{"count":1,"href":"https:\/\/diarioregionaldigital.com.br\/index.php?rest_route=\/wp\/v2\/posts\/225010\/revisions"}],"predecessor-version":[{"id":225012,"href":"https:\/\/diarioregionaldigital.com.br\/index.php?rest_route=\/wp\/v2\/posts\/225010\/revisions\/225012"}],"wp:featuredmedia":[{"embeddable":true,"href":"https:\/\/diarioregionaldigital.com.br\/index.php?rest_route=\/wp\/v2\/media\/225011"}],"wp:attachment":[{"href":"https:\/\/diarioregionaldigital.com.br\/index.php?rest_route=%2Fwp%2Fv2%2Fmedia&parent=225010"}],"wp:term":[{"taxonomy":"category","embeddable":true,"href":"https:\/\/diarioregionaldigital.com.br\/index.php?rest_route=%2Fwp%2Fv2%2Fcategories&post=225010"},{"taxonomy":"post_tag","embeddable":true,"href":"https:\/\/diarioregionaldigital.com.br\/index.php?rest_route=%2Fwp%2Fv2%2Ftags&post=225010"}],"curies":[{"name":"wp","href":"https:\/\/api.w.org\/{rel}","templated":true}]}}