{"id":225007,"date":"2024-10-16T20:15:07","date_gmt":"2024-10-16T23:15:07","guid":{"rendered":"https:\/\/diarioregionaldigital.com.br\/?p=225007"},"modified":"2024-10-16T20:15:07","modified_gmt":"2024-10-16T23:15:07","slug":"procon-interdita-loja-de-eletronicos-por-concessao-ilegal-de-credito-e-praticas-abusivas","status":"publish","type":"post","link":"https:\/\/diarioregionaldigital.com.br\/?p=225007","title":{"rendered":"Procon interdita loja de eletr\u00f4nicos por concess\u00e3o ilegal de cr\u00e9dito e pr\u00e1ticas abusivas"},"content":{"rendered":"<p>Segundo informa\u00e7\u00f5es do site da Prefeitura de Juiz de Fora (PJF), nesta quarta-feira, 16, a Ag\u00eancia de Prote\u00e7\u00e3o e Defesa do Consumidor (Procon) da Prefeitura de Juiz de Fora (PJF) interditou a loja \u201cCasa do Celular\u201d por pr\u00e1ticas abusivas e concess\u00e3o ilegal de cr\u00e9dito. O estabelecimento, localizado na Rua Batista de Oliveira, j\u00e1 havia recebido uma notifica\u00e7\u00e3o do Procon e estava funcionando em descumprimento \u00e0s ordens.<\/p>\n<p>&nbsp;<\/p>\n<p>Os fiscais de postura identificaram as pr\u00e1ticas de concess\u00e3o de cr\u00e9dito para negativados e de incentivo a uso irrespons\u00e1vel do FGTS para compra de aparelhos celulares, que s\u00e3o consideradas irregulares pelo C\u00f3digo de Defesa do Consumidor (CDC). Al\u00e9m disso, a loja tamb\u00e9m fazia a intermedia\u00e7\u00e3o de servi\u00e7o de cart\u00e3o de cr\u00e9dito para o qual n\u00e3o possui licen\u00e7a junto \u00e0 Secretaria de Sustentabilidade em Meio Ambiente e Atividades Urbanas (Sesmaur).<\/p>\n<p>&nbsp;<\/p>\n<p>Todas essas pr\u00e1ticas j\u00e1 constavam em notifica\u00e7\u00e3o pr\u00e9via que exigia a suspens\u00e3o das atividades de concess\u00e3o de cr\u00e9dito irregular, a remo\u00e7\u00e3o da publicidade abusiva e a promo\u00e7\u00e3o de contrapropaganda na mesma forma, frequ\u00eancia e dimens\u00e3o e, preferencialmente no mesmo ve\u00edculo, local, espa\u00e7o e hor\u00e1rio da publicidade abusiva. A loja est\u00e1 lacrada e s\u00f3 poder\u00e1 ser reaberta quando comprovado que todas as solicita\u00e7\u00f5es feitas pelo Procon foram cumpridas.<\/p>\n","protected":false},"excerpt":{"rendered":"<p>Segundo informa\u00e7\u00f5es do site da Prefeitura de Juiz de Fora (PJF), nesta quarta-feira, 16, a Ag\u00eancia de Prote\u00e7\u00e3o e Defesa do Consumidor (Procon) da Prefeitura de Juiz de Fora (PJF) interditou a loja \u201cCasa do Celular\u201d por pr\u00e1ticas abusivas e concess\u00e3o ilegal de cr\u00e9dito. O estabelecimento, localizado na Rua Batista de Oliveira, j\u00e1 havia recebido [&hellip;]<\/p>\n","protected":false},"author":246,"featured_media":225008,"comment_status":"closed","ping_status":"closed","sticky":false,"template":"","format":"standard","meta":{"footnotes":""},"categories":[253,436,440,439],"tags":[],"class_list":["post-225007","post","type-post","status-publish","format-standard","has-post-thumbnail","hentry","category-cidade","category-destaque-da-semana","category-destaques-do-dia","category-ultima-hora"],"_links":{"self":[{"href":"https:\/\/diarioregionaldigital.com.br\/index.php?rest_route=\/wp\/v2\/posts\/225007","targetHints":{"allow":["GET"]}}],"collection":[{"href":"https:\/\/diarioregionaldigital.com.br\/index.php?rest_route=\/wp\/v2\/posts"}],"about":[{"href":"https:\/\/diarioregionaldigital.com.br\/index.php?rest_route=\/wp\/v2\/types\/post"}],"author":[{"embeddable":true,"href":"https:\/\/diarioregionaldigital.com.br\/index.php?rest_route=\/wp\/v2\/users\/246"}],"replies":[{"embeddable":true,"href":"https:\/\/diarioregionaldigital.com.br\/index.php?rest_route=%2Fwp%2Fv2%2Fcomments&post=225007"}],"version-history":[{"count":1,"href":"https:\/\/diarioregionaldigital.com.br\/index.php?rest_route=\/wp\/v2\/posts\/225007\/revisions"}],"predecessor-version":[{"id":225009,"href":"https:\/\/diarioregionaldigital.com.br\/index.php?rest_route=\/wp\/v2\/posts\/225007\/revisions\/225009"}],"wp:featuredmedia":[{"embeddable":true,"href":"https:\/\/diarioregionaldigital.com.br\/index.php?rest_route=\/wp\/v2\/media\/225008"}],"wp:attachment":[{"href":"https:\/\/diarioregionaldigital.com.br\/index.php?rest_route=%2Fwp%2Fv2%2Fmedia&parent=225007"}],"wp:term":[{"taxonomy":"category","embeddable":true,"href":"https:\/\/diarioregionaldigital.com.br\/index.php?rest_route=%2Fwp%2Fv2%2Fcategories&post=225007"},{"taxonomy":"post_tag","embeddable":true,"href":"https:\/\/diarioregionaldigital.com.br\/index.php?rest_route=%2Fwp%2Fv2%2Ftags&post=225007"}],"curies":[{"name":"wp","href":"https:\/\/api.w.org\/{rel}","templated":true}]}}