{"id":225004,"date":"2024-10-16T20:13:39","date_gmt":"2024-10-16T23:13:39","guid":{"rendered":"https:\/\/diarioregionaldigital.com.br\/?p=225004"},"modified":"2024-10-16T20:13:39","modified_gmt":"2024-10-16T23:13:39","slug":"volei-de-praia-andre-e-george-anunciam-fim-da-dupla-criada-ha-6-anos","status":"publish","type":"post","link":"https:\/\/diarioregionaldigital.com.br\/?p=225004","title":{"rendered":"V\u00f4lei de praia: Andr\u00e9 e George anunciam fim da dupla criada h\u00e1 6 anos"},"content":{"rendered":"<p>Ap\u00f3s seis anos repletos de medalhas e t\u00edtulos para o\u00a0v\u00f4lei de praia brasileiro, a dupla Andr\u00e9 e George anunciou o fim da parceira em comunicado publicado nas redes sociais nesta quarta-feira (16). Eles se despediram da torcida ao longo da etapa do circuito mundial em Jo\u00e3o Pessoa (Para\u00edba), que come\u00e7ou hoje e segue at\u00e9 domingo (20), na arena montada na Praia do Cabo Branco. Depois, Andr\u00e9 e George voltar\u00e3o a atuar juntos somente em dezembro, na disputa do Finals (defini\u00e7\u00e3o do t\u00edtulo mundial), em Doha (Catar), entre os dias 4 e 7.<img decoding=\"async\" src=\"https:\/\/agenciabrasil.ebc.com.br\/ebc.png?id=1615744&amp;o=node\" \/><img decoding=\"async\" src=\"https:\/\/agenciabrasil.ebc.com.br\/ebc.gif?id=1615744&amp;o=node\" \/><\/p>\n<p>A dupla gravou uma mensagem de v\u00eddeo na praia, em que cada um ressalta a import\u00e2ncia da amizade dentro e fora de quadra.<\/p>\n<p>&#8220;Chegou o momento de anunciar que a nossa parceria vai chegar ao fim. Nosso \u00faltimo torneio ser\u00e1 o Elite 16 em Jo\u00e3o Pessoa. Fomos uma das duplas mais vencedoras dos \u00faltimos tempos e n\u00e3o \u00e9 uma porta que se fecha. A amizade continua entre a gente e o futuro ningu\u00e9m sabe\u201d, disse\u00a0<strong>Andr\u00e9<\/strong>.<\/p>\n<p>George admitiu que a decis\u00e3o n\u00e3o foi f\u00e1cil, mas foi necess\u00e1ria diante da circunt\u00e2ncias.<\/p>\n<p>\u201cEle \u00e9 um cara fora da curva e tudo que ele for fazer vai dar certo. Acho que a gente tamb\u00e9m fica triste com esta not\u00edcia, mas s\u00e3o planos diferentes para o futuro, \u00a0e o mais correto para todo mundo foi cada um seguir o seu caminho. Mas o carinho fica\u201d, garantiu George.<\/p>\n<p>Durante a longeva parceria iniciada em 2019, Andr\u00e9 e George conquistaram o\u00a0\u00a0ouro nos Jogos Pan-Americanos de Santiago (Chile) no ano passado, venceram v\u00e1rias etapas do circuito mundial e conquistaram tr\u00eas vezes o circuito brasileiro da modalidade. Na Olimp\u00edada de Paris, a dupla parrou nas oitavas de final.<\/p>\n<p>Atualmente, Andre e George \u00e9 a dupla brasileira masculina mais bem colocada no circuito mundial. Eles ocupam a terceira posi\u00e7\u00e3o, com 6980 pontos. Na lideran\u00e7a est\u00e3o os holandeses Boermans e De Groot (7140) e na segunda coloca\u00e7\u00e3o os suecos Ahman e Hellvig (7100). A outra dupla do Brasil \u00e9 formada por Evandro e Arthur (6360), que ocupam o sexto lugar.<\/p>\n<p>Fonte: Ag\u00eancia Brasil<\/p>\n","protected":false},"excerpt":{"rendered":"<p>Ap\u00f3s seis anos repletos de medalhas e t\u00edtulos para o\u00a0v\u00f4lei de praia brasileiro, a dupla Andr\u00e9 e George anunciou o fim da parceira em comunicado publicado nas redes sociais nesta quarta-feira (16). Eles se despediram da torcida ao longo da etapa do circuito mundial em Jo\u00e3o Pessoa (Para\u00edba), que come\u00e7ou hoje e segue at\u00e9 domingo [&hellip;]<\/p>\n","protected":false},"author":246,"featured_media":225005,"comment_status":"closed","ping_status":"closed","sticky":false,"template":"","format":"standard","meta":{"footnotes":""},"categories":[436,440,257,439],"tags":[],"class_list":["post-225004","post","type-post","status-publish","format-standard","has-post-thumbnail","hentry","category-destaque-da-semana","category-destaques-do-dia","category-esporte","category-ultima-hora"],"_links":{"self":[{"href":"https:\/\/diarioregionaldigital.com.br\/index.php?rest_route=\/wp\/v2\/posts\/225004","targetHints":{"allow":["GET"]}}],"collection":[{"href":"https:\/\/diarioregionaldigital.com.br\/index.php?rest_route=\/wp\/v2\/posts"}],"about":[{"href":"https:\/\/diarioregionaldigital.com.br\/index.php?rest_route=\/wp\/v2\/types\/post"}],"author":[{"embeddable":true,"href":"https:\/\/diarioregionaldigital.com.br\/index.php?rest_route=\/wp\/v2\/users\/246"}],"replies":[{"embeddable":true,"href":"https:\/\/diarioregionaldigital.com.br\/index.php?rest_route=%2Fwp%2Fv2%2Fcomments&post=225004"}],"version-history":[{"count":1,"href":"https:\/\/diarioregionaldigital.com.br\/index.php?rest_route=\/wp\/v2\/posts\/225004\/revisions"}],"predecessor-version":[{"id":225006,"href":"https:\/\/diarioregionaldigital.com.br\/index.php?rest_route=\/wp\/v2\/posts\/225004\/revisions\/225006"}],"wp:featuredmedia":[{"embeddable":true,"href":"https:\/\/diarioregionaldigital.com.br\/index.php?rest_route=\/wp\/v2\/media\/225005"}],"wp:attachment":[{"href":"https:\/\/diarioregionaldigital.com.br\/index.php?rest_route=%2Fwp%2Fv2%2Fmedia&parent=225004"}],"wp:term":[{"taxonomy":"category","embeddable":true,"href":"https:\/\/diarioregionaldigital.com.br\/index.php?rest_route=%2Fwp%2Fv2%2Fcategories&post=225004"},{"taxonomy":"post_tag","embeddable":true,"href":"https:\/\/diarioregionaldigital.com.br\/index.php?rest_route=%2Fwp%2Fv2%2Ftags&post=225004"}],"curies":[{"name":"wp","href":"https:\/\/api.w.org\/{rel}","templated":true}]}}