{"id":224998,"date":"2024-10-16T20:09:00","date_gmt":"2024-10-16T23:09:00","guid":{"rendered":"https:\/\/diarioregionaldigital.com.br\/?p=224998"},"modified":"2024-10-16T20:09:00","modified_gmt":"2024-10-16T23:09:00","slug":"governo-de-minas-formaliza-acordo-para-a-conclusao-do-contorno-viario-de-montes-claros","status":"publish","type":"post","link":"https:\/\/diarioregionaldigital.com.br\/?p=224998","title":{"rendered":"Governo de Minas formaliza acordo para a conclus\u00e3o do contorno vi\u00e1rio de Montes Claros"},"content":{"rendered":"<p>O\u00a0<a href=\"https:\/\/www.mg.gov.br\/\" target=\"_blank\" rel=\"noopener\">Governo de Minas Gerais<\/a>, por meio da\u00a0<a href=\"http:\/\/www.infraestrutura.mg.gov.br\/\" target=\"_blank\" rel=\"noopener\">Secretaria de Estado de Infraestrutura, Mobilidade e Parcerias (Seinfra)<\/a>, oficializou nesta quarta-feira (16\/10) um importante acordo com o Ex\u00e9rcito Brasileiro que permitir\u00e1 a continuidade das obras do contorno vi\u00e1rio de Montes Claros, no Norte de Minas. O evento de formaliza\u00e7\u00e3o aconteceu na 4\u00aa Regi\u00e3o Militar, em Belo Horizonte.<\/p>\n<p>O acordo prev\u00ea a doa\u00e7\u00e3o de dois terrenos, que somam mais de 54 mil m\u00b2, localizados em \u00e1reas estrat\u00e9gicas para a conclus\u00e3o da obra. O contorno vi\u00e1rio, uma antiga demanda da popula\u00e7\u00e3o local, atender\u00e1 um dos maiores entroncamentos rodovi\u00e1rios do pa\u00eds, integrando as rodovias BR-135, BR-365 e BR-251. Em contrapartida \u00e0 doa\u00e7\u00e3o, o Governo de Minas se compromete a construir 12 unidades habitacionais, destinadas \u00e0 moradia de militares da regi\u00e3o.<\/p>\n<p>\u201cInfraestrutura \u00e9 fundamental para trazer desenvolvimento econ\u00f4mico e social. Ent\u00e3o, eu tenho certeza que essa obra vai contribuir com essa conex\u00e3o de importantes corredores, n\u00e3o s\u00f3 para Minas mas para o Brasil\u201d, destaca o secret\u00e1rio de Infraestrutura, Mobilidade e Parcerias, Pedro Bruno.<\/p>\n<p>Para o general Alexandre Oliveira Cantanhede Lago, comandante da 4\u00aa Regi\u00e3o Militar do Ex\u00e9rcito Brasileiro, al\u00e9m da integra\u00e7\u00e3o a celebra\u00e7\u00e3o do conv\u00eanio tamb\u00e9m vai permitir o direito b\u00e1sico aos militares que servem na cidade de Montes Claros.<\/p>\n<p>\u201cDo nosso lado, a gente vai ter uma entrega de grande valor, que \u00e9 justamente moradia para os nossos subtenentes e sargentos. Ent\u00e3o, eu julgo como uma necessidade b\u00e1sica.\u201d, completa.<\/p>\n<p><strong>Contorno vi\u00e1rio de Montes Claros<\/strong><\/p>\n<p>A obra do contorno vi\u00e1rio est\u00e1 sob a responsabilidade da concession\u00e1ria Eco-135, que administra mais de 360 quil\u00f4metros da BR-135, MG-231 e LMG-754, de Paraopeba a Montes Claros. Com um investimento total de R$ 250 milh\u00f5es, o contorno ter\u00e1 14 quil\u00f4metros de extens\u00e3o e proporcionar\u00e1 maior fluidez no tr\u00e2nsito, al\u00e9m de aumentar a seguran\u00e7a vi\u00e1ria.<\/p>\n<p>Os trechos j\u00e1 finalizados do anel vi\u00e1rio t\u00eam promovido melhorias significativas para os moradores da regi\u00e3o, com destaque para a retirada de ve\u00edculos de grande porte da \u00e1rea urbana, o que contribui para a redu\u00e7\u00e3o de acidentes e melhora do tr\u00e1fego local.<\/p>\n<p>Al\u00e9m do contorno de Montes Claros, a concession\u00e1ria Eco-135 tamb\u00e9m \u00e9 respons\u00e1vel pela manuten\u00e7\u00e3o e recupera\u00e7\u00e3o de pavimentos, constru\u00e7\u00e3o de passarelas, al\u00e9m de obras de amplia\u00e7\u00e3o da capacidade, como mais de 130 quil\u00f4metros de duplica\u00e7\u00e3o e 110 quil\u00f4metros de terceiras faixas.<\/p>\n<p>Fonte: Ag\u00eancia Minas<\/p>\n","protected":false},"excerpt":{"rendered":"<p>O\u00a0Governo de Minas Gerais, por meio da\u00a0Secretaria de Estado de Infraestrutura, Mobilidade e Parcerias (Seinfra), oficializou nesta quarta-feira (16\/10) um importante acordo com o Ex\u00e9rcito Brasileiro que permitir\u00e1 a continuidade das obras do contorno vi\u00e1rio de Montes Claros, no Norte de Minas. O evento de formaliza\u00e7\u00e3o aconteceu na 4\u00aa Regi\u00e3o Militar, em Belo Horizonte. O [&hellip;]<\/p>\n","protected":false},"author":246,"featured_media":224999,"comment_status":"closed","ping_status":"closed","sticky":false,"template":"","format":"standard","meta":{"footnotes":""},"categories":[436,440,261,254,252,439],"tags":[],"class_list":["post-224998","post","type-post","status-publish","format-standard","has-post-thumbnail","hentry","category-destaque-da-semana","category-destaques-do-dia","category-economia","category-politica","category-regiao","category-ultima-hora"],"_links":{"self":[{"href":"https:\/\/diarioregionaldigital.com.br\/index.php?rest_route=\/wp\/v2\/posts\/224998","targetHints":{"allow":["GET"]}}],"collection":[{"href":"https:\/\/diarioregionaldigital.com.br\/index.php?rest_route=\/wp\/v2\/posts"}],"about":[{"href":"https:\/\/diarioregionaldigital.com.br\/index.php?rest_route=\/wp\/v2\/types\/post"}],"author":[{"embeddable":true,"href":"https:\/\/diarioregionaldigital.com.br\/index.php?rest_route=\/wp\/v2\/users\/246"}],"replies":[{"embeddable":true,"href":"https:\/\/diarioregionaldigital.com.br\/index.php?rest_route=%2Fwp%2Fv2%2Fcomments&post=224998"}],"version-history":[{"count":1,"href":"https:\/\/diarioregionaldigital.com.br\/index.php?rest_route=\/wp\/v2\/posts\/224998\/revisions"}],"predecessor-version":[{"id":225000,"href":"https:\/\/diarioregionaldigital.com.br\/index.php?rest_route=\/wp\/v2\/posts\/224998\/revisions\/225000"}],"wp:featuredmedia":[{"embeddable":true,"href":"https:\/\/diarioregionaldigital.com.br\/index.php?rest_route=\/wp\/v2\/media\/224999"}],"wp:attachment":[{"href":"https:\/\/diarioregionaldigital.com.br\/index.php?rest_route=%2Fwp%2Fv2%2Fmedia&parent=224998"}],"wp:term":[{"taxonomy":"category","embeddable":true,"href":"https:\/\/diarioregionaldigital.com.br\/index.php?rest_route=%2Fwp%2Fv2%2Fcategories&post=224998"},{"taxonomy":"post_tag","embeddable":true,"href":"https:\/\/diarioregionaldigital.com.br\/index.php?rest_route=%2Fwp%2Fv2%2Ftags&post=224998"}],"curies":[{"name":"wp","href":"https:\/\/api.w.org\/{rel}","templated":true}]}}