{"id":224995,"date":"2024-10-16T20:07:30","date_gmt":"2024-10-16T23:07:30","guid":{"rendered":"https:\/\/diarioregionaldigital.com.br\/?p=224995"},"modified":"2024-10-16T20:07:30","modified_gmt":"2024-10-16T23:07:30","slug":"governo-de-minas-garante-apoio-ao-artesanato-mineiro-na-oitava-semana-criativa-de-tiradentes","status":"publish","type":"post","link":"https:\/\/diarioregionaldigital.com.br\/?p=224995","title":{"rendered":"Governo de Minas garante apoio ao artesanato mineiro na oitava Semana Criativa de Tiradentes"},"content":{"rendered":"<p>O artesanato mineiro estar\u00e1 presente na oitava edi\u00e7\u00e3o da Semana Criativa de Tiradentes, que ser\u00e1 realizada, na cidade hist\u00f3rica localizada no Campo das Vertentes, de quinta-feira (17\/10) a domingo (20\/10).<\/p>\n<p>Artes\u00e3os mineiros contar\u00e3o com um espa\u00e7o no evento destinado \u00e0 comercializa\u00e7\u00e3o de suas pe\u00e7as, com apoio executivo e institucional do\u00a0<a href=\"https:\/\/www.mg.gov.br\/\" target=\"_blank\" rel=\"noopener\">Governo de Minas<\/a>, por meio da\u00a0<a href=\"https:\/\/desenvolvimento.mg.gov.br\/\" target=\"_blank\" rel=\"noopener\">Secretaria de Estado de Desenvolvimento Econ\u00f4mico (Sede MG)<\/a>, e do Sebrae Minas. O objetivo \u00e9 valorizar o artesanato mineiro e propiciar a gera\u00e7\u00e3o de renda.<\/p>\n<p>No Espa\u00e7o Origem Minas, dentro do \u201cEspa\u00e7o Ra\u00edzes\u201d do evento, os visitantes encontrar\u00e3o artesanatos t\u00edpicos das regi\u00f5es do Vale do Jequitinhonha e Urucuia Grande Sert\u00e3o Veredas, al\u00e9m de produtos da agroind\u00fastria mineira, como queijos, caf\u00e9s, doces, cacha\u00e7as e geleias. No local, tamb\u00e9m haver\u00e1 um bate-papo sobre a exposi\u00e7\u00e3o \u201cDona Izabel: 100 anos da Mestra do Vale do Jequitinhonha&#8221;, ambas as a\u00e7\u00f5es realizadas com apoio da Sede-MG e do Sebrae Minas.<\/p>\n<p>A Semana Criativa de Tiradentes \u00e9 uma iniciativa cultural e social com foco em\u00a0 divulgar e valorizar os saberes tradicionais mineiros e promover o encontro entre arte e cultura. A abertura oficial desta oitava edi\u00e7\u00e3o ser\u00e1 nesta quinta-feira, \u00e0s 19h30, no Espa\u00e7o Festivo SCT.<\/p>\n<p>Estar\u00e3o presentes o subsecret\u00e1rio de Liberdade Econ\u00f4mica e Empreendedorismo da Sede-MG, Rodrigo Melo, e a presidente do<a href=\"https:\/\/servas.org.br\/\" target=\"_blank\" rel=\"noopener\">\u00a0Servi\u00e7o Social Aut\u00f4nomo (Servas)<\/a>, Christiana Renault.<\/p>\n<p><strong>Legado de Dona Izabel<\/strong><\/p>\n<p>O bate-papo sobre a exposi\u00e7\u00e3o \u201cDona Izabel: 100 anos da Mestra do Vale do Jequitinhonha\u201d ser\u00e1 realizado na sexta-feira (18\/10), \u00e0s 11 horas, no espa\u00e7o Ra\u00edzes da Semana Criativa de Tiradentes.<\/p>\n<p>A programa\u00e7\u00e3o abordar\u00e1 a import\u00e2ncia do pioneirismo e do legado no trabalho com utens\u00edlios de cer\u00e2mica, em especial as famosas bonecas moringas, deixados por Dona Izabel. Atualmente, a quarta gera\u00e7\u00e3o de ceramistas do Vale do Jequitinhonha continua a tradi\u00e7\u00e3o iniciada por ela, perpetuando t\u00e9cnicas e estilos que s\u00e3o a marca registrada da regi\u00e3o.<\/p>\n<p>A exposi\u00e7\u00e3o, inaugurada em agosto, em a\u00e7\u00e3o que contou com apoio da Sede-MG e do Sebrae Minas, celebra a vida e a obra da grande mestra artes\u00e3 mineira. As obras podem ser visitadas at\u00e9 abril de 2025, no Centro Sebrae de Refer\u00eancia do Artesanato Brasileiro (CRAB) no Rio de Janeiro (RJ).<\/p>\n<p><strong>Projeto Urucuia Grande Sert\u00e3o Veredas<\/strong><\/p>\n<p>J\u00e1 o Espa\u00e7o \u201cCasa Criativa\u201d abrigar\u00e1 a exposi\u00e7\u00e3o do Projeto Urucuia Grande Sert\u00e3o Veredas, do Sebrae Minas. A cole\u00e7\u00e3o de pain\u00e9is representa a for\u00e7a, o saber e o fazer, al\u00e9m de refletir a abund\u00e2ncia de mat\u00e9ria-prima e de contribuir para a perpetua\u00e7\u00e3o dos of\u00edcios tradicionais. As pe\u00e7as foram desenvolvidas pelas artes\u00e3s de munic\u00edpios da regi\u00e3o Noroeste de Minas em colabora\u00e7\u00e3o com a artista Ana Vaz.<\/p>\n<p>Fonte: Ag\u00eancia Minas<\/p>\n","protected":false},"excerpt":{"rendered":"<p>O artesanato mineiro estar\u00e1 presente na oitava edi\u00e7\u00e3o da Semana Criativa de Tiradentes, que ser\u00e1 realizada, na cidade hist\u00f3rica localizada no Campo das Vertentes, de quinta-feira (17\/10) a domingo (20\/10). Artes\u00e3os mineiros contar\u00e3o com um espa\u00e7o no evento destinado \u00e0 comercializa\u00e7\u00e3o de suas pe\u00e7as, com apoio executivo e institucional do\u00a0Governo de Minas, por meio da\u00a0Secretaria [&hellip;]<\/p>\n","protected":false},"author":246,"featured_media":224996,"comment_status":"closed","ping_status":"closed","sticky":false,"template":"","format":"standard","meta":{"footnotes":""},"categories":[436,440,261,254,439],"tags":[],"class_list":["post-224995","post","type-post","status-publish","format-standard","has-post-thumbnail","hentry","category-destaque-da-semana","category-destaques-do-dia","category-economia","category-politica","category-ultima-hora"],"_links":{"self":[{"href":"https:\/\/diarioregionaldigital.com.br\/index.php?rest_route=\/wp\/v2\/posts\/224995","targetHints":{"allow":["GET"]}}],"collection":[{"href":"https:\/\/diarioregionaldigital.com.br\/index.php?rest_route=\/wp\/v2\/posts"}],"about":[{"href":"https:\/\/diarioregionaldigital.com.br\/index.php?rest_route=\/wp\/v2\/types\/post"}],"author":[{"embeddable":true,"href":"https:\/\/diarioregionaldigital.com.br\/index.php?rest_route=\/wp\/v2\/users\/246"}],"replies":[{"embeddable":true,"href":"https:\/\/diarioregionaldigital.com.br\/index.php?rest_route=%2Fwp%2Fv2%2Fcomments&post=224995"}],"version-history":[{"count":1,"href":"https:\/\/diarioregionaldigital.com.br\/index.php?rest_route=\/wp\/v2\/posts\/224995\/revisions"}],"predecessor-version":[{"id":224997,"href":"https:\/\/diarioregionaldigital.com.br\/index.php?rest_route=\/wp\/v2\/posts\/224995\/revisions\/224997"}],"wp:featuredmedia":[{"embeddable":true,"href":"https:\/\/diarioregionaldigital.com.br\/index.php?rest_route=\/wp\/v2\/media\/224996"}],"wp:attachment":[{"href":"https:\/\/diarioregionaldigital.com.br\/index.php?rest_route=%2Fwp%2Fv2%2Fmedia&parent=224995"}],"wp:term":[{"taxonomy":"category","embeddable":true,"href":"https:\/\/diarioregionaldigital.com.br\/index.php?rest_route=%2Fwp%2Fv2%2Fcategories&post=224995"},{"taxonomy":"post_tag","embeddable":true,"href":"https:\/\/diarioregionaldigital.com.br\/index.php?rest_route=%2Fwp%2Fv2%2Ftags&post=224995"}],"curies":[{"name":"wp","href":"https:\/\/api.w.org\/{rel}","templated":true}]}}