{"id":224993,"date":"2024-10-16T00:56:17","date_gmt":"2024-10-16T03:56:17","guid":{"rendered":"https:\/\/diarioregionaldigital.com.br\/?p=224993"},"modified":"2024-10-16T00:56:17","modified_gmt":"2024-10-16T03:56:17","slug":"extrato-de-atas-de-registro-de-precos-16-10-2024","status":"publish","type":"post","link":"https:\/\/diarioregionaldigital.com.br\/?p=224993","title":{"rendered":"EXTRATO DE ATAS DE REGISTRO DE PRE\u00c7OS &#8211; 16\/10\/2024"},"content":{"rendered":"<p class=\"s2\" style=\"text-align: center;\">\n<p class=\"s4\" style=\"text-align: center;\">\n<p class=\"s4\" style=\"text-align: center;\"><span class=\"s3\"><span class=\"bumpedFont15\">ATAS 217 a 226<\/span><\/span><\/p>\n<p class=\"s2\" style=\"text-align: center;\">\n<p class=\"s2\" style=\"text-align: center;\"><span class=\"s5\"><span class=\"bumpedFont15\">Proc<\/span><\/span><span class=\"s5\"><span class=\"bumpedFont15\">esso<\/span><\/span><span class=\"s5\"><span class=\"bumpedFont15\">. n\u00ba 075\/2024. Preg\u00e3o <\/span><\/span><span class=\"s5\"><span class=\"bumpedFont15\">E<\/span><\/span><span class=\"s5\"><span class=\"bumpedFont15\">letr\u00f4nico n\u00ba 001\/2024<\/span><\/span><span class=\"s6\"><span class=\"bumpedFont15\">.Ob<\/span><\/span><span class=\"s6\"><span class=\"bumpedFont15\">jeto: <\/span><\/span><span class=\"s6\"><span class=\"bumpedFont15\">R<\/span><\/span><span class=\"s6\"><span class=\"bumpedFont15\">egistro de pre\u00e7os, pelo per\u00edodo de 12(doze) meses, para eventual e futura aquisi\u00e7\u00e3o de <\/span><\/span><span class=\"s6\"><span class=\"bumpedFont15\">material de consumo ambulatorial, hospitalar e odontol\u00f3gico para atender a demanda do Departamento Municipal de Sa\u00fade e Odontologia.<\/span><\/span><span class=\"s6\"><span class=\"bumpedFont15\">Detentoras das atas<\/span><\/span><span class=\"s6\"><span class=\"bumpedFont15\">: <\/span><\/span><span class=\"s6\"><span class=\"bumpedFont15\">Conex\u00e3o M\u00e9dica Hospitalar Ltda <\/span><\/span><span class=\"s6\"><span class=\"bumpedFont15\">para os itens <\/span><\/span><span class=\"s6\"><span class=\"bumpedFont15\">01,03,04,09,12,13,14,15,17,18,26 e 27; Distribuidora Curamax Produtos M\u00e9dicos e Odontol\u00f3gicos Ltda para os itens 36,37 e 40; Distrimar Ltda para os itens 05,06,07,19,20,21,22,23,24,31,32,34,38 e 39; DL Dental Ltda para o item 29; DML Distribui\u00e7\u00e3o Ltda para o tem 28; Faz Vendas Ltda para o item 16; \u00a0L F Distribuidora de Materiais M\u00e9dicos Ltda para os itens 10 e 11; Procela Participa\u00e7\u00f5es Ltda para o item 25; Provide Hospitalar Ltda para os itens 02 e 08<\/span><\/span><span class=\"s6\"><span class=\"bumpedFont15\"> e<\/span><\/span><span class=\"s6\"><span class=\"bumpedFont15\">Ynemed Produtos M\u00e9dicos e Hospitalares Ltda para os itens 30,33 e 35<\/span><\/span><span class=\"s6\"><span class=\"bumpedFont15\">. Data de assinatura: <\/span><\/span><span class=\"s6\"><span class=\"bumpedFont15\">14\/10\/2024<\/span><\/span><span class=\"s6\"><span class=\"bumpedFont15\">.<\/span><\/span><span class=\"s6\"><span class=\"bumpedFont15\">Marcos de Ara\u00fajo Lim<\/span><\/span><span class=\"s6\"><span class=\"bumpedFont15\">a. <\/span><\/span><span class=\"s6\"><span class=\"bumpedFont15\">Prefeito<\/span><\/span><span class=\"s6\"><span class=\"bumpedFont15\">Municipal<\/span><\/span><span class=\"s6\"><span class=\"bumpedFont15\">.<\/span><\/span><\/p>\n<p class=\"s4\" style=\"text-align: center;\">\n","protected":false},"excerpt":{"rendered":"<p>ATAS 217 a 226 Processo. n\u00ba 075\/2024. Preg\u00e3o Eletr\u00f4nico n\u00ba 001\/2024.Objeto: Registro de pre\u00e7os, pelo per\u00edodo de 12(doze) meses, para eventual e futura aquisi\u00e7\u00e3o de material de consumo ambulatorial, hospitalar e odontol\u00f3gico para atender a demanda do Departamento Municipal de Sa\u00fade e Odontologia.Detentoras das atas: Conex\u00e3o M\u00e9dica Hospitalar Ltda para os itens 01,03,04,09,12,13,14,15,17,18,26 e 27; [&hellip;]<\/p>\n","protected":false},"author":246,"featured_media":0,"comment_status":"closed","ping_status":"closed","sticky":false,"template":"","format":"standard","meta":{"footnotes":""},"categories":[307],"tags":[],"class_list":["post-224993","post","type-post","status-publish","format-standard","hentry","category-editais"],"_links":{"self":[{"href":"https:\/\/diarioregionaldigital.com.br\/index.php?rest_route=\/wp\/v2\/posts\/224993","targetHints":{"allow":["GET"]}}],"collection":[{"href":"https:\/\/diarioregionaldigital.com.br\/index.php?rest_route=\/wp\/v2\/posts"}],"about":[{"href":"https:\/\/diarioregionaldigital.com.br\/index.php?rest_route=\/wp\/v2\/types\/post"}],"author":[{"embeddable":true,"href":"https:\/\/diarioregionaldigital.com.br\/index.php?rest_route=\/wp\/v2\/users\/246"}],"replies":[{"embeddable":true,"href":"https:\/\/diarioregionaldigital.com.br\/index.php?rest_route=%2Fwp%2Fv2%2Fcomments&post=224993"}],"version-history":[{"count":1,"href":"https:\/\/diarioregionaldigital.com.br\/index.php?rest_route=\/wp\/v2\/posts\/224993\/revisions"}],"predecessor-version":[{"id":224994,"href":"https:\/\/diarioregionaldigital.com.br\/index.php?rest_route=\/wp\/v2\/posts\/224993\/revisions\/224994"}],"wp:attachment":[{"href":"https:\/\/diarioregionaldigital.com.br\/index.php?rest_route=%2Fwp%2Fv2%2Fmedia&parent=224993"}],"wp:term":[{"taxonomy":"category","embeddable":true,"href":"https:\/\/diarioregionaldigital.com.br\/index.php?rest_route=%2Fwp%2Fv2%2Fcategories&post=224993"},{"taxonomy":"post_tag","embeddable":true,"href":"https:\/\/diarioregionaldigital.com.br\/index.php?rest_route=%2Fwp%2Fv2%2Ftags&post=224993"}],"curies":[{"name":"wp","href":"https:\/\/api.w.org\/{rel}","templated":true}]}}