{"id":224990,"date":"2024-10-15T21:03:55","date_gmt":"2024-10-16T00:03:55","guid":{"rendered":"https:\/\/diarioregionaldigital.com.br\/?p=224990"},"modified":"2024-10-15T21:03:55","modified_gmt":"2024-10-16T00:03:55","slug":"dia-mundial-da-alimentacao-e-celebrado-com-acoes-no-restaurante-popular-e-feira-noturna","status":"publish","type":"post","link":"https:\/\/diarioregionaldigital.com.br\/?p=224990","title":{"rendered":"Dia Mundial da Alimenta\u00e7\u00e3o \u00e9 celebrado com a\u00e7\u00f5es no Restaurante Popular e Feira Noturna"},"content":{"rendered":"<p>Segundo informa\u00e7\u00f5es do site da Prefeitura de Juiz de Fora (PJF), o\u00a0Dia Mundial da Alimenta\u00e7\u00e3o \u00e9 celebrado no dia 16 de outubro, e a Prefeitura de Juiz de Fora (PJF), juntamente com Conselho Municipal de Seguran\u00e7a Alimentar e Nutricional de Juiz de Fora (Comsea-JF), vinculado \u00e0 Secretaria de Agricultura, Pecu\u00e1ria e Abastecimento (Seapa), prepararam uma programa\u00e7\u00e3o especial para a data.<\/p>\n<div>Na quarta-feira, 16, \u00e0s 10h30, o Restaurante Popular Yeda Duarte Gomes, do Centro, sediar\u00e1 a premia\u00e7\u00e3o do concurso &#8220;Gastronomia Popular: 2\u00ba Desafio Gastron\u00f4mico pelo Dia Mundial da Alimenta\u00e7\u00e3o&#8221;, que foi realizado em parceria com a Faculdade UniAcademia. O prato vencedor estar\u00e1 no card\u00e1pio no Restaurante Popular do dia 16, na Unidade Centro<\/div>\n<p>&nbsp;<\/p>\n<div>Na parte da noite, a Feira Noturna receber\u00e1 a\u00e7\u00f5es especiais. Das 17h \u00e0s 20h, os conselheiros do COMSEA-JF promover\u00e3o uma programa\u00e7\u00e3o educativa e interativa com enfoque no aproveitamento dos alimentos e seguran\u00e7a alimentar, com a participa\u00e7\u00e3o da Corujinha na Cozinha, da Faculdade de Nutri\u00e7\u00e3o da Universidade Federal de Juiz de Fora (UFJF), da Associa\u00e7\u00e3o Monte de Gente Interessada em Cultivo Org\u00e2nico (Mogico), do Conselho Regional de Nutricionistas (CRN-9), do Sesc Mesa Brasil e CAT-DQ (Casa Amarela).<\/div>\n<p>&nbsp;<\/p>\n<div><strong>Confira a programa\u00e7\u00e3o:<\/strong>\n<\/div>\n<div><strong>&#8211;\u00a0<\/strong>Degusta\u00e7\u00e3o de \u00c1gua Saborizada com Casca de Abacaxi<\/div>\n<p>&nbsp;<\/p>\n<div>&#8211; Distribui\u00e7\u00e3o de brindes: Sal de Ervas e mudas<\/div>\n<p>&nbsp;<\/p>\n<div>&#8211; Distribui\u00e7\u00e3o de Livros de Receitas do Programa Mesa Brasil e da aplica\u00e7\u00e3o dos alimentos na sa\u00fade mental e emocional<\/div>\n<p>&nbsp;<\/p>\n<div>&#8211; Informativo sobre o Conselho Municipal de Seguran\u00e7a Alimentar e Nutricional de Juiz de Fora<\/div>\n<p>&nbsp;<\/p>\n<div>&#8211; Quiz sobre Seguran\u00e7a Alimentar: Teste seus conhecimentos e aprenda mais sobre como garantir uma alimenta\u00e7\u00e3o saud\u00e1vel e sustent\u00e1vel.<\/div>\n<p>&nbsp;<\/p>\n<div><strong>Comsea\/JF<\/strong><\/p>\n<p>O Comsea-JF \u00e9 composto por 24 conselheiros titulares e igual n\u00famero de suplentes, tendo a composi\u00e7\u00e3o de 8 representantes de \u00d3rg\u00e3os Governamentais Municipais e 16 representantes de organiza\u00e7\u00f5es da Sociedade Civil Organizada.<\/p><\/div>\n<p>&nbsp;<\/p>\n<div>\u00c9 essencial que, em conjunto com o governo municipal, as entidades, organiza\u00e7\u00f5es civis e coletivos da sociedade civil com atua\u00e7\u00e3o na \u00e1rea de seguran\u00e7a alimentar e nutricional fa\u00e7am parte deste colegiado que cumpre o papel de acompanhar as pol\u00edticas e a\u00e7\u00f5es em seguran\u00e7a alimentar e nutricional e agir no controle social dessas pol\u00edticas.<\/div>\n<p>&nbsp;<\/p>\n<div>O COMSEA &#8211; JF tem como objetivos assessorar a administra\u00e7\u00e3o municipal na formula\u00e7\u00e3o de pol\u00edticas p\u00fablicas, participar da defini\u00e7\u00e3o de diretrizes e prioridades para garantir o direito humano \u00e0 alimenta\u00e7\u00e3o, e estabelecer um di\u00e1logo permanente entre o governo municipal e as organiza\u00e7\u00f5es sociais.<\/div>\n<p>&nbsp;<\/p>\n<div>Confira mais sobre o Comsea\/JF pelo\u00a0<a href=\"https:\/\/www.pjf.mg.gov.br\/conselhos\/comsea\/index.php\"><strong>site<\/strong><\/a>.<\/div>\n","protected":false},"excerpt":{"rendered":"<p>Segundo informa\u00e7\u00f5es do site da Prefeitura de Juiz de Fora (PJF), o\u00a0Dia Mundial da Alimenta\u00e7\u00e3o \u00e9 celebrado no dia 16 de outubro, e a Prefeitura de Juiz de Fora (PJF), juntamente com Conselho Municipal de Seguran\u00e7a Alimentar e Nutricional de Juiz de Fora (Comsea-JF), vinculado \u00e0 Secretaria de Agricultura, Pecu\u00e1ria e Abastecimento (Seapa), prepararam uma [&hellip;]<\/p>\n","protected":false},"author":246,"featured_media":224991,"comment_status":"closed","ping_status":"closed","sticky":false,"template":"","format":"standard","meta":{"footnotes":""},"categories":[253,436,440,439],"tags":[],"class_list":["post-224990","post","type-post","status-publish","format-standard","has-post-thumbnail","hentry","category-cidade","category-destaque-da-semana","category-destaques-do-dia","category-ultima-hora"],"_links":{"self":[{"href":"https:\/\/diarioregionaldigital.com.br\/index.php?rest_route=\/wp\/v2\/posts\/224990","targetHints":{"allow":["GET"]}}],"collection":[{"href":"https:\/\/diarioregionaldigital.com.br\/index.php?rest_route=\/wp\/v2\/posts"}],"about":[{"href":"https:\/\/diarioregionaldigital.com.br\/index.php?rest_route=\/wp\/v2\/types\/post"}],"author":[{"embeddable":true,"href":"https:\/\/diarioregionaldigital.com.br\/index.php?rest_route=\/wp\/v2\/users\/246"}],"replies":[{"embeddable":true,"href":"https:\/\/diarioregionaldigital.com.br\/index.php?rest_route=%2Fwp%2Fv2%2Fcomments&post=224990"}],"version-history":[{"count":1,"href":"https:\/\/diarioregionaldigital.com.br\/index.php?rest_route=\/wp\/v2\/posts\/224990\/revisions"}],"predecessor-version":[{"id":224992,"href":"https:\/\/diarioregionaldigital.com.br\/index.php?rest_route=\/wp\/v2\/posts\/224990\/revisions\/224992"}],"wp:featuredmedia":[{"embeddable":true,"href":"https:\/\/diarioregionaldigital.com.br\/index.php?rest_route=\/wp\/v2\/media\/224991"}],"wp:attachment":[{"href":"https:\/\/diarioregionaldigital.com.br\/index.php?rest_route=%2Fwp%2Fv2%2Fmedia&parent=224990"}],"wp:term":[{"taxonomy":"category","embeddable":true,"href":"https:\/\/diarioregionaldigital.com.br\/index.php?rest_route=%2Fwp%2Fv2%2Fcategories&post=224990"},{"taxonomy":"post_tag","embeddable":true,"href":"https:\/\/diarioregionaldigital.com.br\/index.php?rest_route=%2Fwp%2Fv2%2Ftags&post=224990"}],"curies":[{"name":"wp","href":"https:\/\/api.w.org\/{rel}","templated":true}]}}