{"id":224984,"date":"2024-10-15T20:59:57","date_gmt":"2024-10-15T23:59:57","guid":{"rendered":"https:\/\/diarioregionaldigital.com.br\/?p=224984"},"modified":"2024-10-15T20:59:57","modified_gmt":"2024-10-15T23:59:57","slug":"governo-de-minas-lanca-chamada-de-r-10-milhoes-para-transformar-pesquisas-em-empreendimentos-inovadores","status":"publish","type":"post","link":"https:\/\/diarioregionaldigital.com.br\/?p=224984","title":{"rendered":"Governo de Minas lan\u00e7a chamada de R$ 10 milh\u00f5es para transformar pesquisas em empreendimentos inovadores"},"content":{"rendered":"<p><main class=\"clear margin-md-bottom-3\"><\/p>\n<div class=\"clear \">\n<p>O\u00a0<a href=\"https:\/\/www.mg.gov.br\/\" target=\"_blank\" rel=\"noopener\">Governo de Minas<\/a>, por meio da\u00a0<a href=\"https:\/\/desenvolvimento.mg.gov.br\/\" target=\"_blank\" rel=\"noopener\">Secretaria de Estado de Desenvolvimento Econ\u00f4mico (Sede-MG)<\/a>\u00a0e da\u00a0<a href=\"http:\/\/www.fapemig.br\/pt\/\" target=\"_blank\" rel=\"noopener\">Funda\u00e7\u00e3o de Amparo \u00e0 Pesquisa do Estado de Minas Gerais (Fapemig)<\/a>, lan\u00e7a a chamada Fapemig-Sede n\u00ba 015\/2024 \u2013 Cientista Empreendedor. A iniciativa \u00e9 in\u00e9dita e conta um aporte total de R$ 10 milh\u00f5es para as propostas aprovadas. As propostas devem ser submetidas eletronicamente, por meio do\u00a0<a href=\"https:\/\/everest.fapemig.br\/Home\/login\" target=\"_blank\" rel=\"noopener\">sistema Everest<\/a>, at\u00e9 \u00e0s 17h do dia 14\/1\/2025.<\/p>\n<p>O objetivo \u00e9 transformar pesquisas cient\u00edficas e\/ou tecnol\u00f3gicas em novos empreendimentos inovadores, contribuindo para cria\u00e7\u00e3o de novos produtos, servi\u00e7os e processos para o desenvolvimento socioecon\u00f4mico e ambiental de Minas Gerais, confrme consta na\u00a0<a href=\"http:\/\/www.fapemig.br\/media\/Chamada_Cientista_Empreendedor.pdf\" target=\"_blank\" rel=\"noopener\">chamada completa<\/a>.<\/p>\n<p>\u201cTemos ci\u00eancia, tecnologia e inova\u00e7\u00e3o por todo lado no nosso dia a dia, e essa chamada pretende fazer com que, cada vez mais, os setores mineiros tenham o diferencial da qualidade oriunda da pesquisa\u201d, destaca o secret\u00e1rio de Estado de Desenvolvimento Econ\u00f4mico, Fernando Passalio.<\/p>\n<p>Fernando Passalio acredita que \u201caplicar a expertise das pesquisas \u00e0 competitividade do mercado nos traz como resultados melhorar nossos produtos e expandir nossas capacidades produtivas e econ\u00f4micas\u201d.<\/p>\n<p><strong>A chamada<\/strong><\/p>\n<p>Podem inscrever projetos e solicitar recursos: incubadoras; aceleradoras; coworkings; makerspaces; parques tecnol\u00f3gicos; hubs de inova\u00e7\u00e3o; espa\u00e7os e programas de escalonamento; programas de pr\u00e9-acelera\u00e7\u00e3o; centros de tecnologia e programas de est\u00edmulo ao empreendedorismo de Institui\u00e7\u00f5es de Ci\u00eancia e Tecnologia de Minas Gerais.<\/p>\n<p>As propostas devem ser realizadas em parceria com o cientista empreendedor, podendo o mesmo proponente submeter mais de um projeto, desde que sejam cientistas empreendedores distintos.<\/p>\n<p>O valor m\u00e1ximo que cada proposta poder\u00e1 solicitar varia de acordo com as categorias, divididas em Promotor de Inova\u00e7\u00e3o (at\u00e9 R$80 mil), Empreendedores (at\u00e9 R$ 275 mil) e Empreendimento (at\u00e9 R$ 100 mil). A chamada proporciona mais oportunidade, mercado e inova\u00e7\u00e3o para quem quer pesquisar, empreender e inovar em Minas Gerais, segundo o\u00a0 subsecret\u00e1rio de Ci\u00eancia, Tecnologia e Inova\u00e7\u00e3o da Sede-MG, Lucas Mendes.<\/p>\n<p>&#8220;O Cientista Empreendedor \u00e9 a oportunidade de transformar pesquisas desenvolvidas por mestrandos, mestres, doutorandos e doutores em empreendimentos, gerando novos produtos, processos e servi\u00e7os. A ideia \u00e9 incentivar a cria\u00e7\u00e3o de mais spin-offs acad\u00eamicas, possibilitando a gera\u00e7\u00e3o de empresas a partir das pesquisas\u201d, frisa o subsecret\u00e1rio.<\/p>\n<p>A gerente de Inova\u00e7\u00e3o da Fapemig, Marina Brand\u00e3o Dutra, vislumbra que o desenvolvimento de neg\u00f3cios inovadores no estado seja facilitado, criando um ecossistema prop\u00edcio para novas ideias e solu\u00e7\u00f5es tecnol\u00f3gicas. \u201cNossa expectativa \u00e9 proporcionar aos cientistas a oportunidade de se dedicarem a projetos empreendedores, viabilizando bolsas e o acesso a ambientes promotores de inova\u00e7\u00e3o\u201d, afirma.<\/p>\n<p><strong>Ambientes Promotores de Inova\u00e7\u00e3o<\/strong><\/p>\n<p>O edital considera como ambientes promotores de inova\u00e7\u00e3o aqueles espa\u00e7os caracter\u00edsticos da economia baseada no conhecimento e que articulam empresas, \u00f3rg\u00e3os e entidades da administra\u00e7\u00e3o p\u00fablica, institui\u00e7\u00f5es de ci\u00eancia e tecnologia, ag\u00eancias de fomento e a sociedade. Esses ambientes comp\u00f5em o p\u00fablico-alvo da chamada.<\/p>\n<p>A Fapemig\u00a0tira d\u00favidas por\u00a0<a href=\"https:\/\/faleconosco.mg.gov.br\/ligminas-bpms-frontend\/publico\/br\/gov\/prodemge\/seplag\/ligminasbpms\/visao\/processos\/RegistrarAtendimentoFaleConosco.zul?processo=PROC_00093&amp;atividade=ATIV_00388&amp;site=Fapemig\" target=\"_blank\" rel=\"noopener\">este link<\/a>.<\/p>\n<p>Fonte: Ag\u00eancia Minas<\/p>\n<\/div>\n<p><\/main><\/p>\n","protected":false},"excerpt":{"rendered":"<p>O\u00a0Governo de Minas, por meio da\u00a0Secretaria de Estado de Desenvolvimento Econ\u00f4mico (Sede-MG)\u00a0e da\u00a0Funda\u00e7\u00e3o de Amparo \u00e0 Pesquisa do Estado de Minas Gerais (Fapemig), lan\u00e7a a chamada Fapemig-Sede n\u00ba 015\/2024 \u2013 Cientista Empreendedor. A iniciativa \u00e9 in\u00e9dita e conta um aporte total de R$ 10 milh\u00f5es para as propostas aprovadas. As propostas devem ser submetidas eletronicamente, [&hellip;]<\/p>\n","protected":false},"author":246,"featured_media":224985,"comment_status":"closed","ping_status":"closed","sticky":false,"template":"","format":"standard","meta":{"footnotes":""},"categories":[436,440,261,254,252,439],"tags":[],"class_list":["post-224984","post","type-post","status-publish","format-standard","has-post-thumbnail","hentry","category-destaque-da-semana","category-destaques-do-dia","category-economia","category-politica","category-regiao","category-ultima-hora"],"_links":{"self":[{"href":"https:\/\/diarioregionaldigital.com.br\/index.php?rest_route=\/wp\/v2\/posts\/224984","targetHints":{"allow":["GET"]}}],"collection":[{"href":"https:\/\/diarioregionaldigital.com.br\/index.php?rest_route=\/wp\/v2\/posts"}],"about":[{"href":"https:\/\/diarioregionaldigital.com.br\/index.php?rest_route=\/wp\/v2\/types\/post"}],"author":[{"embeddable":true,"href":"https:\/\/diarioregionaldigital.com.br\/index.php?rest_route=\/wp\/v2\/users\/246"}],"replies":[{"embeddable":true,"href":"https:\/\/diarioregionaldigital.com.br\/index.php?rest_route=%2Fwp%2Fv2%2Fcomments&post=224984"}],"version-history":[{"count":1,"href":"https:\/\/diarioregionaldigital.com.br\/index.php?rest_route=\/wp\/v2\/posts\/224984\/revisions"}],"predecessor-version":[{"id":224986,"href":"https:\/\/diarioregionaldigital.com.br\/index.php?rest_route=\/wp\/v2\/posts\/224984\/revisions\/224986"}],"wp:featuredmedia":[{"embeddable":true,"href":"https:\/\/diarioregionaldigital.com.br\/index.php?rest_route=\/wp\/v2\/media\/224985"}],"wp:attachment":[{"href":"https:\/\/diarioregionaldigital.com.br\/index.php?rest_route=%2Fwp%2Fv2%2Fmedia&parent=224984"}],"wp:term":[{"taxonomy":"category","embeddable":true,"href":"https:\/\/diarioregionaldigital.com.br\/index.php?rest_route=%2Fwp%2Fv2%2Fcategories&post=224984"},{"taxonomy":"post_tag","embeddable":true,"href":"https:\/\/diarioregionaldigital.com.br\/index.php?rest_route=%2Fwp%2Fv2%2Ftags&post=224984"}],"curies":[{"name":"wp","href":"https:\/\/api.w.org\/{rel}","templated":true}]}}