{"id":224966,"date":"2024-10-14T21:46:45","date_gmt":"2024-10-15T00:46:45","guid":{"rendered":"https:\/\/diarioregionaldigital.com.br\/?p=224966"},"modified":"2024-10-14T21:46:45","modified_gmt":"2024-10-15T00:46:45","slug":"invest-minas-promove-segunda-edicao-do-brazil-lithium-summit-em-belo-horizonte","status":"publish","type":"post","link":"https:\/\/diarioregionaldigital.com.br\/?p=224966","title":{"rendered":"Invest Minas promove segunda edi\u00e7\u00e3o do Brazil Lithium Summit em Belo Horizonte"},"content":{"rendered":"<p>Ap\u00f3s o sucesso do evento inaugural, o\u00a0<a href=\"https:\/\/www.mg.gov.br\/\" target=\"_blank\" rel=\"noopener\">Governo de Minas<\/a>\u00a0volta a promover, em maio de 2025, o evento Brazil Lithium Summit, por meio da ag\u00eancia de investimentos do Vale do L\u00edtio no Brasil, a\u00a0<a href=\"https:\/\/investminas.mg.gov.br\/\" target=\"_blank\" rel=\"noopener\">Invest Minas<\/a>, vinculada \u00e0\u00a0<a href=\"https:\/\/desenvolvimento.mg.gov.br\/\" target=\"_blank\" rel=\"noopener\">Secretaria de Estado de Desenvolvimento Econ\u00f4mico de Minas Gerais (Sede-MG)<\/a>.<\/p>\n<p>O segundo Brazil Lithium Summit ocorrer\u00e1\u00a0 de 13 a 15\/5, em Belo Horizonte, com o objetivo de aproveitar a s\u00f3lida base estabelecida pela primeira edi\u00e7\u00e3o para continuar a promover a colabora\u00e7\u00e3o, a inova\u00e7\u00e3o e o investimento no mercado brasileiro de l\u00edtio, que est\u00e1 em crescimento.<\/p>\n<p>&#8220;\u00c9 ineg\u00e1vel o papel crucial hoje, do Governo de Minas, na lideran\u00e7a do Brasil rumo \u00e0 transi\u00e7\u00e3o energ\u00e9tica em curso no mundo\u201d, assinala o Secret\u00e1rio de Desenvolvimento Econ\u00f4mico de Minas Gerais, Fernando Passalio.<\/p>\n<p>\u201cE o l\u00edtio \u00e9 um dos elementos-chaves neste processo, n\u00e3o s\u00f3 do ponto de vista da descarboniza\u00e7\u00e3o da nossa economia, como tamb\u00e9m como caminho para o desenvolvimento e um novo futuro para a popula\u00e7\u00e3o do Vale do Jequitinhonha&#8221;, afirma o secret\u00e1rio.<\/p>\n<p>Espera-se que a nova edi\u00e7\u00e3o atraia os 400 principais profissionais de n\u00edvel C e l\u00edderes do setor de todo o mundo, oferecendo possibilidade de networking, pain\u00e9is de discuss\u00e3o, estudos de caso e reuni\u00f5es de neg\u00f3cio individuais, entre in\u00fameras oportunidades de neg\u00f3cios.<\/p>\n<p><strong>Mercado de l\u00edtio<\/strong><\/p>\n<p>A c\u00fapula contar\u00e1 com uma agenda ampliada que abranger\u00e1 t\u00f3picos essenciais, como tend\u00eancias do mercado de l\u00edtio, avan\u00e7os tecnol\u00f3gicos, estruturas regulat\u00f3rias e considera\u00e7\u00f5es ESG (ambientais, sociais e de governan\u00e7a). Com delega\u00e7\u00f5es internacionais de mais de 30 pa\u00edses, o evento oferecer\u00e1 uma perspectiva verdadeiramente global sobre o setor de l\u00edtio e minerais cr\u00edticos, facilitando colabora\u00e7\u00f5es e investimentos internacionais.<\/p>\n<p>Os participantes ter\u00e3o a chance de se conectar com as principais partes interessadas, incluindo funcion\u00e1rios do governo, especialistas e empresas do setor, promovendo parcerias para impulsionar o futuro do l\u00edtio. O evento ter\u00e1 sess\u00f5es interativas, workshops e estudos de caso sobre os \u00faltimos desenvolvimentos e as oportunidades futuras no mercado de l\u00edtio.<\/p>\n<p>Como l\u00edder na promo\u00e7\u00e3o do setor de l\u00edtio, a Invest Minas desempenha um papel crucial na apresenta\u00e7\u00e3o do vasto potencial das reservas de l\u00edtio do Brasil para investidores globais. \u201cTemos certeza que, ap\u00f3s o sucesso da primeira edi\u00e7\u00e3o, conseguiremos um evento ainda mais robusto e repleto de oportunidades para tratar de tudo que envolve o l\u00edtio, mineral fundamental para a transi\u00e7\u00e3o energ\u00e9tica mundial\u201d, analisa Jo\u00e3o Paulo Braga, CEO da Invest Minas.<\/p>\n<p>O segundo Brazil Lithium Summit ser\u00e1 organizado em parceria com a empresa de consultoria internacional IN-VR. \u201cNossa colabora\u00e7\u00e3o com a Invest Minas ressalta nosso compromisso de promover parcerias globais e impulsionar o crescimento sustent\u00e1vel no setor de l\u00edtio. Estamos ansiosos para dar as boas-vindas aos participantes em Belo Horizonte\u201d, afirma Chryssa Tsouraki, CEO da IN-VR.<\/p>\n<p>Fonte: Ag\u00eancia Minas<\/p>\n","protected":false},"excerpt":{"rendered":"<p>Ap\u00f3s o sucesso do evento inaugural, o\u00a0Governo de Minas\u00a0volta a promover, em maio de 2025, o evento Brazil Lithium Summit, por meio da ag\u00eancia de investimentos do Vale do L\u00edtio no Brasil, a\u00a0Invest Minas, vinculada \u00e0\u00a0Secretaria de Estado de Desenvolvimento Econ\u00f4mico de Minas Gerais (Sede-MG). O segundo Brazil Lithium Summit ocorrer\u00e1\u00a0 de 13 a 15\/5, [&hellip;]<\/p>\n","protected":false},"author":246,"featured_media":224967,"comment_status":"closed","ping_status":"closed","sticky":false,"template":"","format":"standard","meta":{"footnotes":""},"categories":[436,440,261,254,439],"tags":[],"class_list":["post-224966","post","type-post","status-publish","format-standard","has-post-thumbnail","hentry","category-destaque-da-semana","category-destaques-do-dia","category-economia","category-politica","category-ultima-hora"],"_links":{"self":[{"href":"https:\/\/diarioregionaldigital.com.br\/index.php?rest_route=\/wp\/v2\/posts\/224966","targetHints":{"allow":["GET"]}}],"collection":[{"href":"https:\/\/diarioregionaldigital.com.br\/index.php?rest_route=\/wp\/v2\/posts"}],"about":[{"href":"https:\/\/diarioregionaldigital.com.br\/index.php?rest_route=\/wp\/v2\/types\/post"}],"author":[{"embeddable":true,"href":"https:\/\/diarioregionaldigital.com.br\/index.php?rest_route=\/wp\/v2\/users\/246"}],"replies":[{"embeddable":true,"href":"https:\/\/diarioregionaldigital.com.br\/index.php?rest_route=%2Fwp%2Fv2%2Fcomments&post=224966"}],"version-history":[{"count":1,"href":"https:\/\/diarioregionaldigital.com.br\/index.php?rest_route=\/wp\/v2\/posts\/224966\/revisions"}],"predecessor-version":[{"id":224968,"href":"https:\/\/diarioregionaldigital.com.br\/index.php?rest_route=\/wp\/v2\/posts\/224966\/revisions\/224968"}],"wp:featuredmedia":[{"embeddable":true,"href":"https:\/\/diarioregionaldigital.com.br\/index.php?rest_route=\/wp\/v2\/media\/224967"}],"wp:attachment":[{"href":"https:\/\/diarioregionaldigital.com.br\/index.php?rest_route=%2Fwp%2Fv2%2Fmedia&parent=224966"}],"wp:term":[{"taxonomy":"category","embeddable":true,"href":"https:\/\/diarioregionaldigital.com.br\/index.php?rest_route=%2Fwp%2Fv2%2Fcategories&post=224966"},{"taxonomy":"post_tag","embeddable":true,"href":"https:\/\/diarioregionaldigital.com.br\/index.php?rest_route=%2Fwp%2Fv2%2Ftags&post=224966"}],"curies":[{"name":"wp","href":"https:\/\/api.w.org\/{rel}","templated":true}]}}