{"id":224963,"date":"2024-10-11T10:16:36","date_gmt":"2024-10-11T13:16:36","guid":{"rendered":"https:\/\/diarioregionaldigital.com.br\/?p=224963"},"modified":"2024-10-11T10:16:36","modified_gmt":"2024-10-11T13:16:36","slug":"servidores-do-demlurb-participam-de-palestra-sobre-comunicacao-e-lideranca","status":"publish","type":"post","link":"https:\/\/diarioregionaldigital.com.br\/?p=224963","title":{"rendered":"Servidores do Demlurb participam de palestra sobre Comunica\u00e7\u00e3o e Lideran\u00e7a"},"content":{"rendered":"<p>Segundo informa\u00e7\u00f5es do site da Prefeitura de Juiz de Fora (PJF), nesta quinta-feira, 10, os encarregados gerais do Departamento Municipal de Limpeza Urbana (Demlurb) da Prefeitura de Juiz de Fora (PJF) participaram de uma palestra sobre Comunica\u00e7\u00e3o e Lideran\u00e7a. A a\u00e7\u00e3o, que ocorreu no Museu Ferrovi\u00e1rio, foi ministrada pelas psic\u00f3logas Patr\u00edcia Santiago e Cassiana Coutinho do Departamento de Ambi\u00eancia Organizacional (Damor) da PJF. Na atividade, foram abordadas, em roda de conversa e din\u00e2micas, tem\u00e1ticas referente a lideran\u00e7a no setor operacional para promover um ambiente de aprendizado colaborativo. Os participantes puderam compartilhar experi\u00eancias e boas pr\u00e1ticas, enriquecendo ainda mais o aprendizado. Participaram os encarregados de todos os setores do Demlurb: Coleta Domiciliar, Coleta Seletiva, Varri\u00e7\u00e3o, Capina, Apoio \u00e0 Fiscaliza\u00e7\u00e3o, Oficina, Transporte e Obras.<\/p>\n","protected":false},"excerpt":{"rendered":"<p>Segundo informa\u00e7\u00f5es do site da Prefeitura de Juiz de Fora (PJF), nesta quinta-feira, 10, os encarregados gerais do Departamento Municipal de Limpeza Urbana (Demlurb) da Prefeitura de Juiz de Fora (PJF) participaram de uma palestra sobre Comunica\u00e7\u00e3o e Lideran\u00e7a. A a\u00e7\u00e3o, que ocorreu no Museu Ferrovi\u00e1rio, foi ministrada pelas psic\u00f3logas Patr\u00edcia Santiago e Cassiana Coutinho [&hellip;]<\/p>\n","protected":false},"author":246,"featured_media":224964,"comment_status":"closed","ping_status":"closed","sticky":false,"template":"","format":"standard","meta":{"footnotes":""},"categories":[253,436,440,439],"tags":[],"class_list":["post-224963","post","type-post","status-publish","format-standard","has-post-thumbnail","hentry","category-cidade","category-destaque-da-semana","category-destaques-do-dia","category-ultima-hora"],"_links":{"self":[{"href":"https:\/\/diarioregionaldigital.com.br\/index.php?rest_route=\/wp\/v2\/posts\/224963","targetHints":{"allow":["GET"]}}],"collection":[{"href":"https:\/\/diarioregionaldigital.com.br\/index.php?rest_route=\/wp\/v2\/posts"}],"about":[{"href":"https:\/\/diarioregionaldigital.com.br\/index.php?rest_route=\/wp\/v2\/types\/post"}],"author":[{"embeddable":true,"href":"https:\/\/diarioregionaldigital.com.br\/index.php?rest_route=\/wp\/v2\/users\/246"}],"replies":[{"embeddable":true,"href":"https:\/\/diarioregionaldigital.com.br\/index.php?rest_route=%2Fwp%2Fv2%2Fcomments&post=224963"}],"version-history":[{"count":1,"href":"https:\/\/diarioregionaldigital.com.br\/index.php?rest_route=\/wp\/v2\/posts\/224963\/revisions"}],"predecessor-version":[{"id":224965,"href":"https:\/\/diarioregionaldigital.com.br\/index.php?rest_route=\/wp\/v2\/posts\/224963\/revisions\/224965"}],"wp:featuredmedia":[{"embeddable":true,"href":"https:\/\/diarioregionaldigital.com.br\/index.php?rest_route=\/wp\/v2\/media\/224964"}],"wp:attachment":[{"href":"https:\/\/diarioregionaldigital.com.br\/index.php?rest_route=%2Fwp%2Fv2%2Fmedia&parent=224963"}],"wp:term":[{"taxonomy":"category","embeddable":true,"href":"https:\/\/diarioregionaldigital.com.br\/index.php?rest_route=%2Fwp%2Fv2%2Fcategories&post=224963"},{"taxonomy":"post_tag","embeddable":true,"href":"https:\/\/diarioregionaldigital.com.br\/index.php?rest_route=%2Fwp%2Fv2%2Ftags&post=224963"}],"curies":[{"name":"wp","href":"https:\/\/api.w.org\/{rel}","templated":true}]}}