{"id":224960,"date":"2024-10-11T10:14:51","date_gmt":"2024-10-11T13:14:51","guid":{"rendered":"https:\/\/diarioregionaldigital.com.br\/?p=224960"},"modified":"2024-10-11T10:14:51","modified_gmt":"2024-10-11T13:14:51","slug":"guarda-ja-recolheu-170-animais-silvestres-em-2024","status":"publish","type":"post","link":"https:\/\/diarioregionaldigital.com.br\/?p=224960","title":{"rendered":"Guarda j\u00e1 recolheu 170 animais silvestres em 2024"},"content":{"rendered":"<p>Segundo informa\u00e7\u00f5es do site da Prefeitura de Juiz de Fora (PJF), a Guarda Municipal j\u00e1 realizou o recolhimento de 170 animais silvestres em Juiz de Fora desde janeiro. S\u00e3o esp\u00e9cies de pequeno porte da fauna local que, por alguma raz\u00e3o, deixaram seu habitat e foram encontrados pela popula\u00e7\u00e3o na via p\u00fablica ou em resid\u00eancias da \u00e1rea urbana do munic\u00edpio. Entre as esp\u00e9cies mais comuns est\u00e3o aves, micos, serpentes e roedores. Na manh\u00e3, desta quinta-feira, 10, duas aves, uma coruja cabor\u00e9 e um bacurau, entraram para os registros do trabalho da equipe de prote\u00e7\u00e3o ambiental da Guarda.<\/p>\n<p>&nbsp;<\/p>\n<p>Todos os animais recolhidos s\u00e3o conduzidos ao Centro de Triagem de Animais Silvestres (Cetas) do Instituto Brasileiro de Meio Ambiente (IBAMA), para avalia\u00e7\u00e3o veterin\u00e1ria e procedimentos necess\u00e1rios antes do retorno ao meio ambiente. A equipe n\u00e3o faz captura e encaminhamento de animais dom\u00e9sticos, como c\u00e3es e gatos ou de grande porte como capivaras e cavalos.<\/p>\n<p>&nbsp;<\/p>\n<p>Desde 2021, a Guarda Municipal atua como for\u00e7a de apoio aos \u00f3rg\u00e3os ambientais, fazendo recolhimento de animais silvestres, de pequeno porte, exclusivamente, na \u00e1rea urbana do munic\u00edpio. A atividade acontece paralelamente \u00e0s demais a\u00e7\u00f5es das equipes, raz\u00e3o pela qual o atendimento segue crit\u00e9rios de prioridade e disponibilidade de equipe no momento da solicita\u00e7\u00e3o.<\/p>\n<p>&nbsp;<\/p>\n<p>O telefone 153 \u00e9 o n\u00famero para acionar a Guarda, nos casos em que o animal se encontre ferido, impossibilitado de retornar para a natureza ou esteja colocando em perigo a vida de pessoas. O atendimento para este fim funciona de 8h \u00e0s 17h.<\/p>\n<p>&nbsp;<\/p>\n<p>Os integrantes da Guarda Municipal s\u00e3o treinados para o manejo de animais silvestres, em parceria com a 4\u00aa Companhia de Pol\u00edcia de Meio Ambiente e com o Cetas.<\/p>\n<p>&nbsp;<\/p>\n","protected":false},"excerpt":{"rendered":"<p>Segundo informa\u00e7\u00f5es do site da Prefeitura de Juiz de Fora (PJF), a Guarda Municipal j\u00e1 realizou o recolhimento de 170 animais silvestres em Juiz de Fora desde janeiro. S\u00e3o esp\u00e9cies de pequeno porte da fauna local que, por alguma raz\u00e3o, deixaram seu habitat e foram encontrados pela popula\u00e7\u00e3o na via p\u00fablica ou em resid\u00eancias da [&hellip;]<\/p>\n","protected":false},"author":246,"featured_media":224961,"comment_status":"closed","ping_status":"closed","sticky":false,"template":"","format":"standard","meta":{"footnotes":""},"categories":[253,436,440,439],"tags":[],"class_list":["post-224960","post","type-post","status-publish","format-standard","has-post-thumbnail","hentry","category-cidade","category-destaque-da-semana","category-destaques-do-dia","category-ultima-hora"],"_links":{"self":[{"href":"https:\/\/diarioregionaldigital.com.br\/index.php?rest_route=\/wp\/v2\/posts\/224960","targetHints":{"allow":["GET"]}}],"collection":[{"href":"https:\/\/diarioregionaldigital.com.br\/index.php?rest_route=\/wp\/v2\/posts"}],"about":[{"href":"https:\/\/diarioregionaldigital.com.br\/index.php?rest_route=\/wp\/v2\/types\/post"}],"author":[{"embeddable":true,"href":"https:\/\/diarioregionaldigital.com.br\/index.php?rest_route=\/wp\/v2\/users\/246"}],"replies":[{"embeddable":true,"href":"https:\/\/diarioregionaldigital.com.br\/index.php?rest_route=%2Fwp%2Fv2%2Fcomments&post=224960"}],"version-history":[{"count":1,"href":"https:\/\/diarioregionaldigital.com.br\/index.php?rest_route=\/wp\/v2\/posts\/224960\/revisions"}],"predecessor-version":[{"id":224962,"href":"https:\/\/diarioregionaldigital.com.br\/index.php?rest_route=\/wp\/v2\/posts\/224960\/revisions\/224962"}],"wp:featuredmedia":[{"embeddable":true,"href":"https:\/\/diarioregionaldigital.com.br\/index.php?rest_route=\/wp\/v2\/media\/224961"}],"wp:attachment":[{"href":"https:\/\/diarioregionaldigital.com.br\/index.php?rest_route=%2Fwp%2Fv2%2Fmedia&parent=224960"}],"wp:term":[{"taxonomy":"category","embeddable":true,"href":"https:\/\/diarioregionaldigital.com.br\/index.php?rest_route=%2Fwp%2Fv2%2Fcategories&post=224960"},{"taxonomy":"post_tag","embeddable":true,"href":"https:\/\/diarioregionaldigital.com.br\/index.php?rest_route=%2Fwp%2Fv2%2Ftags&post=224960"}],"curies":[{"name":"wp","href":"https:\/\/api.w.org\/{rel}","templated":true}]}}