{"id":224957,"date":"2024-10-11T10:10:45","date_gmt":"2024-10-11T13:10:45","guid":{"rendered":"https:\/\/diarioregionaldigital.com.br\/?p=224957"},"modified":"2024-10-11T10:10:45","modified_gmt":"2024-10-11T13:10:45","slug":"moraes-confirma-juri-popular-de-lessa-e-elcio-para-30-de-outubro","status":"publish","type":"post","link":"https:\/\/diarioregionaldigital.com.br\/?p=224957","title":{"rendered":"Moraes confirma j\u00fari popular de Lessa e \u00c9lcio para 30 de outubro"},"content":{"rendered":"<p>O ministro Alexandre de Moraes, do Supremo Tribunal Federal (STF), autorizou nesta quinta-feira (10) a realiza\u00e7\u00e3o do j\u00fari popular que vai decidir se condena os ex-policiais Ronnie Lessa e \u00c9lcio Queiroz pelo assassinato da vereadora Marielle Franco e do motorista Anderson Gomes, ocorrido em 2018.<img decoding=\"async\" src=\"https:\/\/agenciabrasil.ebc.com.br\/ebc.png?id=1615048&amp;o=node\" \/><img decoding=\"async\" src=\"https:\/\/agenciabrasil.ebc.com.br\/ebc.gif?id=1615048&amp;o=node\" \/><\/p>\n<p>O in\u00edcio do julgamento do Tribunal do J\u00fari da Comarca do Rio de Janeiro foi marcado para o dia 30 deste m\u00eas, \u00e0s 9h. A decis\u00e3o de Moraes confirma a realiza\u00e7\u00e3o do julgamento, que foi agendado em setembro deste ano pelo juiz Gustavo Kalil, \u00a0titular do 4\u00ba Tribunal do J\u00fari, que presidir\u00e1 a sess\u00e3o.<\/p>\n<p>A autoriza\u00e7\u00e3o foi solicitada ao Supremo porque Lessa e Elcio s\u00e3o r\u00e9us na a\u00e7\u00e3o penal que tramita no tribunal sobre o assassinato e est\u00e1 sob a relatoria de Alexandre de Moraes.<\/p>\n<p>Lessa assinou acordo de dela\u00e7\u00e3o premiada e \u00e9 r\u00e9u confesso do assassinato. Ele deu os tiros que mataram a vereadora e o motorista. Segundo o acusado, o crime foi cometido a mando dos irm\u00e3os Braz\u00e3o. \u00c9lcio foi respons\u00e1vel por dirigir o carro usado no crime.<\/p>\n<p>Al\u00e9m dos dois acusados, s\u00e3o r\u00e9us no processo que est\u00e1 no STF o conselheiro do Tribunal de Contas do Rio de Janeiro (TCE-RJ), Domingos Braz\u00e3o, o irm\u00e3o dele, Chiquinho Braz\u00e3o, deputado federal (Sem Partido-RJ), o ex-chefe da Pol\u00edcia Civil do Rio de Janeiro Rivaldo Barbosa e o major da Policia Militar Ronald Paulo de Alves Pereira.<\/p>\n<p>Todos respondem pelos crimes de homic\u00eddio e organiza\u00e7\u00e3o criminosa e est\u00e3o presos.<\/p>\n<p>Fonte: Ag\u00eancia Brasil<\/p>\n","protected":false},"excerpt":{"rendered":"<p>O ministro Alexandre de Moraes, do Supremo Tribunal Federal (STF), autorizou nesta quinta-feira (10) a realiza\u00e7\u00e3o do j\u00fari popular que vai decidir se condena os ex-policiais Ronnie Lessa e \u00c9lcio Queiroz pelo assassinato da vereadora Marielle Franco e do motorista Anderson Gomes, ocorrido em 2018. O in\u00edcio do julgamento do Tribunal do J\u00fari da Comarca [&hellip;]<\/p>\n","protected":false},"author":246,"featured_media":224958,"comment_status":"closed","ping_status":"closed","sticky":false,"template":"","format":"standard","meta":{"footnotes":""},"categories":[436,440,261,254,439],"tags":[],"class_list":["post-224957","post","type-post","status-publish","format-standard","has-post-thumbnail","hentry","category-destaque-da-semana","category-destaques-do-dia","category-economia","category-politica","category-ultima-hora"],"_links":{"self":[{"href":"https:\/\/diarioregionaldigital.com.br\/index.php?rest_route=\/wp\/v2\/posts\/224957","targetHints":{"allow":["GET"]}}],"collection":[{"href":"https:\/\/diarioregionaldigital.com.br\/index.php?rest_route=\/wp\/v2\/posts"}],"about":[{"href":"https:\/\/diarioregionaldigital.com.br\/index.php?rest_route=\/wp\/v2\/types\/post"}],"author":[{"embeddable":true,"href":"https:\/\/diarioregionaldigital.com.br\/index.php?rest_route=\/wp\/v2\/users\/246"}],"replies":[{"embeddable":true,"href":"https:\/\/diarioregionaldigital.com.br\/index.php?rest_route=%2Fwp%2Fv2%2Fcomments&post=224957"}],"version-history":[{"count":1,"href":"https:\/\/diarioregionaldigital.com.br\/index.php?rest_route=\/wp\/v2\/posts\/224957\/revisions"}],"predecessor-version":[{"id":224959,"href":"https:\/\/diarioregionaldigital.com.br\/index.php?rest_route=\/wp\/v2\/posts\/224957\/revisions\/224959"}],"wp:featuredmedia":[{"embeddable":true,"href":"https:\/\/diarioregionaldigital.com.br\/index.php?rest_route=\/wp\/v2\/media\/224958"}],"wp:attachment":[{"href":"https:\/\/diarioregionaldigital.com.br\/index.php?rest_route=%2Fwp%2Fv2%2Fmedia&parent=224957"}],"wp:term":[{"taxonomy":"category","embeddable":true,"href":"https:\/\/diarioregionaldigital.com.br\/index.php?rest_route=%2Fwp%2Fv2%2Fcategories&post=224957"},{"taxonomy":"post_tag","embeddable":true,"href":"https:\/\/diarioregionaldigital.com.br\/index.php?rest_route=%2Fwp%2Fv2%2Ftags&post=224957"}],"curies":[{"name":"wp","href":"https:\/\/api.w.org\/{rel}","templated":true}]}}