{"id":224954,"date":"2024-10-11T10:05:34","date_gmt":"2024-10-11T13:05:34","guid":{"rendered":"https:\/\/diarioregionaldigital.com.br\/?p=224954"},"modified":"2024-10-11T10:05:34","modified_gmt":"2024-10-11T13:05:34","slug":"ibge-diz-que-setor-de-servicos-cai-04-em-agosto","status":"publish","type":"post","link":"https:\/\/diarioregionaldigital.com.br\/?p=224954","title":{"rendered":"IBGE diz que setor de servi\u00e7os cai 0,4% em agosto"},"content":{"rendered":"<p>O volume do setor de servi\u00e7os no pa\u00eds recuou 0,4% em agosto deste ano na compara\u00e7\u00e3o com julho. A queda veio depois de dois resultados positivos do setor, que havia crescido 1,4% em junho e 0,2% em julho. Os dados s\u00e3o da Pesquisa Mensal de Servi\u00e7os (PMS), divulgada nesta sexta-feira (11), no Rio de Janeiro, pelo Instituto Brasileiro de Geografia e Estat\u00edstica (IBGE).<img decoding=\"async\" src=\"https:\/\/agenciabrasil.ebc.com.br\/ebc.png?id=1615062&amp;o=node\" \/><img decoding=\"async\" src=\"https:\/\/agenciabrasil.ebc.com.br\/ebc.gif?id=1615062&amp;o=node\" \/><\/p>\n<p>Na compara\u00e7\u00e3o com agosto do ano passado, houve crescimento de 1,7%. Tamb\u00e9m houve altas no acumulado do ano (2,7%) e no acumulado de 12 meses (1,9%).<\/p>\n<p>A queda de julho para agosto foi influenciada por resultados negativos em duas das cinco atividades pesquisadas: o setor de informa\u00e7\u00e3o e comunica\u00e7\u00e3o (-1%), que havia subido 3,7% no m\u00eas anterior; e o de transportes (-0,4%), que apresentou a segunda queda consecutiva, acumulando perda de 2% em dois meses.<\/p>\n<h2>Crescimento<\/h2>\n<p>Duas das cinco atividades analisadas apresentaram expans\u00e3o: outros servi\u00e7os (1,4%) e servi\u00e7os prestados \u00e0s fam\u00edlias (0,8%). Os servi\u00e7os profissionais, administrativos e complementares permaneceram est\u00e1veis.<\/p>\n<p>O agregado de atividades tur\u00edsticas, que \u00e9 analisado de forma separada pela pesquisa do IBGE, manteve-se est\u00e1vel no m\u00eas, ap\u00f3s cair 0,8% em julho.<\/p>\n<p>A receita nominal dos servi\u00e7os variou 0,1% em rela\u00e7\u00e3o a julho e cresceu 7,5% na compara\u00e7\u00e3o com agosto do ano passado, 7,5% no acumulado do ano e 6,7% no acumulado de 12 meses.<\/p>\n<p>Fonte: Ag\u00eancia Brasil<\/p>\n","protected":false},"excerpt":{"rendered":"<p>O volume do setor de servi\u00e7os no pa\u00eds recuou 0,4% em agosto deste ano na compara\u00e7\u00e3o com julho. A queda veio depois de dois resultados positivos do setor, que havia crescido 1,4% em junho e 0,2% em julho. Os dados s\u00e3o da Pesquisa Mensal de Servi\u00e7os (PMS), divulgada nesta sexta-feira (11), no Rio de Janeiro, [&hellip;]<\/p>\n","protected":false},"author":246,"featured_media":224955,"comment_status":"closed","ping_status":"closed","sticky":false,"template":"","format":"standard","meta":{"footnotes":""},"categories":[436,440,261,254,439],"tags":[],"class_list":["post-224954","post","type-post","status-publish","format-standard","has-post-thumbnail","hentry","category-destaque-da-semana","category-destaques-do-dia","category-economia","category-politica","category-ultima-hora"],"_links":{"self":[{"href":"https:\/\/diarioregionaldigital.com.br\/index.php?rest_route=\/wp\/v2\/posts\/224954","targetHints":{"allow":["GET"]}}],"collection":[{"href":"https:\/\/diarioregionaldigital.com.br\/index.php?rest_route=\/wp\/v2\/posts"}],"about":[{"href":"https:\/\/diarioregionaldigital.com.br\/index.php?rest_route=\/wp\/v2\/types\/post"}],"author":[{"embeddable":true,"href":"https:\/\/diarioregionaldigital.com.br\/index.php?rest_route=\/wp\/v2\/users\/246"}],"replies":[{"embeddable":true,"href":"https:\/\/diarioregionaldigital.com.br\/index.php?rest_route=%2Fwp%2Fv2%2Fcomments&post=224954"}],"version-history":[{"count":1,"href":"https:\/\/diarioregionaldigital.com.br\/index.php?rest_route=\/wp\/v2\/posts\/224954\/revisions"}],"predecessor-version":[{"id":224956,"href":"https:\/\/diarioregionaldigital.com.br\/index.php?rest_route=\/wp\/v2\/posts\/224954\/revisions\/224956"}],"wp:featuredmedia":[{"embeddable":true,"href":"https:\/\/diarioregionaldigital.com.br\/index.php?rest_route=\/wp\/v2\/media\/224955"}],"wp:attachment":[{"href":"https:\/\/diarioregionaldigital.com.br\/index.php?rest_route=%2Fwp%2Fv2%2Fmedia&parent=224954"}],"wp:term":[{"taxonomy":"category","embeddable":true,"href":"https:\/\/diarioregionaldigital.com.br\/index.php?rest_route=%2Fwp%2Fv2%2Fcategories&post=224954"},{"taxonomy":"post_tag","embeddable":true,"href":"https:\/\/diarioregionaldigital.com.br\/index.php?rest_route=%2Fwp%2Fv2%2Ftags&post=224954"}],"curies":[{"name":"wp","href":"https:\/\/api.w.org\/{rel}","templated":true}]}}