{"id":224941,"date":"2024-10-10T19:40:54","date_gmt":"2024-10-10T22:40:54","guid":{"rendered":"https:\/\/diarioregionaldigital.com.br\/?p=224941"},"modified":"2024-10-10T19:40:54","modified_gmt":"2024-10-10T22:40:54","slug":"governo-de-minas-conclui-obra-entre-br-365-e-indianopolis-no-triangulo-mineiro","status":"publish","type":"post","link":"https:\/\/diarioregionaldigital.com.br\/?p=224941","title":{"rendered":"Governo de Minas conclui obra entre BR-365 e Indian\u00f3polis, no Tri\u00e2ngulo Mineiro"},"content":{"rendered":"<p dir=\"ltr\">A restaura\u00e7\u00e3o do pavimento da AMG-1105, rodovia que conecta a BR-365 a Indian\u00f3polis, no Tri\u00e2ngulo Mineiro, foi finalizada na \u00faltima semana. Com 16,1 quil\u00f4metros de extens\u00e3o, a rodovia faz parte do Provias, o maior pacote de obras rodovi\u00e1rias da \u00faltima d\u00e9cada em Minas Gerais, e contou com um investimento superior a R$ 10 milh\u00f5es.<\/p>\n<p dir=\"ltr\">Iniciada em novembro de 2023, a revitaliza\u00e7\u00e3o do trecho oferece mais seguran\u00e7a e qualidade no tr\u00e1fego para os moradores de Indian\u00f3polis que conta com mais de seis mil habitantes.<\/p>\n<p dir=\"ltr\">O trecho \u00e9 um importante acesso a bens e servi\u00e7os da popula\u00e7\u00e3o que precisa se deslocar rumo a Uberl\u00e2ndia, munic\u00edpio de refer\u00eancia para a regi\u00e3o para atendimento na \u00e1rea hospitalar, escolas e servi\u00e7os.<\/p>\n<p dir=\"ltr\">A AMG-1105 est\u00e1 localizada em uma regi\u00e3o produtora de gr\u00e3os e fazendas de grande porte ao longo do trecho. O local abriga, ainda, \u00e1reas de plantio de seringais e produ\u00e7\u00e3o de gr\u00e3os de caf\u00e9.<\/p>\n<p dir=\"ltr\">Na avalia\u00e7\u00e3o do diretor-geral do <a href=\"https:\/\/www.der.mg.gov.br\/\" target=\"_blank\" rel=\"noopener\">Departamento de Estradas de Rodagem do Estado de Minas Gerais (DER-MG)<\/a>, o Provias est\u00e1 mudando a realidade das rodovias mineiras. \u201cOs esfor\u00e7os do <a href=\"https:\/\/www.mg.gov.br\/\" target=\"_blank\" rel=\"noopener\">Governo do Estado<\/a> est\u00e3o garantindo n\u00e3o s\u00f3 a recupera\u00e7\u00e3o da infraestrutura rodovi\u00e1ria, como tamb\u00e9m tem tirando do papel obras aguardadas h\u00e1 d\u00e9cadas pela popula\u00e7\u00e3o\u201d, destaca.<\/p>\n<p dir=\"ltr\"><strong>Provias<\/strong><\/p>\n<p dir=\"ltr\">Considerado o maior programa de recupera\u00e7\u00e3o e pavimenta\u00e7\u00e3o rodovi\u00e1ria da \u00faltima d\u00e9cada, o Provias tem como objetivo reverter a situa\u00e7\u00e3o prec\u00e1ria em que se encontram muitas rodovias mineiras devido ao baixo investimento realizado por gest\u00f5es anteriores na manuten\u00e7\u00e3o das estradas.<\/p>\n<p dir=\"ltr\">O programa conta com mais de R$ 4,5 bilh\u00f5es em investimentos, que est\u00e3o sendo aplicados em de 143 interven\u00e7\u00f5es em rodovias de Norte a Sul do estado.<\/p>\n<p dir=\"ltr\">O Provias se divide em dois eixos: recupera\u00e7\u00e3o funcional, com objetivo de promover melhorias no pavimento das estradas em pior estado de conserva\u00e7\u00e3o; e pavimenta\u00e7\u00e3o e constru\u00e7\u00e3o de pontes, com foco em viabilizar novas liga\u00e7\u00f5es entre importantes regi\u00f5es de Minas Gerais.<\/p>\n<p dir=\"ltr\">Fonte: Ag\u00eancia Minas<\/p>\n","protected":false},"excerpt":{"rendered":"<p>A restaura\u00e7\u00e3o do pavimento da AMG-1105, rodovia que conecta a BR-365 a Indian\u00f3polis, no Tri\u00e2ngulo Mineiro, foi finalizada na \u00faltima semana. Com 16,1 quil\u00f4metros de extens\u00e3o, a rodovia faz parte do Provias, o maior pacote de obras rodovi\u00e1rias da \u00faltima d\u00e9cada em Minas Gerais, e contou com um investimento superior a R$ 10 milh\u00f5es. Iniciada [&hellip;]<\/p>\n","protected":false},"author":246,"featured_media":224942,"comment_status":"closed","ping_status":"closed","sticky":false,"template":"","format":"standard","meta":{"footnotes":""},"categories":[436,440,261,254,439],"tags":[],"class_list":["post-224941","post","type-post","status-publish","format-standard","has-post-thumbnail","hentry","category-destaque-da-semana","category-destaques-do-dia","category-economia","category-politica","category-ultima-hora"],"_links":{"self":[{"href":"https:\/\/diarioregionaldigital.com.br\/index.php?rest_route=\/wp\/v2\/posts\/224941","targetHints":{"allow":["GET"]}}],"collection":[{"href":"https:\/\/diarioregionaldigital.com.br\/index.php?rest_route=\/wp\/v2\/posts"}],"about":[{"href":"https:\/\/diarioregionaldigital.com.br\/index.php?rest_route=\/wp\/v2\/types\/post"}],"author":[{"embeddable":true,"href":"https:\/\/diarioregionaldigital.com.br\/index.php?rest_route=\/wp\/v2\/users\/246"}],"replies":[{"embeddable":true,"href":"https:\/\/diarioregionaldigital.com.br\/index.php?rest_route=%2Fwp%2Fv2%2Fcomments&post=224941"}],"version-history":[{"count":1,"href":"https:\/\/diarioregionaldigital.com.br\/index.php?rest_route=\/wp\/v2\/posts\/224941\/revisions"}],"predecessor-version":[{"id":224943,"href":"https:\/\/diarioregionaldigital.com.br\/index.php?rest_route=\/wp\/v2\/posts\/224941\/revisions\/224943"}],"wp:featuredmedia":[{"embeddable":true,"href":"https:\/\/diarioregionaldigital.com.br\/index.php?rest_route=\/wp\/v2\/media\/224942"}],"wp:attachment":[{"href":"https:\/\/diarioregionaldigital.com.br\/index.php?rest_route=%2Fwp%2Fv2%2Fmedia&parent=224941"}],"wp:term":[{"taxonomy":"category","embeddable":true,"href":"https:\/\/diarioregionaldigital.com.br\/index.php?rest_route=%2Fwp%2Fv2%2Fcategories&post=224941"},{"taxonomy":"post_tag","embeddable":true,"href":"https:\/\/diarioregionaldigital.com.br\/index.php?rest_route=%2Fwp%2Fv2%2Ftags&post=224941"}],"curies":[{"name":"wp","href":"https:\/\/api.w.org\/{rel}","templated":true}]}}