{"id":224938,"date":"2024-10-10T19:39:21","date_gmt":"2024-10-10T22:39:21","guid":{"rendered":"https:\/\/diarioregionaldigital.com.br\/?p=224938"},"modified":"2024-10-10T19:39:21","modified_gmt":"2024-10-10T22:39:21","slug":"exportacoes-mineiras-somam-us-316-bilhoes-ate-setembro-e-balanca-mantem-ritmo-positivo","status":"publish","type":"post","link":"https:\/\/diarioregionaldigital.com.br\/?p=224938","title":{"rendered":"Exporta\u00e7\u00f5es mineiras somam US$ 31,6 bilh\u00f5es at\u00e9 setembro, e balan\u00e7a mant\u00e9m ritmo positivo"},"content":{"rendered":"<p>Minas Gerais segue acumulando resultados positivos nas rela\u00e7\u00f5es comerciais com o mercado internacional em 2024. Entre janeiro e setembro, as exporta\u00e7\u00f5es mineiras somaram US$ 31,6 bilh\u00f5es, um aumento de 5,5% em compara\u00e7\u00e3o aos primeiros nove meses de 2023. Os dados s\u00e3o da Secretaria de Com\u00e9rcio Exterior do Minist\u00e9rio do Desenvolvimento, Ind\u00fastria, Com\u00e9rcio e Servi\u00e7os (Secex\/MDIC).<\/p>\n<p>Considerando todo o fluxo comercial, isto \u00e9, a soma das opera\u00e7\u00f5es de importa\u00e7\u00e3o e exporta\u00e7\u00e3o, Minas Gerais contabilizou US$ 44 bilh\u00f5es nos nove primeiros meses de 2024. O saldo da balan\u00e7a comercial do estado fechou superavit\u00e1rio em US$ 19,1 bilh\u00f5es, alta de 4,6% frente ao mesmo intervalo de 2023.<\/p>\n<p>&nbsp;<\/p>\n<table border=\"0\" cellspacing=\"1\" cellpadding=\"1\" align=\"center\">\n<tbody>\n<tr>\n<td colspan=\"5\"><img decoding=\"async\" src=\"https:\/\/www.agenciaminas.mg.gov.br\/ckeditor_assets\/pictures\/20949\/content_2_olho_topo.jpg\" alt=\"\" \/><\/td>\n<\/tr>\n<tr>\n<td><\/td>\n<td colspan=\"3\" rowspan=\"3\">\n<h1><strong>&#8220;Desde o in\u00edcio da minha gest\u00e3o, temos promovido diversas a\u00e7\u00f5es e pol\u00edticas p\u00fablicas para fortalecer os neg\u00f3cios com outros pa\u00edses. N\u00e3o por acaso, no \u00faltimo m\u00eas de setembro, Minas passou a ocupar o segundo lugar como principal exportador do pa\u00eds, um reflexo do trabalho s\u00e9rio e focado em gerar oportunidades de neg\u00f3cios para o estado&#8221;, ressalta o governador Romeu Zema.<\/strong><\/h1>\n<\/td>\n<td><\/td>\n<\/tr>\n<tr>\n<td><\/td>\n<td><\/td>\n<\/tr>\n<tr>\n<td><\/td>\n<td><\/td>\n<\/tr>\n<tr>\n<td colspan=\"5\"><img decoding=\"async\" src=\"https:\/\/www.agenciaminas.mg.gov.br\/ckeditor_assets\/pictures\/20950\/content_2_olho_inferior.jpg\" alt=\"\" \/><\/td>\n<\/tr>\n<\/tbody>\n<\/table>\n<p>O <a href=\"https:\/\/www.mg.gov.br\/\" target=\"_blank\" rel=\"noopener\">Governo de Minas<\/a>, por meio da <a href=\"https:\/\/desenvolvimento.mg.gov.br\/\" target=\"_blank\" rel=\"noopener\">Secretaria de Estado de Desenvolvimento Econ\u00f4mico (Sede-MG)<\/a>, vem atuando desde 2019 para estabelecer e consolidar novas rela\u00e7\u00f5es comerciais &#8211; inclusive em miss\u00f5es internacionais, sempre focado no compromisso de posicionar o Estado como amigo de quem quer empreender, investir e, consequentemente, criar novos postos de trabalho para os mineiros.<\/p>\n<p>&#8220;Nossa participa\u00e7\u00e3o nas exporta\u00e7\u00f5es brasileiras, no \u00faltimo m\u00eas, foi de mais de 11,9%. Esse resultado \u00e9 reflexo do trabalho que vem sendo feito no Governo Zema, com a promo\u00e7\u00e3o internacional de produtos mineiros em diversas embaixadas e consulados brasileiros no exterior&#8221;, explica o secret\u00e1rio de Estado de Desenvolvimento Econ\u00f4mico de Minas Gerais, Fernando Passalio.<\/p>\n<p><strong>Principais produtos e setores<\/strong><\/p>\n<p>Os principais produtos da pauta exportadora do estado foram: min\u00e9rio de ferro (32,1%), caf\u00e9 (16,5%), soja (9,1%), a\u00e7\u00facares (5,2%) e ferroligas (5,1%).<\/p>\n<p>Entre janeiro e setembro, Minas Gerais tamb\u00e9m se manteve como o principal estado brasileiro exportador de min\u00e9rio de ferro, produto que gerou US$10,1 bilh\u00f5es para a economia mineira, de caf\u00e9 (US$ 5,2\u00a0 bilh\u00f5es) e ferroligas (US$ 1,6 bilh\u00e3o).<\/p>\n<p>Dentre os produtos que mais registraram crescimento nas exporta\u00e7\u00f5es do consolidado at\u00e9 setembro, em compara\u00e7\u00e3o com o mesmo per\u00edodo de 2023, destacaram-se o caf\u00e9, com crescimento de US$ 296,5 milh\u00f5es (69%); ferro fundido bruto e ferro spiegel, que obtiveram incremento de US$ 40,3 milh\u00f5es (49%); os avi\u00f5es e outros ve\u00edculos a\u00e9reos (de peso superior a 15 mil kg) cresceram na ordem de US$ 28 milh\u00f5es (298%); os transformadores el\u00e9tricos aumentaram em US$ 24,7 milh\u00f5es (254%); e os autom\u00f3veis de passageiros registraram incremento de US$ 24,5 milh\u00f5es (201%).<\/p>\n<p><strong>Destinos e mercados<\/strong><\/p>\n<p>Nos primeiros nove meses de 2024, as exporta\u00e7\u00f5es mineiras alcan\u00e7aram 188 mercados, sendo os principais destinos: China (40%), Estados Unidos (9,8%), Argentina (3,5%), Alemanha (3,3%) e Pa\u00edses Baixos (3,3%).<\/p>\n<p>Al\u00e9m disso, Minas aumentou seus envios para os parceiros estrat\u00e9gicos em compara\u00e7\u00e3o com o mesmo per\u00edodo de 2023. Somando US$ 713,1 milh\u00f5es, as exporta\u00e7\u00f5es para a China aumentaram em 5,99%; na sequ\u00eancia, v\u00eam os Estados Unidos (com US$ 450,1 milh\u00f5es e crescimento de 16,94%); e Alemanha (US$ 234,7 milh\u00f5es e 28,70%).<\/p>\n<p>Dentre os munic\u00edpios que se destacaram nas exporta\u00e7\u00f5es durante o per\u00edodo, Concei\u00e7\u00e3o do Mato Dentro, na regi\u00e3o Central do estado, respondeu por 5,4% das comercializa\u00e7\u00f5es internacionais mineiras, seguido de Nova Lima (5,2%), Arax\u00e1 (5,1%), Varginha (4,3%) e S\u00e3o Gon\u00e7alo do Rio Abaixo (3,8%).<\/p>\n<p>Perspectiva das importa\u00e7\u00f5es<\/p>\n<p>No acumulado do ano, Minas Gerais ocupa a 5\u00aa posi\u00e7\u00e3o como principal estado importador, representando 6,3% das importa\u00e7\u00f5es brasileiras. De janeiro at\u00e9 setembro, as compras internacionais mineiras somaram US$ 12,4 bilh\u00f5es, um aumento de 6,8% em compara\u00e7\u00e3o com o mesmo per\u00edodo de 2023.<\/p>\n<p>Os principais produtos importados por Minas em 2024 foram: autom\u00f3veis de passageiros (5,5%), hulhas e combust\u00edveis semelhantes (3,5%), diodos, transistores e dispositivos semelhantes (3,3%), partes acess\u00f3rios de autom\u00f3veis\u00a0 (3%) e fertilizantes (2,8%).<\/p>\n<p>No recorte, dos 149 mercados de origem, a China se manteve como principal parceiro comercial de Minas, representando 25,7% das importa\u00e7\u00f5es do estado, acompanhada dos Estados Unidos (12,2%), Argentina\u00a0 (9%), Alemanha (5,1%) e It\u00e1lia (5,1%).<\/p>\n<p>Os principais munic\u00edpios importadores foram: Betim (14,5%), Extrema (10,9%), Uberaba (8,5%), Belo Horizonte (5,9%) e Contagem (5,4%).<\/p>\n<p><strong>Exporta\u00e7\u00f5es de alto valor agregado<\/strong><\/p>\n<p>Entre 2019 e 2023, por meio das pol\u00edticas p\u00fablicas para o com\u00e9rcio exterior do Governo de Minas, o estado alcan\u00e7ou o valor de US$ 3,7 bilh\u00f5es em exporta\u00e7\u00e3o de produtos de alta e m\u00e9dia-alta tecnologia, setores que cresceram 72,9% nas comercializa\u00e7\u00f5es no per\u00edodo.<\/p>\n<p>Considera-se como setores de alta tecnologia as aeronaves espaciais e m\u00e1quinas relacionadas, produtos inform\u00e1ticos, eletr\u00f4nicos e \u00f3ticos. J\u00e1 no setor de m\u00e9dia-alta tecnologia fazem parte: equipamentos el\u00e9tricos, ve\u00edculos autom\u00f3veis, reboques e semi-reboques, produtos qu\u00edmicos e m\u00e1quinas e equipamentos.<\/p>\n<p>Fonte: Ag\u00eancia Minas<\/p>\n","protected":false},"excerpt":{"rendered":"<p>Minas Gerais segue acumulando resultados positivos nas rela\u00e7\u00f5es comerciais com o mercado internacional em 2024. Entre janeiro e setembro, as exporta\u00e7\u00f5es mineiras somaram US$ 31,6 bilh\u00f5es, um aumento de 5,5% em compara\u00e7\u00e3o aos primeiros nove meses de 2023. Os dados s\u00e3o da Secretaria de Com\u00e9rcio Exterior do Minist\u00e9rio do Desenvolvimento, Ind\u00fastria, Com\u00e9rcio e Servi\u00e7os (Secex\/MDIC). [&hellip;]<\/p>\n","protected":false},"author":246,"featured_media":224939,"comment_status":"closed","ping_status":"closed","sticky":false,"template":"","format":"standard","meta":{"footnotes":""},"categories":[436,440,261,254,439],"tags":[],"class_list":["post-224938","post","type-post","status-publish","format-standard","has-post-thumbnail","hentry","category-destaque-da-semana","category-destaques-do-dia","category-economia","category-politica","category-ultima-hora"],"_links":{"self":[{"href":"https:\/\/diarioregionaldigital.com.br\/index.php?rest_route=\/wp\/v2\/posts\/224938","targetHints":{"allow":["GET"]}}],"collection":[{"href":"https:\/\/diarioregionaldigital.com.br\/index.php?rest_route=\/wp\/v2\/posts"}],"about":[{"href":"https:\/\/diarioregionaldigital.com.br\/index.php?rest_route=\/wp\/v2\/types\/post"}],"author":[{"embeddable":true,"href":"https:\/\/diarioregionaldigital.com.br\/index.php?rest_route=\/wp\/v2\/users\/246"}],"replies":[{"embeddable":true,"href":"https:\/\/diarioregionaldigital.com.br\/index.php?rest_route=%2Fwp%2Fv2%2Fcomments&post=224938"}],"version-history":[{"count":1,"href":"https:\/\/diarioregionaldigital.com.br\/index.php?rest_route=\/wp\/v2\/posts\/224938\/revisions"}],"predecessor-version":[{"id":224940,"href":"https:\/\/diarioregionaldigital.com.br\/index.php?rest_route=\/wp\/v2\/posts\/224938\/revisions\/224940"}],"wp:featuredmedia":[{"embeddable":true,"href":"https:\/\/diarioregionaldigital.com.br\/index.php?rest_route=\/wp\/v2\/media\/224939"}],"wp:attachment":[{"href":"https:\/\/diarioregionaldigital.com.br\/index.php?rest_route=%2Fwp%2Fv2%2Fmedia&parent=224938"}],"wp:term":[{"taxonomy":"category","embeddable":true,"href":"https:\/\/diarioregionaldigital.com.br\/index.php?rest_route=%2Fwp%2Fv2%2Fcategories&post=224938"},{"taxonomy":"post_tag","embeddable":true,"href":"https:\/\/diarioregionaldigital.com.br\/index.php?rest_route=%2Fwp%2Fv2%2Ftags&post=224938"}],"curies":[{"name":"wp","href":"https:\/\/api.w.org\/{rel}","templated":true}]}}