{"id":224932,"date":"2024-10-09T19:59:29","date_gmt":"2024-10-09T22:59:29","guid":{"rendered":"https:\/\/diarioregionaldigital.com.br\/?p=224932"},"modified":"2024-10-09T19:59:29","modified_gmt":"2024-10-09T22:59:29","slug":"cuidado-com-as-areas-de-lazer-prefeitura-segue-com-as-revitalizacoes-de-pracas-pela-cidade","status":"publish","type":"post","link":"https:\/\/diarioregionaldigital.com.br\/?p=224932","title":{"rendered":"Cuidado com as \u00e1reas de lazer: Prefeitura segue com as revitaliza\u00e7\u00f5es de pra\u00e7as pela cidade"},"content":{"rendered":"<p>Segundo informa\u00e7\u00f5es do site da Prefeitura de Juiz de Fora (PJF), o cuidado com a cidade n\u00e3o para. Nos \u00faltimos dois meses, a Empresa Municipal de Pavimenta\u00e7\u00e3o e Urbanidades (Empav) concluiu a revitaliza\u00e7\u00e3o de 13 pra\u00e7as em v\u00e1rias regi\u00f5es do munic\u00edpio. Nesta semana, as equipes da Empav d\u00e3o sequ\u00eancia aos trabalhos em outros 14 locais, garantindo que a popula\u00e7\u00e3o tenha cada vez mais op\u00e7\u00f5es de lazer ao ar livre.<\/p>\n<p>Os servi\u00e7os incluem, entre outras a\u00e7\u00f5es, reparos e reformas das partes de alvenaria (como bancos, mesas, guias, muretas e quadras), pintura geral, troca e\/ou revitaliza\u00e7\u00e3o de alambrados, instala\u00e7\u00e3o de novos parquinhos, inclusive com brinquedos adaptados em alguns pontos. A iniciativa, al\u00e9m de deixar as pra\u00e7as mais bonitas, proporciona um espa\u00e7o de lazer mais agrad\u00e1vel, convidativo e seguro para todos e todas que utilizam as pra\u00e7as da cidade.<\/p>\n<p><strong>Confira a lista completa das pra\u00e7as que est\u00e3o sendo revitalizadas:<\/strong><\/p>\n<p>Pra\u00e7a Almirante Tamandar\u00e9 (Pra\u00e7a C\u00e9u) \u2013 Benfica<\/p>\n<p>Pra\u00e7a Alto Graja\u00fa<\/p>\n<p>Pra\u00e7a Ana Esm\u00e9ria \u2013 Barreira Do Triunfo<\/p>\n<p>Pra\u00e7a Doutor Pedro Batista Martins \u2013 Graja\u00fa<\/p>\n<p>Pra\u00e7a Duque de Caxias &#8211; Ara\u00fajo<\/p>\n<p>Pra\u00e7a Jos\u00e9 de Castro Barbosa &#8211; Vila Ideal<\/p>\n<p>Pra\u00e7a Manoel Nunes &#8211; Santa Cruz<\/p>\n<p>Pra\u00e7a Paulo de Souza Lamarca &#8211; Milho Branco<\/p>\n<p>Pra\u00e7a Prefeito Olavo Costa (Pra\u00e7a da Baleia) \u2013\u00a0 Bairu<\/p>\n<p>Pra\u00e7a Santa Paula<\/p>\n<p>Pra\u00e7a Sebasti\u00e3o Prefeito Filho &#8211; Cidade do Sol<\/p>\n<p>Pra\u00e7a Terezinha De Jesus Oliveira \u2013 S\u00e3o Benedito<\/p>\n<p>Pra\u00e7a Vila Esperan\u00e7a<\/p>\n<p>Pra\u00e7a Vila Sr. Nen\u00e9m \u2013 Santa Rita de C\u00e1ssia<\/p>\n<p>Vale lembrar que todos os trabalhos de zeladoria do munic\u00edpio fazem parte do Programa Boniteza. A programa\u00e7\u00e3o completa das atividades realizadas pela PJF pode ser consultada atrav\u00e9s da p\u00e1gina do Gabinete, pelo <a href=\"https:\/\/www.pjf.mg.gov.br\/gabinetecomunitario\/#onde\">link<\/a>.<\/p>\n","protected":false},"excerpt":{"rendered":"<p>Segundo informa\u00e7\u00f5es do site da Prefeitura de Juiz de Fora (PJF), o cuidado com a cidade n\u00e3o para. Nos \u00faltimos dois meses, a Empresa Municipal de Pavimenta\u00e7\u00e3o e Urbanidades (Empav) concluiu a revitaliza\u00e7\u00e3o de 13 pra\u00e7as em v\u00e1rias regi\u00f5es do munic\u00edpio. Nesta semana, as equipes da Empav d\u00e3o sequ\u00eancia aos trabalhos em outros 14 locais, [&hellip;]<\/p>\n","protected":false},"author":246,"featured_media":224933,"comment_status":"closed","ping_status":"closed","sticky":false,"template":"","format":"standard","meta":{"footnotes":""},"categories":[253,436,440,439],"tags":[],"class_list":["post-224932","post","type-post","status-publish","format-standard","has-post-thumbnail","hentry","category-cidade","category-destaque-da-semana","category-destaques-do-dia","category-ultima-hora"],"_links":{"self":[{"href":"https:\/\/diarioregionaldigital.com.br\/index.php?rest_route=\/wp\/v2\/posts\/224932","targetHints":{"allow":["GET"]}}],"collection":[{"href":"https:\/\/diarioregionaldigital.com.br\/index.php?rest_route=\/wp\/v2\/posts"}],"about":[{"href":"https:\/\/diarioregionaldigital.com.br\/index.php?rest_route=\/wp\/v2\/types\/post"}],"author":[{"embeddable":true,"href":"https:\/\/diarioregionaldigital.com.br\/index.php?rest_route=\/wp\/v2\/users\/246"}],"replies":[{"embeddable":true,"href":"https:\/\/diarioregionaldigital.com.br\/index.php?rest_route=%2Fwp%2Fv2%2Fcomments&post=224932"}],"version-history":[{"count":1,"href":"https:\/\/diarioregionaldigital.com.br\/index.php?rest_route=\/wp\/v2\/posts\/224932\/revisions"}],"predecessor-version":[{"id":224934,"href":"https:\/\/diarioregionaldigital.com.br\/index.php?rest_route=\/wp\/v2\/posts\/224932\/revisions\/224934"}],"wp:featuredmedia":[{"embeddable":true,"href":"https:\/\/diarioregionaldigital.com.br\/index.php?rest_route=\/wp\/v2\/media\/224933"}],"wp:attachment":[{"href":"https:\/\/diarioregionaldigital.com.br\/index.php?rest_route=%2Fwp%2Fv2%2Fmedia&parent=224932"}],"wp:term":[{"taxonomy":"category","embeddable":true,"href":"https:\/\/diarioregionaldigital.com.br\/index.php?rest_route=%2Fwp%2Fv2%2Fcategories&post=224932"},{"taxonomy":"post_tag","embeddable":true,"href":"https:\/\/diarioregionaldigital.com.br\/index.php?rest_route=%2Fwp%2Fv2%2Ftags&post=224932"}],"curies":[{"name":"wp","href":"https:\/\/api.w.org\/{rel}","templated":true}]}}