{"id":224929,"date":"2024-10-09T19:47:50","date_gmt":"2024-10-09T22:47:50","guid":{"rendered":"https:\/\/diarioregionaldigital.com.br\/?p=224929"},"modified":"2024-10-09T19:47:50","modified_gmt":"2024-10-09T22:47:50","slug":"vice-governador-acompanha-apresentacao-de-balanco-do-servas-sobre-campanha-de-ajuda-humanitaria-ao-rio-grande-do-sul","status":"publish","type":"post","link":"https:\/\/diarioregionaldigital.com.br\/?p=224929","title":{"rendered":"Vice-governador acompanha apresenta\u00e7\u00e3o de balan\u00e7o do Servas sobre Campanha de Ajuda Humanit\u00e1ria ao Rio Grande do Sul"},"content":{"rendered":"<p>O vice-governador Professor Mateus participou, nesta ter\u00e7a-feira (8\/10), em Belo Horizonte, do evento de presta\u00e7\u00e3o de contas da campanha de Ajuda Humanit\u00e1ria ao Rio Grande do Sul promovida pelo <a href=\"http:\/\/www.servas.org.br\/\" target=\"_blank\" rel=\"noopener\">Servi\u00e7o Social Aut\u00f4nomo (Servas)<\/a> em parceria <a href=\"http:\/\/www.defesacivil.mg.gov.br\/\" target=\"_blank\" rel=\"noopener\">Coordenadoria Estadual de Defesa Civil de Minas Gerais (Cedec-MG)<\/a>.<\/p>\n<p>A Campanha SOS Rio Grande do Sul, integrada ao Programa de Prote\u00e7\u00e3o Emergencial (PPE) do Servas, contou\u00a0com o apoio do governo estadual. A iniciativa reuniu tamb\u00e9m\u00a0empresas parceiras e volunt\u00e1rios que se uniram \u00a0para ajudar a popula\u00e7\u00e3o ga\u00facha atingidas pelas enchentes de abril e maio de 2024.<\/p>\n<p>Para o vice-governador Professor Mateus, \u00e9 fundamental ter o Servas como um bra\u00e7o da sociedade civil trabalhando ao lado do governo.<\/p>\n<p>\u201cFico feliz porque,\u00a0nas nossas campanhas sobre os desastres ocorridos em Minas, somos sempre muito bem-sucedidos.\u00a0A gente consegue, por meio da nossa Defesa Civil e parceria com o\u00a0Servas, dar resposta a tempo e a modo. E, para conseguir chegar\u00a0ao Rio Grande do Sul, atuamos n\u00e3o apenas com nossa estrutura p\u00fablica, mas\u00a0tamb\u00e9m com o bra\u00e7o da sociedade civil organizada\u201d, destacou.<\/p>\n<p><strong>Balan\u00e7o<\/strong><\/p>\n<p>Durante toda a campanha, o Servas contou com o apoio de 97 empresas e institui\u00e7\u00f5es parceiras, al\u00e9m da\u00a0colabora\u00e7\u00e3o da popula\u00e7\u00e3o mineira. Ao todo, foram arrecadadas 532 toneladas de doa\u00e7\u00f5es, compostas por 680 mil itens, que incluem: material de limpeza, higiene pessoal, roupa, colch\u00e3o, utens\u00edlios e ra\u00e7\u00e3o para animal.<\/p>\n<p>Foram doados 342 mil quilos de alimentos, sendo 268 mil litros de \u00e1gua mineral, al\u00e9m de mais de 15 mil medicamentos. Todo o material arrecadado foi\u00a0destinado\u00a0a sete munic\u00edpios ga\u00fachos, por meio de 16 entidades que trabalharam no apoio \u00e0s fam\u00edlias.<\/p>\n<p>Al\u00e9m dos donativos, o Servas anunciou, em agosto deste ano, a destina\u00e7\u00e3o de mais de R$ 1 milh\u00e3o para viabilizar a\u00a0constru\u00e7\u00e3o de 70 novas casas para as v\u00edtimas das enchentes.<\/p>\n<p>A inciativa foi um esfor\u00e7o conjunto com o Instituto Galo, Instituto Dunga e o Minist\u00e9rio P\u00fablico do Rio Grande do Sul (MPRS).<\/p>\n<p>A presidente do Servas, Christiana Renault, comemorou o resultado do trabalho realizado pela institui\u00e7\u00e3o na arrecada\u00e7\u00e3o e distribui\u00e7\u00e3o das doa\u00e7\u00f5es enviadas para o Rio Grande do Sul.<\/p>\n<p>\u201cPara n\u00f3s, foi uma surpresa &#8211; e uma surpresa maravilhosa. Quando a gente come\u00e7ou esse esfor\u00e7o, n\u00e3o imagin\u00e1vamos a que ponto chegar\u00edamos. E, quando passamos de 400 toneladas, quase\u00a0n\u00e3o acreditei na quantidade arrecadada.\u00a0E a\u00ed n\u00f3s conseguimos ainda mais. Felizmente, esse resultado foi muito bom\u201d celebrou.<\/p>\n<p><strong>Apoio do Estado<\/strong><\/p>\n<p>Desde o in\u00edcio da situa\u00e7\u00e3o de\u00a0calamidade no Rio Grande do Sul, provocada pelas fortes chuvas que atingiram a regi\u00e3o, o <a href=\"http:\/\/www.mg.gov.br\/\" target=\"_blank\" rel=\"noopener\">Governo de Minas<\/a> disponibilizou todo o apoio dispon\u00edvel \u00e0 popula\u00e7\u00e3o e ao governo ga\u00facho, dentro das necessidades emergenciais identificadas, incluindo ajuda no resgate de v\u00edtimas e doa\u00e7\u00e3o de insumos, alimentos e demais itens b\u00e1sicos para as fam\u00edlias prejudicadas.<\/p>\n<p>O <a href=\"http:\/\/www.bombeiros.mg.gov.br\/\" target=\"_blank\" rel=\"noopener\">Corpo de Bombeiros Militar de Minas Gerais (CBMMG)<\/a>\u00a0realizou intensa atua\u00e7\u00e3o na regi\u00e3o atingida, com a maior equipe em miss\u00f5es especiais executada fora de Minas neste ano. Com aux\u00edlio de aeronaves preparadas para o transporte de v\u00edtimas e suporte de c\u00e3es farejadores, a equipe se dedicou a efetuar resgates a\u00e9reos de forma r\u00e1pida, al\u00e9m de trabalhar em casos de soterramento, devido \u00e0 experi\u00eancia da corpora\u00e7\u00e3o.<\/p>\n<p>A <a href=\"http:\/\/www.copasa.com.br\/\" target=\"_blank\" rel=\"noopener\">Copasa<\/a> enviou uma equipe de especialistas para dar suporte \u00e0\u00a0opera\u00e7\u00e3o de saneamento nas cidades, com objetivo de ajudar no restabelecimento do fornecimento de \u00e1gua para milhares de pessoas, por meio das esta\u00e7\u00f5es de tratamento. Al\u00e9m da equipe,\u00a0foram enviadas 1,3 mil caixas com copos de \u00e1gua pot\u00e1vel, totalizando 18,2 mil\u00a0litros disponibilizados\u00a0para a popula\u00e7\u00e3o. Destaque, ainda, para doa\u00e7\u00e3o de outros 7,2 mil litros de \u00e1gua mineral, por meio de parceria entre a <a href=\"http:\/\/www.codemge.com.br\/\" target=\"_blank\" rel=\"noopener\">Companhia de Desenvolvimento de Minas Gerais (Codemge)<\/a> e a Minasbev.<\/p>\n<p>A Defesa Civil mineira tamb\u00e9m disponibilizou agentes para ajudar na coordena\u00e7\u00e3o das a\u00e7\u00f5es de resposta, incluindo a identifica\u00e7\u00e3o e an\u00e1lise de \u00e1reas de risco iminente, a exemplo da situa\u00e7\u00e3o de im\u00f3veis comprometidos. \u00a0Nesta miss\u00e3o, a a coordenadoria estadual tamb\u00e9m auxiliou na distribui\u00e7\u00e3o de itens de ajuda humanit\u00e1ria.<\/p>\n<p>Vale destacar, ainda, a atua\u00e7\u00e3o da <a href=\"http:\/\/www.cemig.com.br\/\" target=\"_blank\" rel=\"noopener\">Cemig<\/a> para ajudar a agilizar o restabelecimento da energia el\u00e9trica no Rio Grande do Sul. Para isso, foi disponibilizado\u00a0um helic\u00f3ptero e uma equipe t\u00e9cnica para inspecionar linhas de transmiss\u00e3o, principalmente em \u00e1reas de dif\u00edcil acesso para manuten\u00e7\u00e3o.<\/p>\n<p>Tamb\u00e9m participaram do evento desta ter\u00e7a-feira representantes da <a href=\"http:\/\/www.policiacivil.mg.gov.br\/\" target=\"_blank\" rel=\"noopener\">Policia Civil de Minas Gerais (PCMG)<\/a>, <a href=\"http:\/\/www.policiamilitar.mg.gov.br\/\" target=\"_blank\" rel=\"noopener\">Pol\u00edcia Militar de Minas Gerais (PMMG)<\/a>, Minist\u00e9rio P\u00fablico de Minas Gerais (MPMG), Defensoria P\u00fablica de Minas Gerais (DPMG), entre outras institui\u00e7\u00f5es de refer\u00eancia.<\/p>\n<p>Fonte: Ag\u00eancia Minas<\/p>\n","protected":false},"excerpt":{"rendered":"<p>O vice-governador Professor Mateus participou, nesta ter\u00e7a-feira (8\/10), em Belo Horizonte, do evento de presta\u00e7\u00e3o de contas da campanha de Ajuda Humanit\u00e1ria ao Rio Grande do Sul promovida pelo Servi\u00e7o Social Aut\u00f4nomo (Servas) em parceria Coordenadoria Estadual de Defesa Civil de Minas Gerais (Cedec-MG). A Campanha SOS Rio Grande do Sul, integrada ao Programa de [&hellip;]<\/p>\n","protected":false},"author":246,"featured_media":224930,"comment_status":"closed","ping_status":"closed","sticky":false,"template":"","format":"standard","meta":{"footnotes":""},"categories":[436,440,261,254,439],"tags":[],"class_list":["post-224929","post","type-post","status-publish","format-standard","has-post-thumbnail","hentry","category-destaque-da-semana","category-destaques-do-dia","category-economia","category-politica","category-ultima-hora"],"_links":{"self":[{"href":"https:\/\/diarioregionaldigital.com.br\/index.php?rest_route=\/wp\/v2\/posts\/224929","targetHints":{"allow":["GET"]}}],"collection":[{"href":"https:\/\/diarioregionaldigital.com.br\/index.php?rest_route=\/wp\/v2\/posts"}],"about":[{"href":"https:\/\/diarioregionaldigital.com.br\/index.php?rest_route=\/wp\/v2\/types\/post"}],"author":[{"embeddable":true,"href":"https:\/\/diarioregionaldigital.com.br\/index.php?rest_route=\/wp\/v2\/users\/246"}],"replies":[{"embeddable":true,"href":"https:\/\/diarioregionaldigital.com.br\/index.php?rest_route=%2Fwp%2Fv2%2Fcomments&post=224929"}],"version-history":[{"count":1,"href":"https:\/\/diarioregionaldigital.com.br\/index.php?rest_route=\/wp\/v2\/posts\/224929\/revisions"}],"predecessor-version":[{"id":224931,"href":"https:\/\/diarioregionaldigital.com.br\/index.php?rest_route=\/wp\/v2\/posts\/224929\/revisions\/224931"}],"wp:featuredmedia":[{"embeddable":true,"href":"https:\/\/diarioregionaldigital.com.br\/index.php?rest_route=\/wp\/v2\/media\/224930"}],"wp:attachment":[{"href":"https:\/\/diarioregionaldigital.com.br\/index.php?rest_route=%2Fwp%2Fv2%2Fmedia&parent=224929"}],"wp:term":[{"taxonomy":"category","embeddable":true,"href":"https:\/\/diarioregionaldigital.com.br\/index.php?rest_route=%2Fwp%2Fv2%2Fcategories&post=224929"},{"taxonomy":"post_tag","embeddable":true,"href":"https:\/\/diarioregionaldigital.com.br\/index.php?rest_route=%2Fwp%2Fv2%2Ftags&post=224929"}],"curies":[{"name":"wp","href":"https:\/\/api.w.org\/{rel}","templated":true}]}}