{"id":224926,"date":"2024-10-09T19:38:05","date_gmt":"2024-10-09T22:38:05","guid":{"rendered":"https:\/\/diarioregionaldigital.com.br\/?p=224926"},"modified":"2024-10-09T19:38:05","modified_gmt":"2024-10-09T22:38:05","slug":"governo-de-minas-investe-r-25-milhoes-para-garantir-transporte-e-hospedagem-a-estudantes-que-farao-o-enem-2024","status":"publish","type":"post","link":"https:\/\/diarioregionaldigital.com.br\/?p=224926","title":{"rendered":"Governo de Minas investe R$ 25 milh\u00f5es para garantir transporte e hospedagem a estudantes que far\u00e3o o Enem 2024"},"content":{"rendered":"<p>O <a href=\"https:\/\/www.mg.gov.br\/\" target=\"_blank\" rel=\"noopener\">Governo de Minas<\/a> vai garantir o transporte de 33 mil estudantes da rede p\u00fablica estadual que far\u00e3o as provas do Exame Nacional do Ensino M\u00e9dio (Enem) na edi\u00e7\u00e3o de 2024, em cidades diferentes das que residem. O investimento total para viabilizar o deslocamento ser\u00e1 de R$ 25 milh\u00f5es, por meio da <a href=\"https:\/\/www.educacao.mg.gov.br\/\" target=\"_blank\" rel=\"noopener\">Secretaria de Estado de Educa\u00e7\u00e3o de Minas Gerais (SEE\/MG)<\/a>.<\/p>\n<p>Em uma a\u00e7\u00e3o in\u00e9dita, a SEE\/MG est\u00e1 implementando um modelo inovador, com a distribui\u00e7\u00e3o direta de recursos para as escolas, que ser\u00e3o respons\u00e1veis pela gest\u00e3o do transporte dos estudantes que vivem em cidades onde o Enem n\u00e3o ser\u00e1 aplicado. Al\u00e9m do deslocamento, o valor tamb\u00e9m poder\u00e1 ser utilizado para alimenta\u00e7\u00e3o e hospedagem durante o per\u00edodo de prova, conforme as necessidades espec\u00edficas de cada estudante.<\/p>\n<p>&#8220;O Governo de Minas valoriza a educa\u00e7\u00e3o e, por meio da SEE\/MG, tra\u00e7amos uma estrat\u00e9gia abrangente para garantir a participa\u00e7\u00e3o de todos os estudantes da rede estadual de ensino no exame&#8221;, destaca o vice-governador Professor Mateus.\u00a0&#8220;Um incentivo a mais para que os jovens participem do processo em uma etapa transformadora, que vai encaminhar a trajet\u00f3ria profissional dos nossos alunos&#8221;, completa.<\/p>\n<p>De acordo com a subsecret\u00e1ria de Desenvolvimento da Educa\u00e7\u00e3o B\u00e1sica, Kellen Senra, para disponibilizar o deslocamento, foi realizado &#8220;levantamento detalhado dos munic\u00edpios que n\u00e3o ter\u00e3o aplica\u00e7\u00e3o do Enem e identificamos que cerca de 33 mil estudantes precisam de apoio para se deslocar, e em muitos casos, at\u00e9 mesmo pernoitar em outras cidades para realizar a prova. Com base nisso, estruturamos este aporte financeiro para assegurar que nossos alunos possam participar do exame\u201d, afirma Kellen.<\/p>\n<p><strong>Desafios log\u00edsticos<\/strong><\/p>\n<p>Apesar de Minas Gerais ser o estado com o maior n\u00famero de munic\u00edpios no Brasil, em 2023, apenas 188 dos 853 munic\u00edpios mineiros aplicaram o Enem, representando apenas 22% do territ\u00f3rio estadual. Esse cen\u00e1rio exige uma log\u00edstica robusta por parte da SEE\/MG, para garantir que estudantes de todas as escolas que ofertam o ensino m\u00e9dio, sendo 2.370 unidades, possam ser transportados at\u00e9 as cidades onde o exame ser\u00e1 realizado.<\/p>\n<p>Na pr\u00e1tica, as escolas est\u00e3o respons\u00e1veis por validar a lista de estudantes que necessitam do benef\u00edcio e os recursos ser\u00e3o repassados diretamente para a Caixa Escolar, por meio de Termo de Compromisso.<\/p>\n<p>\u201cOs gestores receber\u00e3o o recurso espec\u00edfico para realizar as contrata\u00e7\u00f5es necess\u00e1rias, como \u00f4nibus e hotel, por meio de uma estrutura que eles j\u00e1 conhecem. Eles tamb\u00e9m v\u00e3o acionar as fam\u00edlias e respons\u00e1veis para garantir a participa\u00e7\u00e3o, orientando sobre os direitos ao deslocamento, hospedagem e\u00a0 alimenta\u00e7\u00e3o do estudante\u201d, completa Kellen.<\/p>\n<p>Organizado pelo Instituto Nacional de Estudos e Pesquisas Educacionais An\u00edsio Teixeira (Inep), do Governo Federal, o exame ser\u00e1 aplicado em 1,7 mil munic\u00edpios e \u00e9 o principal mecanismo de acesso \u00e0 educa\u00e7\u00e3o superior no pa\u00eds. Em Minas Gerais, mais de 136 mil estudantes concluintes do ensino m\u00e9dio se inscreveram para o Enem, o que corresponde a 84% dos estudantes aptos a realizarem o exame.<\/p>\n<p><strong>Estudantes beneficiados<\/strong><\/p>\n<p>Dentre os milhares de estudantes beneficiados, est\u00e1 o jovem\u00a0 Allysson Silva Dias, de 18 anos, da Escola Estadual de Felisburgo, localizada no munic\u00edpio de mesmo nome, no Vale do Jequitinhonha. N\u00e3o haver\u00e1 aplica\u00e7\u00e3o do Enem na cidade e o estudante realizar\u00e1 a avalia\u00e7\u00e3o em Almenara, a 120 quil\u00f4imetros de dist\u00e2ncia, para dar in\u00edcio ao sonho de cursar medicina.<\/p>\n<p>\u201cMeus colegas e eu estudamos arduamente para o Enem, que \u00e9 a principal porta de entrada para que possamos realizar os nossos sonhos e objetivos pessoais. Esse suporte vai ser de grande ajuda, pois nem todos temos condi\u00e7\u00f5es de pagar por isso. Al\u00e9m de que, ter um transporte melhor e mais confort\u00e1vel pode nos ajudar a chegar mais dispostos e tranquilos para fazer a prova\u201d, diz o estudante.<\/p>\n<p>J\u00e1 em Setubinha, no Vale do Mucuri, as estudantes Tamara Coelho, de 17 anos, e Nataly Ferreira de Carvalho, de 18 anos, matriculadas da Escola Estadual Professora Leonor Esteves Lima, v\u00e3o percorrer cerca de 46 quil\u00f4emtros para prestar o exame em Novo Cruzeiro.<\/p>\n<p>\u201cEsse benef\u00edcio vai ser de extrema import\u00e2ncia para realizarmos o Enem sem custos\u201d, comenta Tamara. \u201cNem todas as fam\u00edlias conseguem arcar com custos de passagens e agora temos uma seguran\u00e7a para fazer o Enem\u201d, completa Nataly.<\/p>\n<p><strong>Prepara\u00e7\u00e3o para o Enem<\/strong><\/p>\n<p>Desde mar\u00e7o deste ano, a <a href=\"https:\/\/mg.estudoplay.com.br\/plataforma\/login\" target=\"_blank\" rel=\"noopener\">plataforma Enem MG<\/a>, em parceria com a Estudo Play, tem se consolidado como uma ferramenta essencial nas a\u00e7\u00f5es do Governo de Minas para preparar os estudantes para o Enem. Com videoaulas, simulados e relat\u00f3rios personalizados, a plataforma permite que os alunos aprimorem seus conhecimentos de forma eficaz e direcionada.<\/p>\n<p>A plataforma \u00e9 acess\u00edvel em computadores, tablets e celulares, oferecendo flexibilidade para ser utilizada em casa ou nas escolas que disp\u00f5em de laborat\u00f3rios de inform\u00e1tica. Essas iniciativas visam assegurar que todos os estudantes da rede p\u00fablica estejam bem preparados para o exame.<\/p>\n<p>At\u00e9 a realiza\u00e7\u00e3o das provas, a SEE\/MG promover\u00e1 mais um teste de reda\u00e7\u00e3o e um aul\u00e3o, com transmiss\u00e3o ao vivo. Al\u00e9m disso, a Maratona Enem conta com aulas ao vivo focadas na revis\u00e3o do conte\u00fado do exame, que s\u00e3o transmitidas diariamente das 14h \u00e0s 17h nos canais do YouTube da <a href=\"https:\/\/www.youtube.com\/@EstudoPlay\" target=\"_blank\" rel=\"noopener\">Estudo Play<\/a> e da <a href=\"https:\/\/www.youtube.com\/estudioeducacaomg\" target=\"_blank\" rel=\"noopener\">SEE\/MG<\/a>.<\/p>\n<p><strong>Enem 2024<\/strong><\/p>\n<p>O Enem 2024 ser\u00e1 aplicado nos dias 3 e 10\/11, em mais de 10 mil locais de prova, distribu\u00eddos por 1.753 munic\u00edpios no Brasil. Mais de 5 milh\u00f5es de candidatos est\u00e3o inscritos, sendo a maior edi\u00e7\u00e3o desde 2020.<\/p>\n<p>No primeiro domingo (3\/11), a prova cont\u00e9m 45 quest\u00f5es de Linguagens (40 de L\u00edngua Portuguesa e 5 de L\u00edngua Estrangeira \u2013 ingl\u00eas ou espanhol), 45 de Ci\u00eancias Humanas e\u00a0 Reda\u00e7\u00e3o. No segundo domingo (10\/11), ser\u00e3o 45 quest\u00f5es de Matem\u00e1tica e 45 de Ci\u00eancias da Natureza.<\/p>\n<p>Os port\u00f5es ser\u00e3o abertos \u00e0s 12h e fecham \u00e0s 13h. A prova come\u00e7a \u00e0s 13h30. Os locais de prova constam no cart\u00e3o de confirma\u00e7\u00e3o de inscri\u00e7\u00e3o, contendo o local de prova e outras informa\u00e7\u00f5es importantes, ser\u00e1 disponibilizado na p\u00e1gina do participante cerca de duas semanas antes do exame. \u00c9 recomendado que o candidato simule o percurso at\u00e9 o local para evitar imprevistos no dia.<\/p>\n<p>Nos dias da provas, o estudante devem levar documento oficial com foto (documentos digitais aceitos: e-T\u00edtulo, CNH Digital e RG Digital), caneta esferogr\u00e1fica preta de material transparente, lanches (\u00e1gua em garrafa transparente sem r\u00f3tulo, chocolates, castanhas) e m\u00e1scara (opcional, conforme regras locais) e \u00e1lcool em gel.<\/p>\n<p>O Inep orienta os candidatos a chegarem com uma hora de anteced\u00eancia ao local de prova, e, embora n\u00e3o seja obrigat\u00f3rio, \u00e9 recomendado imprimir o cart\u00e3o de confirma\u00e7\u00e3o.<\/p>\n<p>Fonte: Ag\u00eancia Minas<\/p>\n","protected":false},"excerpt":{"rendered":"<p>O Governo de Minas vai garantir o transporte de 33 mil estudantes da rede p\u00fablica estadual que far\u00e3o as provas do Exame Nacional do Ensino M\u00e9dio (Enem) na edi\u00e7\u00e3o de 2024, em cidades diferentes das que residem. O investimento total para viabilizar o deslocamento ser\u00e1 de R$ 25 milh\u00f5es, por meio da Secretaria de Estado [&hellip;]<\/p>\n","protected":false},"author":246,"featured_media":224927,"comment_status":"closed","ping_status":"closed","sticky":false,"template":"","format":"standard","meta":{"footnotes":""},"categories":[436,440,261,254,252,439],"tags":[],"class_list":["post-224926","post","type-post","status-publish","format-standard","has-post-thumbnail","hentry","category-destaque-da-semana","category-destaques-do-dia","category-economia","category-politica","category-regiao","category-ultima-hora"],"_links":{"self":[{"href":"https:\/\/diarioregionaldigital.com.br\/index.php?rest_route=\/wp\/v2\/posts\/224926","targetHints":{"allow":["GET"]}}],"collection":[{"href":"https:\/\/diarioregionaldigital.com.br\/index.php?rest_route=\/wp\/v2\/posts"}],"about":[{"href":"https:\/\/diarioregionaldigital.com.br\/index.php?rest_route=\/wp\/v2\/types\/post"}],"author":[{"embeddable":true,"href":"https:\/\/diarioregionaldigital.com.br\/index.php?rest_route=\/wp\/v2\/users\/246"}],"replies":[{"embeddable":true,"href":"https:\/\/diarioregionaldigital.com.br\/index.php?rest_route=%2Fwp%2Fv2%2Fcomments&post=224926"}],"version-history":[{"count":1,"href":"https:\/\/diarioregionaldigital.com.br\/index.php?rest_route=\/wp\/v2\/posts\/224926\/revisions"}],"predecessor-version":[{"id":224928,"href":"https:\/\/diarioregionaldigital.com.br\/index.php?rest_route=\/wp\/v2\/posts\/224926\/revisions\/224928"}],"wp:featuredmedia":[{"embeddable":true,"href":"https:\/\/diarioregionaldigital.com.br\/index.php?rest_route=\/wp\/v2\/media\/224927"}],"wp:attachment":[{"href":"https:\/\/diarioregionaldigital.com.br\/index.php?rest_route=%2Fwp%2Fv2%2Fmedia&parent=224926"}],"wp:term":[{"taxonomy":"category","embeddable":true,"href":"https:\/\/diarioregionaldigital.com.br\/index.php?rest_route=%2Fwp%2Fv2%2Fcategories&post=224926"},{"taxonomy":"post_tag","embeddable":true,"href":"https:\/\/diarioregionaldigital.com.br\/index.php?rest_route=%2Fwp%2Fv2%2Ftags&post=224926"}],"curies":[{"name":"wp","href":"https:\/\/api.w.org\/{rel}","templated":true}]}}