{"id":224924,"date":"2024-10-09T16:30:55","date_gmt":"2024-10-09T19:30:55","guid":{"rendered":"https:\/\/diarioregionaldigital.com.br\/?p=224924"},"modified":"2024-10-09T16:30:55","modified_gmt":"2024-10-09T19:30:55","slug":"dispensa-022-9-10-2024","status":"publish","type":"post","link":"https:\/\/diarioregionaldigital.com.br\/?p=224924","title":{"rendered":"DISPENSA 022 &#8211; 9\/10\/2024"},"content":{"rendered":"<p class=\"s4\" style=\"text-align: center;\"><span class=\"s5\"><span class=\"bumpedFont15\">PREFEITURA MUNICIPAL DE DESCOBERTO<\/span><\/span><\/p>\n<p class=\"s4\" style=\"text-align: center;\">\n<p class=\"s4\" style=\"text-align: center;\"><span class=\"s5\"><span class=\"bumpedFont15\">AVISO DE LICITA\u00c7\u00c3O<\/span><\/span><\/p>\n<p class=\"s4\" style=\"text-align: center;\">\n<p class=\"s4\" style=\"text-align: center;\"><span class=\"s5\"><span class=\"bumpedFont15\">Licita\u00e7\u00e3o n\u00b0 <\/span><\/span><span class=\"s5\"><span class=\"bumpedFont15\">0<\/span><\/span><span class=\"s5\"><span class=\"bumpedFont15\">83<\/span><\/span><span class=\"s5\"><span class=\"bumpedFont15\">\/202<\/span><\/span><span class=\"s5\"><span class=\"bumpedFont15\">4<\/span><\/span><\/p>\n<p class=\"s4\" style=\"text-align: center;\"><span class=\"s5\"><span class=\"bumpedFont15\">Moda<\/span><\/span><span class=\"s5\"><span class=\"bumpedFont15\">l<\/span><\/span><span class=\"s5\"><span class=\"bumpedFont15\">idade de Dispensa<\/span><\/span><span class=\"s5\"><span class=\"bumpedFont15\"> Presencial n\u00b0<\/span><\/span> <span class=\"s5\"><span class=\"bumpedFont15\">0<\/span><\/span><span class=\"s5\"><span class=\"bumpedFont15\">22<\/span><\/span><span class=\"s5\"><span class=\"bumpedFont15\">\/202<\/span><\/span><span class=\"s5\"><span class=\"bumpedFont15\">4<\/span><\/span><\/p>\n<p class=\"s9\" style=\"text-align: center;\"><span class=\"s6\"><span class=\"bumpedFont15\">O Munic\u00edpio de DESCOBERTO<\/span><\/span><span class=\"s6\"><span class=\"bumpedFont15\">-MG<\/span><\/span><span class=\"s6\"><span class=\"bumpedFont15\">, na forma da lei, faz saber a todos quantos o presente edital virem, ou dele conhecimento tiverem, que <\/span><\/span><span class=\"s6\"><span class=\"bumpedFont15\">a p<\/span><\/span><span class=\"s6\"><span class=\"bumpedFont15\">ar<\/span><\/span><span class=\"s6\"><span class=\"bumpedFont15\">tir das <\/span><\/span><span class=\"s6\"><span class=\"bumpedFont15\">10<\/span><\/span><span class=\"s6\"><span class=\"bumpedFont15\">:00<\/span><\/span><span class=\"s6\"><span class=\"bumpedFont15\">h<\/span><\/span><span class=\"s6\"><span class=\"bumpedFont15\">do dia <\/span><\/span><span class=\"s6\"><span class=\"bumpedFont15\">15<\/span><\/span> <span class=\"s6\"><span class=\"bumpedFont15\">de<\/span><\/span><span class=\"s6\"><span class=\"bumpedFont15\"> outubro<\/span><\/span><span class=\"s6\"><span class=\"bumpedFont15\"> de 202<\/span><\/span><span class=\"s6\"><span class=\"bumpedFont15\">4<\/span><\/span><span class=\"s6\"><span class=\"bumpedFont15\">, na Prefeitura Municipal na sala da comiss\u00e3o de licita\u00e7\u00e3o, localizada na rua CAPIT\u00c3O BAS\u00cdLIO, n\u00b0 39, bairro CENTRO, munic\u00edpio de DESCOBERTO, ser\u00e1 realizada licita\u00e7\u00e3o <\/span><\/span><span class=\"s6\"><span class=\"bumpedFont15\">na modalidade <\/span><\/span><span class=\"s6\"><span class=\"bumpedFont15\">DISPENSA<\/span><\/span><span class=\"s6\"><span class=\"bumpedFont15\">PRESENCIAL, objeti<\/span><\/span><span class=\"s6\"><span class=\"bumpedFont15\">va<\/span><\/span><span class=\"s6\"><span class=\"bumpedFont15\">n<\/span><\/span><span class=\"s6\"><span class=\"bumpedFont15\">d<\/span><\/span><span class=\"s6\"><span class=\"bumpedFont15\">o<\/span><\/span> <span class=\"s6\"><span class=\"bumpedFont15\">a <\/span><\/span><span class=\"s6\"><span class=\"bumpedFont15\">contrata\u00e7\u00e3o direta de<\/span><\/span><a name=\"_Hlk175127541\"><\/a><span class=\"s6\"><span class=\"bumpedFont15\">empresa<\/span><\/span> <span class=\"s6\"><span class=\"bumpedFont15\">especializada para presta\u00e7\u00e3o de servi\u00e7o de controle integrado de pragas urbanas, englobando dedetiza\u00e7\u00e3o, desratiza\u00e7\u00e3o, incluindo o material e o servi\u00e7o<\/span><\/span><span class=\"s6\"><span class=\"bumpedFont15\">, para <\/span><\/span><span class=\"s6\"><span class=\"bumpedFont15\">atender as necessidades<\/span><\/span><span class=\"s6\"><span class=\"bumpedFont15\"> d<\/span><\/span><span class=\"s6\"><span class=\"bumpedFont15\">o<\/span><\/span><span class=\"s6\"><span class=\"bumpedFont15\">Departamento Municipal de <\/span><\/span><span class=\"s6\"><span class=\"bumpedFont15\">E<\/span><\/span><span class=\"s6\"><span class=\"bumpedFont15\">duca\u00e7\u00e3<\/span><\/span><span class=\"s6\"><span class=\"bumpedFont15\">o<\/span><\/span><span class=\"s6\"><span class=\"bumpedFont15\">,<\/span><\/span> <span class=\"s6\"><span class=\"bumpedFont15\">tipo <\/span><\/span><span class=\"s6\"><span class=\"bumpedFont15\">Menor<\/span><\/span><span class=\"s6\"><span class=\"bumpedFont15\">Pre\u00e7o por ITEM<\/span><\/span><span class=\"s6\"><span class=\"bumpedFont15\">, <\/span><\/span><span class=\"s6\"><span class=\"bumpedFont15\">conforme consta no edita<\/span><\/span><span class=\"s6\"><span class=\"bumpedFont15\">l que se encontra \u00a0a disposi\u00e7\u00e3<\/span><\/span><span class=\"s6\"><span class=\"bumpedFont15\">o <\/span><\/span><span class=\"s6\"><span class=\"bumpedFont15\">de todos \u00a0os interessados na Prefeitura Municipal, onde poder\u00e3o obt\u00ea-lo<\/span><\/span><span class=\"s6\"><span class=\"bumpedFont15\"> ou atrav\u00e9s do site<\/span><\/span> <a href=\"http:\/\/www.descoberto.mg.gov.br\/\"><span class=\"s8\"><span class=\"bumpedFont15\">http:\/\/www.descoberto.mg.gov.br<\/span><\/span><\/a> <span class=\"s6\"><span class=\"bumpedFont15\">. P<\/span><\/span><span class=\"s6\"><span class=\"bumpedFont15\">ara c<\/span><\/span><span class=\"s6\"><span class=\"bumpedFont15\">onhecimento de todos os interessados, expediu-<\/span><\/span><span class=\"s6\"><span class=\"bumpedFont15\">se o presente que ser\u00e1 afixado<\/span><\/span><span class=\"s6\"><span class=\"bumpedFont15\"> n<\/span><\/span><span class=\"s6\"><span class=\"bumpedFont15\">o lugar de costume, publicando-se na forma da lei. DESCOBERTO<\/span><\/span><span class=\"s6\"><span class=\"bumpedFont15\">, <\/span><\/span><span class=\"s6\"><span class=\"bumpedFont15\">09<\/span><\/span><span class=\"s6\"><span class=\"bumpedFont15\"> de <\/span><\/span><span class=\"s6\"><span class=\"bumpedFont15\">o<\/span><\/span><span class=\"s6\"><span class=\"bumpedFont15\">utubro<\/span><\/span><span class=\"s6\"><span class=\"bumpedFont15\"> de 202<\/span><\/span><span class=\"s6\"><span class=\"bumpedFont15\">4<\/span><\/span><span class=\"s6\"><span class=\"bumpedFont15\">.<\/span><\/span><\/p>\n<p class=\"s9\" style=\"text-align: center;\">\n<p class=\"s9\" style=\"text-align: center;\">\n<p class=\"s4\" style=\"text-align: center;\"><span class=\"s10\"><span class=\"bumpedFont15\">_____________________<\/span><\/span><span class=\"s10\"><span class=\"bumpedFont15\">___<\/span><\/span><span class=\"s10\"><span class=\"bumpedFont15\">_______<\/span><\/span><span class=\"s10\"><span class=\"bumpedFont15\">________________________________<\/span><\/span><\/p>\n<p class=\"s4\" style=\"text-align: center;\"><span class=\"s10\"><span class=\"bumpedFont15\">Rua: Capit<\/span><\/span><span class=\"s10\"><span class=\"bumpedFont15\">\u00e3o Bas\u00edlio n\u00ba 39 &#8211; Centro &#8211; Desc<\/span><\/span><span class=\"s10\"><span class=\"bumpedFont15\">ob<\/span><\/span><span class=\"s10\"><span class=\"bumpedFont15\">erto &#8211; MG &#8211; Cep 36690-000<\/span><\/span><\/p>\n<p class=\"s4\" style=\"text-align: center;\"><span class=\"s10\"><span class=\"bumpedFont15\">Tele-fax (32)<\/span><\/span><span class=\"s10\"><span class=\"bumpedFont15\"> 3265-1<\/span><\/span><span class=\"s10\"><span class=\"bumpedFont15\">740 \u2013 e-mail: <\/span><\/span><span class=\"s10\"><span class=\"bumpedFont15\">licitaca<\/span><\/span><span class=\"s10\"><span class=\"bumpedFont15\">o@descoberto.mg.gov.br<\/span><\/span><\/p>\n","protected":false},"excerpt":{"rendered":"<p>PREFEITURA MUNICIPAL DE DESCOBERTO AVISO DE LICITA\u00c7\u00c3O Licita\u00e7\u00e3o n\u00b0 083\/2024 Modalidade de Dispensa Presencial n\u00b0 022\/2024 O Munic\u00edpio de DESCOBERTO-MG, na forma da lei, faz saber a todos quantos o presente edital virem, ou dele conhecimento tiverem, que a partir das 10:00hdo dia 15 de outubro de 2024, na Prefeitura Municipal na sala da comiss\u00e3o [&hellip;]<\/p>\n","protected":false},"author":246,"featured_media":0,"comment_status":"closed","ping_status":"closed","sticky":false,"template":"","format":"standard","meta":{"footnotes":""},"categories":[307],"tags":[],"class_list":["post-224924","post","type-post","status-publish","format-standard","hentry","category-editais"],"_links":{"self":[{"href":"https:\/\/diarioregionaldigital.com.br\/index.php?rest_route=\/wp\/v2\/posts\/224924","targetHints":{"allow":["GET"]}}],"collection":[{"href":"https:\/\/diarioregionaldigital.com.br\/index.php?rest_route=\/wp\/v2\/posts"}],"about":[{"href":"https:\/\/diarioregionaldigital.com.br\/index.php?rest_route=\/wp\/v2\/types\/post"}],"author":[{"embeddable":true,"href":"https:\/\/diarioregionaldigital.com.br\/index.php?rest_route=\/wp\/v2\/users\/246"}],"replies":[{"embeddable":true,"href":"https:\/\/diarioregionaldigital.com.br\/index.php?rest_route=%2Fwp%2Fv2%2Fcomments&post=224924"}],"version-history":[{"count":1,"href":"https:\/\/diarioregionaldigital.com.br\/index.php?rest_route=\/wp\/v2\/posts\/224924\/revisions"}],"predecessor-version":[{"id":224925,"href":"https:\/\/diarioregionaldigital.com.br\/index.php?rest_route=\/wp\/v2\/posts\/224924\/revisions\/224925"}],"wp:attachment":[{"href":"https:\/\/diarioregionaldigital.com.br\/index.php?rest_route=%2Fwp%2Fv2%2Fmedia&parent=224924"}],"wp:term":[{"taxonomy":"category","embeddable":true,"href":"https:\/\/diarioregionaldigital.com.br\/index.php?rest_route=%2Fwp%2Fv2%2Fcategories&post=224924"},{"taxonomy":"post_tag","embeddable":true,"href":"https:\/\/diarioregionaldigital.com.br\/index.php?rest_route=%2Fwp%2Fv2%2Ftags&post=224924"}],"curies":[{"name":"wp","href":"https:\/\/api.w.org\/{rel}","templated":true}]}}