{"id":224920,"date":"2024-10-09T16:28:54","date_gmt":"2024-10-09T19:28:54","guid":{"rendered":"https:\/\/diarioregionaldigital.com.br\/?p=224920"},"modified":"2024-10-09T16:28:54","modified_gmt":"2024-10-09T19:28:54","slug":"dispensa-021-9-10-2024","status":"publish","type":"post","link":"https:\/\/diarioregionaldigital.com.br\/?p=224920","title":{"rendered":"DISPENSA 021 &#8211; 9\/10\/2024"},"content":{"rendered":"<p class=\"s4\" style=\"text-align: center;\"><span class=\"s5\"><span class=\"bumpedFont15\">PREFEITURA MUNICIPAL DE DESCOBERTO<\/span><\/span><\/p>\n<p class=\"s4\" style=\"text-align: center;\">\n<p class=\"s4\" style=\"text-align: center;\"><span class=\"s5\"><span class=\"bumpedFont15\">AVISO DE LICITA\u00c7\u00c3O<\/span><\/span><\/p>\n<p class=\"s4\" style=\"text-align: center;\">\n<p class=\"s4\" style=\"text-align: center;\"><span class=\"s5\"><span class=\"bumpedFont15\">Licita\u00e7\u00e3o n\u00b0 <\/span><\/span><span class=\"s5\"><span class=\"bumpedFont15\">0<\/span><\/span><span class=\"s5\"><span class=\"bumpedFont15\">8<\/span><\/span><span class=\"s5\"><span class=\"bumpedFont15\">2<\/span><\/span><span class=\"s5\"><span class=\"bumpedFont15\">\/202<\/span><\/span><span class=\"s5\"><span class=\"bumpedFont15\">4<\/span><\/span><\/p>\n<p class=\"s4\" style=\"text-align: center;\"><span class=\"s5\"><span class=\"bumpedFont15\">Moda<\/span><\/span><span class=\"s5\"><span class=\"bumpedFont15\">l<\/span><\/span><span class=\"s5\"><span class=\"bumpedFont15\">idade de Dispensa<\/span><\/span><span class=\"s5\"><span class=\"bumpedFont15\"> Presencial n\u00b0<\/span><\/span> <span class=\"s5\"><span class=\"bumpedFont15\">0<\/span><\/span><span class=\"s5\"><span class=\"bumpedFont15\">2<\/span><\/span><span class=\"s5\"><span class=\"bumpedFont15\">1<\/span><\/span><span class=\"s5\"><span class=\"bumpedFont15\">\/202<\/span><\/span><span class=\"s5\"><span class=\"bumpedFont15\">4<\/span><\/span><\/p>\n<p class=\"s4\" style=\"text-align: center;\">\n<p class=\"s8\" style=\"text-align: center;\"><span class=\"s6\"><span class=\"bumpedFont15\">O Munic\u00edpio de DESCOBERTO<\/span><\/span><span class=\"s6\"><span class=\"bumpedFont15\">-MG<\/span><\/span><span class=\"s6\"><span class=\"bumpedFont15\">, na forma da lei, faz saber a todos quantos o presente edital virem, ou dele conhecimento tiverem, que<\/span><\/span> <span class=\"s6\"><span class=\"bumpedFont15\">a p<\/span><\/span><span class=\"s6\"><span class=\"bumpedFont15\">ar<\/span><\/span><span class=\"s6\"><span class=\"bumpedFont15\">tir das <\/span><\/span><span class=\"s6\"><span class=\"bumpedFont15\">09<\/span><\/span><span class=\"s6\"><span class=\"bumpedFont15\">:00<\/span><\/span><span class=\"s6\"><span class=\"bumpedFont15\">h<\/span><\/span><span class=\"s6\"><span class=\"bumpedFont15\">do dia <\/span><\/span><span class=\"s6\"><span class=\"bumpedFont15\">15<\/span><\/span> <span class=\"s6\"><span class=\"bumpedFont15\">de <\/span><\/span><span class=\"s6\"><span class=\"bumpedFont15\">outubro<\/span><\/span><span class=\"s6\"><span class=\"bumpedFont15\"> de 202<\/span><\/span><span class=\"s6\"><span class=\"bumpedFont15\">4<\/span><\/span><span class=\"s6\"><span class=\"bumpedFont15\">, na Prefeitura Municipal na sala da comiss\u00e3o de licita\u00e7\u00e3o, localizada na rua CAPIT\u00c3O BAS\u00cdLIO, n\u00b0 39, bairro CENTRO, munic\u00edpio de DESCOBERTO, ser\u00e1 realizada licita\u00e7\u00e3o <\/span><\/span><span class=\"s6\"><span class=\"bumpedFont15\">na modalidade<\/span><\/span> <span class=\"s6\"><span class=\"bumpedFont15\">de<\/span><\/span> <span class=\"s6\"><span class=\"bumpedFont15\">DISPENSA<\/span><\/span><span class=\"s6\"><span class=\"bumpedFont15\">PRESENCIAL, ob<\/span><\/span><span class=\"s6\"><span class=\"bumpedFont15\">jeti<\/span><\/span><span class=\"s6\"><span class=\"bumpedFont15\">va<\/span><\/span><span class=\"s6\"><span class=\"bumpedFont15\">nd<\/span><\/span><span class=\"s6\"><span class=\"bumpedFont15\">o<\/span><\/span> <span class=\"s6\"><span class=\"bumpedFont15\">a <\/span><\/span><span class=\"s6\"><span class=\"bumpedFont15\">contrata\u00e7\u00e3o direta de<\/span><\/span><a name=\"_Hlk175127541\"><\/a><span class=\"s6\"><span class=\"bumpedFont15\">empresa para a presta\u00e7\u00e3o de servi\u00e7os <\/span><\/span><span class=\"s6\"><span class=\"bumpedFont15\">de extens\u00e3o de rede de MT e BT p<\/span><\/span><span class=\"s6\"><span class=\"bumpedFont15\">ara ilumina\u00e7\u00e3o <\/span><\/span><span class=\"s6\"><span class=\"bumpedFont15\">p<\/span><\/span><span class=\"s6\"><span class=\"bumpedFont15\">\u00fa<\/span><\/span><span class=\"s6\"><span class=\"bumpedFont15\">blica<\/span><\/span> <span class=\"s6\"><span class=\"bumpedFont15\">com fornecimento de materiais, <\/span><\/span><span class=\"s6\"><span class=\"bumpedFont15\">m<\/span><\/span><span class=\"s6\"><span class=\"bumpedFont15\">\u00e3o de obra especializada e mecan<\/span><\/span><span class=\"s6\"><span class=\"bumpedFont15\">izada, responsabilidade com pessoal<\/span><\/span><span class=\"s6\"><span class=\"bumpedFont15\">, <\/span><\/span><span class=\"s6\"><span class=\"bumpedFont15\">transporte<\/span><\/span><span class=\"s6\"><span class=\"bumpedFont15\">, <\/span><\/span><span class=\"s6\"><span class=\"bumpedFont15\">projeto<\/span><\/span><span class=\"s6\"><span class=\"bumpedFont15\"> aprovado<\/span><\/span><span class=\"s6\"><span class=\"bumpedFont15\"> n<\/span><\/span><span class=\"s6\"><span class=\"bumpedFont15\">a concession\u00e1ria de energia e CREA<\/span><\/span><span class=\"s6\"><span class=\"bumpedFont15\">, <\/span><\/span><span class=\"s6\"><span class=\"bumpedFont15\">na <\/span><\/span><span class=\"s6\"><span class=\"bumpedFont15\">R<\/span><\/span><span class=\"s6\"><span class=\"bumpedFont15\">ua Jo\u00e3o Maria de Oliveira, no bairro industrial<\/span><\/span><span class=\"s6\"><span class=\"bumpedFont15\">,<\/span><\/span><span class=\"s6\"><span class=\"bumpedFont15\"> nesta cida<\/span><\/span><span class=\"s6\"><span class=\"bumpedFont15\">de, <\/span><\/span><span class=\"s6\"><span class=\"bumpedFont15\">tipo <\/span><\/span><span class=\"s6\"><span class=\"bumpedFont15\">Menor<\/span><\/span><span class=\"s6\"><span class=\"bumpedFont15\"> Pre\u00e7o por ITEM<\/span><\/span><span class=\"s6\"><span class=\"bumpedFont15\">, <\/span><\/span><span class=\"s6\"><span class=\"bumpedFont15\">conforme consta no edita<\/span><\/span><span class=\"s6\"><span class=\"bumpedFont15\">l que se encontra<\/span><\/span><span class=\"s6\"><span class=\"bumpedFont15\"> \u00a0a disposi\u00e7\u00e3<\/span><\/span><span class=\"s6\"><span class=\"bumpedFont15\">o <\/span><\/span><span class=\"s6\"><span class=\"bumpedFont15\">de todos \u00a0os interessados na Prefeitura Municipal, onde poder\u00e3o obt\u00ea<\/span><\/span><span class=\"s6\"><span class=\"bumpedFont15\">-lo<\/span><\/span><span class=\"s6\"><span class=\"bumpedFont15\"> ou atrav\u00e9s do site<\/span><\/span><a href=\"http:\/\/www.descoberto.mg.gov.br\/\"><span class=\"s7\"><span class=\"bumpedFont15\">http:\/\/www.descoberto.mg.gov.br<\/span><\/span><\/a> <span class=\"s6\"><span class=\"bumpedFont15\">. Para c<\/span><\/span><span class=\"s6\"><span class=\"bumpedFont15\">onhecimento de todos os interessados, expediu-<\/span><\/span><span class=\"s6\"><span class=\"bumpedFont15\">se o presente que<\/span><\/span><span class=\"s6\"><span class=\"bumpedFont15\"> ser\u00e1 afixado<\/span><\/span><span class=\"s6\"><span class=\"bumpedFont15\"> n<\/span><\/span><span class=\"s6\"><span class=\"bumpedFont15\">o lugar de costume, publicando-se na forma da lei. DESCOBERTO<\/span><\/span><span class=\"s6\"><span class=\"bumpedFont15\">, <\/span><\/span><span class=\"s6\"><span class=\"bumpedFont15\">0<\/span><\/span><span class=\"s6\"><span class=\"bumpedFont15\">9<\/span><\/span><span class=\"s6\"><span class=\"bumpedFont15\">d<\/span><\/span><span class=\"s6\"><span class=\"bumpedFont15\">e <\/span><\/span><span class=\"s6\"><span class=\"bumpedFont15\">o<\/span><\/span><span class=\"s6\"><span class=\"bumpedFont15\">utubro<\/span><\/span><span class=\"s6\"><span class=\"bumpedFont15\"> de 202<\/span><\/span><span class=\"s6\"><span class=\"bumpedFont15\">4<\/span><\/span><span class=\"s6\"><span class=\"bumpedFont15\">.<\/span><\/span><\/p>\n<p class=\"s8\" style=\"text-align: center;\">\n<p class=\"s8\" style=\"text-align: center;\">\n<p class=\"s4\" style=\"text-align: center;\"><span class=\"s9\"><span class=\"bumpedFont15\">_______________________________<\/span><\/span><span class=\"s9\"><span class=\"bumpedFont15\">________________________________<\/span><\/span><\/p>\n<p class=\"s4\" style=\"text-align: center;\"><span class=\"s9\"><span class=\"bumpedFont15\">Rua: Capit<\/span><\/span><span class=\"s9\"><span class=\"bumpedFont15\">\u00e3o Bas\u00edlio n\u00ba 39 &#8211;<\/span><\/span><span class=\"s9\"><span class=\"bumpedFont15\"> Centro &#8211; Desc<\/span><\/span><span class=\"s9\"><span class=\"bumpedFont15\">ob<\/span><\/span><span class=\"s9\"><span class=\"bumpedFont15\">erto &#8211; MG &#8211; Cep 36690-000<\/span><\/span><\/p>\n<p class=\"s4\" style=\"text-align: center;\"><span class=\"s9\"><span class=\"bumpedFont15\">Tel<\/span><\/span><span class=\"s9\"><span class=\"bumpedFont15\"> (32)<\/span><\/span><span class=\"s9\"><span class=\"bumpedFont15\"> 3265-1<\/span><\/span><span class=\"s9\"><span class=\"bumpedFont15\">740 \u2013 e-mail: <\/span><\/span><span class=\"s9\"><span class=\"bumpedFont15\">licitac<\/span><\/span><span class=\"s9\"><span class=\"bumpedFont15\">a<\/span><\/span><span class=\"s9\"><span class=\"bumpedFont15\">o@de<\/span><\/span><span class=\"s9\"><span class=\"bumpedFont15\">scoberto.mg.gov.br<\/span><\/span><\/p>\n","protected":false},"excerpt":{"rendered":"<p>PREFEITURA MUNICIPAL DE DESCOBERTO AVISO DE LICITA\u00c7\u00c3O Licita\u00e7\u00e3o n\u00b0 082\/2024 Modalidade de Dispensa Presencial n\u00b0 021\/2024 O Munic\u00edpio de DESCOBERTO-MG, na forma da lei, faz saber a todos quantos o presente edital virem, ou dele conhecimento tiverem, que a partir das 09:00hdo dia 15 de outubro de 2024, na Prefeitura Municipal na sala da comiss\u00e3o [&hellip;]<\/p>\n","protected":false},"author":246,"featured_media":0,"comment_status":"closed","ping_status":"closed","sticky":false,"template":"","format":"standard","meta":{"footnotes":""},"categories":[307],"tags":[],"class_list":["post-224920","post","type-post","status-publish","format-standard","hentry","category-editais"],"_links":{"self":[{"href":"https:\/\/diarioregionaldigital.com.br\/index.php?rest_route=\/wp\/v2\/posts\/224920","targetHints":{"allow":["GET"]}}],"collection":[{"href":"https:\/\/diarioregionaldigital.com.br\/index.php?rest_route=\/wp\/v2\/posts"}],"about":[{"href":"https:\/\/diarioregionaldigital.com.br\/index.php?rest_route=\/wp\/v2\/types\/post"}],"author":[{"embeddable":true,"href":"https:\/\/diarioregionaldigital.com.br\/index.php?rest_route=\/wp\/v2\/users\/246"}],"replies":[{"embeddable":true,"href":"https:\/\/diarioregionaldigital.com.br\/index.php?rest_route=%2Fwp%2Fv2%2Fcomments&post=224920"}],"version-history":[{"count":1,"href":"https:\/\/diarioregionaldigital.com.br\/index.php?rest_route=\/wp\/v2\/posts\/224920\/revisions"}],"predecessor-version":[{"id":224921,"href":"https:\/\/diarioregionaldigital.com.br\/index.php?rest_route=\/wp\/v2\/posts\/224920\/revisions\/224921"}],"wp:attachment":[{"href":"https:\/\/diarioregionaldigital.com.br\/index.php?rest_route=%2Fwp%2Fv2%2Fmedia&parent=224920"}],"wp:term":[{"taxonomy":"category","embeddable":true,"href":"https:\/\/diarioregionaldigital.com.br\/index.php?rest_route=%2Fwp%2Fv2%2Fcategories&post=224920"},{"taxonomy":"post_tag","embeddable":true,"href":"https:\/\/diarioregionaldigital.com.br\/index.php?rest_route=%2Fwp%2Fv2%2Ftags&post=224920"}],"curies":[{"name":"wp","href":"https:\/\/api.w.org\/{rel}","templated":true}]}}