{"id":224914,"date":"2024-10-08T19:28:26","date_gmt":"2024-10-08T22:28:26","guid":{"rendered":"https:\/\/diarioregionaldigital.com.br\/?p=224914"},"modified":"2024-10-08T19:28:26","modified_gmt":"2024-10-08T22:28:26","slug":"pjf-promove-rua-de-brincar-especial-de-dia-das-criancas-no-parque-municipal","status":"publish","type":"post","link":"https:\/\/diarioregionaldigital.com.br\/?p=224914","title":{"rendered":"PJF promove Rua de Brincar especial de Dia das Crian\u00e7as no Parque Municipal"},"content":{"rendered":"<p>Segundo informa\u00e7\u00f5es do site da Prefeitura de Juiz de Fora (PJF), a PJF realizar\u00e1 neste s\u00e1bado, 12, uma edi\u00e7\u00e3o especial do Rua de Brincar, em comemora\u00e7\u00e3o ao Dia das Crian\u00e7as. O evento acontecer\u00e1 das 9h \u00e0s 16h no Parque Municipal. Ser\u00e3o promovidas diversas atividades, brincadeiras e apresenta\u00e7\u00f5es culturais para toda a fam\u00edlia. As piscinas do Parque Municipal estar\u00e3o liberadas e quem for acessar o Complexo Aqu\u00e1tico dever\u00e1 estar com trajes de banho.<\/p>\n<p>&nbsp;<\/p>\n<p>O Parque Municipal fica localizado na Rua do Contorno, n\u00ba 8, bairro Nova Calif\u00f3rnia. Como \u00e9 feriado nacional neste dia 12, o transporte p\u00fablico \u00e9<a href=\"https:\/\/www.pjf.mg.gov.br\/noticias\/view.php?modo=link2&amp;idnoticia2=81445\">\u00a0gratuito para os usu\u00e1rios durante todo o dia<\/a>. Al\u00e9m disso, haver\u00e1 linhas de \u00f4nibus extras saindo da Avenida Itamar Franco, pr\u00f3ximo ao Procon.<\/p>\n<p>&nbsp;<\/p>\n<p>Durante todo o evento, de 9h \u00e0s 16h, haver\u00e1 brinquedos infl\u00e1veis (tobog\u00e3s, jacar\u00e9 pula pula, tot\u00f3 humano); jogos de mesa (tot\u00f3, sinuca, ping-pong); parquinho infantil; cama el\u00e1stica; slack-line; recrea\u00e7\u00e3o; educa\u00e7\u00e3o para o tr\u00e2nsito (atividade de colorir e pista de carrinho); educa\u00e7\u00e3o tur\u00edstica; oficina Recriar (pinturas, colagem e desenhos para colorir); cineminha. A Escola T\u00e9cnica Elisabeth Rombach tamb\u00e9m estar\u00e1 presente realizando aferi\u00e7\u00e3o de press\u00e3o e glicemia.<\/p>\n<p>&nbsp;<\/p>\n<p>Durante o per\u00edodo da manh\u00e3, de 9h \u00e0s 12h, haver\u00e1 pintura facial, oficina com gravetos, educa\u00e7\u00e3o patrimonial, oficina do tear, pintura de m\u00e3o, distribui\u00e7\u00e3o de produtos da Lei Murilo Mendes. O Procon far\u00e1 atividades l\u00fadicas, voltadas para o consumo consciente e sustentabilidade, al\u00e9m de oferecer atendimento com o Procon Aqui. J\u00e1 no per\u00edodo da tarde, das 13h \u00e0s 16h, haver\u00e1 a atividade Colorindo o Bem, promovida pela Funalfa.<\/p>\n<p>&nbsp;<\/p>\n<p>A programa\u00e7\u00e3o tamb\u00e9m contar\u00e1 com diversas apresenta\u00e7\u00f5es. \u00c0s 10h haver\u00e1 apresenta\u00e7\u00e3o da Caravana de Hist\u00f3rias, \u00e0s 11h ter\u00e1 dan\u00e7a mix, \u00e0s 14h os Mascotes dos Agentes de Tr\u00e2nsito se apresentam e \u00e0s 15h acontecer\u00e1 apresenta\u00e7\u00e3o do Palha\u00e7o Bolinha.<\/p>\n<p>&nbsp;<\/p>\n<p>O Mesa da Cidadania tamb\u00e9m participar\u00e1 da a\u00e7\u00e3o. As entidades parceiras do projeto estar\u00e3o com barraquinhas de comercializa\u00e7\u00e3o de alimentos. O restaurante do Parque Municipal tamb\u00e9m estar\u00e1 funcionando durante todo o evento. Vale lembrar que \u00e9 proibida a entrada no parque com bebidas alco\u00f3licas.<\/p>\n<p>&nbsp;<\/p>\n<p><strong>Transporte p\u00fablico gratuito e com linhas extras<\/strong><\/p>\n<p>&nbsp;<\/p>\n<p>As linhas de \u00f4nibus que atendem o Parque Municipal s\u00e3o 520 (Aeroporto), 531 (Nova Calif\u00f3rnia) e 537 (Jardim da Serra), todos descritos no letreiro com \u201cVia Parque Municipal\u201d. Ser\u00e3o disponibilizados 10 \u00f4nibus extras da linha especial, que sair\u00e1 da Avenida Itamar Franco, pr\u00f3ximo ao Procon, a partir das 8h30, e circular\u00e1 durante todo o evento.<\/p>\n<p>&nbsp;<\/p>\n<p><strong>Programa Boniteza<\/strong><\/p>\n<p>&nbsp;<\/p>\n<p>Coordenado pela Secretaria de Governo (SG), o Programa Boniteza \u00e9 uma a\u00e7\u00e3o integrada entre Secretaria de Assist\u00eancia Social (SAS); Secretaria de Agricultura, Pecu\u00e1ria e Abastecimento (Seapa); Companhia de Saneamento Municipal (Cesama); Secretaria de Comunica\u00e7\u00e3o Social (Secom); Departamento Municipal de Limpeza Urbana (Demlurb);\u00a0 Secretaria de Desenvolvimento Sustent\u00e1vel e Inclusivo, da Inova\u00e7\u00e3o e Competitividade (Sedic); Empresa Municipal de Pavimenta\u00e7\u00e3o e Urbanidades (Empav); Juiz de Fora Previd\u00eancia (JFPrev); Secretaria de Educa\u00e7\u00e3o (SE); Secretaria Especial de Direitos Humanos (SEDH); Secretaria de Esporte e Lazer (SEL); Funda\u00e7\u00e3o Cultural Alfredo Ferreira Lage (Funalfa); Funda\u00e7\u00e3o Museu Mariano Proc\u00f3pio (Mapro); Secretaria da Fazenda (SF); Secretaria de Mobilidade Urbana (SMU); Secretaria de Obras (SO); Secretaria de Planejamento Urbano (Sepur); Secretaria de Planejamento do Territ\u00f3rio e Participa\u00e7\u00e3o Popular (Seppop); Secretaria de Sustentabilidade em Meio Ambiente e Atividades Urbanas (Sesmaur); Secretaria de Seguran\u00e7a Urbana e Cidadania (Sesuc); Secretaria de Sa\u00fade (SS); Secretaria de Turismo (Setur); e Secretaria de Transforma\u00e7\u00e3o Digital e Administrativa (STDA).<\/p>\n","protected":false},"excerpt":{"rendered":"<p>Segundo informa\u00e7\u00f5es do site da Prefeitura de Juiz de Fora (PJF), a PJF realizar\u00e1 neste s\u00e1bado, 12, uma edi\u00e7\u00e3o especial do Rua de Brincar, em comemora\u00e7\u00e3o ao Dia das Crian\u00e7as. O evento acontecer\u00e1 das 9h \u00e0s 16h no Parque Municipal. Ser\u00e3o promovidas diversas atividades, brincadeiras e apresenta\u00e7\u00f5es culturais para toda a fam\u00edlia. As piscinas do [&hellip;]<\/p>\n","protected":false},"author":246,"featured_media":224915,"comment_status":"closed","ping_status":"closed","sticky":false,"template":"","format":"standard","meta":{"footnotes":""},"categories":[253,436,440,439],"tags":[],"class_list":["post-224914","post","type-post","status-publish","format-standard","has-post-thumbnail","hentry","category-cidade","category-destaque-da-semana","category-destaques-do-dia","category-ultima-hora"],"_links":{"self":[{"href":"https:\/\/diarioregionaldigital.com.br\/index.php?rest_route=\/wp\/v2\/posts\/224914","targetHints":{"allow":["GET"]}}],"collection":[{"href":"https:\/\/diarioregionaldigital.com.br\/index.php?rest_route=\/wp\/v2\/posts"}],"about":[{"href":"https:\/\/diarioregionaldigital.com.br\/index.php?rest_route=\/wp\/v2\/types\/post"}],"author":[{"embeddable":true,"href":"https:\/\/diarioregionaldigital.com.br\/index.php?rest_route=\/wp\/v2\/users\/246"}],"replies":[{"embeddable":true,"href":"https:\/\/diarioregionaldigital.com.br\/index.php?rest_route=%2Fwp%2Fv2%2Fcomments&post=224914"}],"version-history":[{"count":1,"href":"https:\/\/diarioregionaldigital.com.br\/index.php?rest_route=\/wp\/v2\/posts\/224914\/revisions"}],"predecessor-version":[{"id":224916,"href":"https:\/\/diarioregionaldigital.com.br\/index.php?rest_route=\/wp\/v2\/posts\/224914\/revisions\/224916"}],"wp:featuredmedia":[{"embeddable":true,"href":"https:\/\/diarioregionaldigital.com.br\/index.php?rest_route=\/wp\/v2\/media\/224915"}],"wp:attachment":[{"href":"https:\/\/diarioregionaldigital.com.br\/index.php?rest_route=%2Fwp%2Fv2%2Fmedia&parent=224914"}],"wp:term":[{"taxonomy":"category","embeddable":true,"href":"https:\/\/diarioregionaldigital.com.br\/index.php?rest_route=%2Fwp%2Fv2%2Fcategories&post=224914"},{"taxonomy":"post_tag","embeddable":true,"href":"https:\/\/diarioregionaldigital.com.br\/index.php?rest_route=%2Fwp%2Fv2%2Ftags&post=224914"}],"curies":[{"name":"wp","href":"https:\/\/api.w.org\/{rel}","templated":true}]}}