{"id":224906,"date":"2024-10-08T19:25:41","date_gmt":"2024-10-08T22:25:41","guid":{"rendered":"https:\/\/diarioregionaldigital.com.br\/?p=224906"},"modified":"2024-10-08T19:25:41","modified_gmt":"2024-10-08T22:25:41","slug":"micro-e-pequenas-empresas-sao-responsaveis-por-mais-de-67-dos-empregos-criados-em-minas-ate-agosto","status":"publish","type":"post","link":"https:\/\/diarioregionaldigital.com.br\/?p=224906","title":{"rendered":"Micro e pequenas empresas s\u00e3o respons\u00e1veis por mais de 67% dos empregos criados em Minas at\u00e9 agosto"},"content":{"rendered":"<p>O saldo de empregos gerados pelas Micro e Pequenas Empresas (MPEs) em Minas Gerais, nos oito primeiros meses de 2024, chegou a 127.474\u00a0novas vagas. O n\u00famero representa mais de 67% do total do estado no per\u00edodo, conforme dados do Sebrae Minas, com base no Cadastro Geral de Empregados e Desempregados (Caged), do Minist\u00e9rio do Trabalho e Emprego (MTE).<\/p>\n<p>No recorte, as MPEs do setor de servi\u00e7os foram as que apresentaram melhor desempenho, respondendo por 46% do saldo de empregos criados, o que representa 58.761 novos postos de trabalho. Em seguida, os setores de constru\u00e7\u00e3o civil (19.967) e\u00a0da ind\u00fastria de transforma\u00e7\u00e3o (18.814) tamb\u00e9m se destacaram.<\/p>\n<p>Para o secret\u00e1rio de Estado de\u00a0<a href=\"https:\/\/desenvolvimento.mg.gov.br\/\" target=\"_blank\" rel=\"noopener\">Desenvolvimento Econ\u00f4mico<\/a>\u00a0de Minas Gerais, Fernando Passalio, o compromisso do\u00a0<a href=\"https:\/\/www.mg.gov.br\/\" target=\"_blank\" rel=\"noopener\">Governo de Minas<\/a>\u00a0com os empreendedores mineiros tem mantido as MPES como as maiores geradoras de emprego no estado.<\/p>\n<p>\u201cO crescimento do mercado de trabalho motivado pela atua\u00e7\u00e3o das micro e pequenas empresas em Minas refor\u00e7a a efici\u00eancia das iniciativas da Sede-MG em prol da Liberdade Econ\u00f4mica,\u00a0promovendo\u00a0um ambiente de neg\u00f3cios menos burocr\u00e1tico, o que garante maior previsibilidade e seguran\u00e7a jur\u00eddica para a atua\u00e7\u00e3o do empreendedor mineiro\u201d, afirma Passalio.<\/p>\n<p><strong>Servi\u00e7os lideram<\/strong><\/p>\n<p>Durante o m\u00eas de agosto, os pequenos neg\u00f3cios do setor de servi\u00e7os se destacaram com a gera\u00e7\u00e3o de 6.798 novas vagas, obtendo um crescimento de 41,8% em compara\u00e7\u00e3o com o m\u00eas de julho (quando foram geradas 4.793 vagas).<\/p>\n<p>Com saldo de 3.792 novos postos, o com\u00e9rcio ocupou o segundo lugar em agosto, tendo uma ascens\u00e3o de 37% dos pequenos neg\u00f3cios em rela\u00e7\u00e3o ao m\u00eas de julho (2.769). A terceira posi\u00e7\u00e3o \u00a0ficou com a ind\u00fastria de transforma\u00e7\u00e3o, com 3.750 empregos no oitavo m\u00eas do ano e crescimento de 57,4% em compara\u00e7\u00e3o com o m\u00eas anterior (2.382).<\/p>\n<p>As MPEs do setor de agropecu\u00e1ria fecharam o m\u00eas de agosto com saldo negativo (- 6.289). Como explica o analista do Sebrae Minas Marc\u00edlio Duarte, esse desempenho \u00e9 comum para o per\u00edodo do ano.<\/p>\n<p>\u201cA queda na gera\u00e7\u00e3o de empregos pelo setor de agropecu\u00e1ria foi gerada devido \u00e0 sazonalidade do setor com o fim da safra do caf\u00e9, o que resultou no desligamento de trabalhadores ap\u00f3s um per\u00edodo de contrata\u00e7\u00f5es tempor\u00e1rias. O cultivo do caf\u00e9 foi o que teve maior n\u00famero de demiss\u00f5es\u201d, explica Marc\u00edlio Duarte.<\/p>\n<p><strong>Desempenho por regi\u00e3o<\/strong><\/p>\n<p>At\u00e9 o m\u00eas de agosto, as MPEs da regi\u00e3o Central responderam por 44,4 mil novas vagas de emprego no estado, seguidas dos pequenos neg\u00f3cios do Tri\u00e2ngulo Mineiro (15,8 mil)\u00a0e do Sul de Minas (15,3 mil), sendo as mais representativas no saldo de novos postos de trabalho por pequenos neg\u00f3cios.<\/p>\n<p>J\u00e1 em n\u00fameros totais, incluindo m\u00e9dias e grandes empresas, durante o mesmo per\u00edodo, no saldo relativo de empregos, as regi\u00f5es Noroeste e Alto Parana\u00edba se destacaram, com 15,2 vagas de emprego a cada mil habitantes na regi\u00e3o, seguidas do Tri\u00e2ngulo Mineiro, com 12,21 vagas, e da regi\u00e3o Central, com 11,77.<\/p>\n<p>J\u00e1 na regi\u00e3o Norte, apesar de terem sido geradas 4,46 novas vagas a cada mil habitantes, houve um crescimento significativo de 70,4% em compara\u00e7\u00e3o com o mesmo intervalo do ano passado. Zona da Mata e Campo das Vertentes apresentaram 42,7% de aumento em rela\u00e7\u00e3o ao mesmo per\u00edodo, tendo sido geradas, a cada mil habitantes, 6,89 vagas de emprego at\u00e9 agosto.<\/p>\n<p><strong>Desburocratiza\u00e7\u00e3o e Liberdade Econ\u00f4mica<\/strong><\/p>\n<p>Esses resultados refletem a desburocratiza\u00e7\u00e3o do ambiente de neg\u00f3cios de Minas Gerais. Ao todo, o estado j\u00e1 conta com 463 munic\u00edpios que aderiram \u00e0 Lei de Liberdade Econ\u00f4mica por meio do programa\u00a0<u><a id=\"OWA4bb15195-66ed-7e01-f22d-1417b70c32ad\" href=\"https:\/\/desenvolvimento.mg.gov.br\/inicio\/noticias\/noticia\/inicio\/projetos\/projeto\/1142%E2%80%9D%20por%20%E2%80%9Chttps:\/\/desenvolvimento.mg.gov.br\/inicio\/projetos\/projeto\/1142\" target=\"_blank\" rel=\"noopener noreferrer\" data-auth=\"NotApplicable\" data-linkindex=\"0\">Minas Livre Para Crescer<\/a><\/u>, beneficiando mais de 11 milh\u00f5es de cidad\u00e3os, o que representa mais de 55% da popula\u00e7\u00e3o mineira e 61% do PIB do estado.<\/p>\n<p>Nos munic\u00edpios livres, o tempo m\u00e9dio de abertura de empresas \u00e9 de 16 horas, considerando o prazo de viabilidade e registro.<\/p>\n<p>Al\u00e9m disso, cidades que avan\u00e7am para o n\u00edvel intermedi\u00e1rio do programa contam com o\u00a0<u><a id=\"OWAdf38c055-05d8-ade8-4fe3-c3cbeedea7c7\" href=\"https:\/\/jucemg.mg.gov.br\/redesimmaislivre\/\" target=\"_blank\" rel=\"noopener noreferrer\" data-auth=\"NotApplicable\" data-linkindex=\"1\">Redesim+Livre<\/a><\/u>\u00a0&#8211; um projeto realizado pela Sede-MG e sua vinculada\u00a0<u><a id=\"OWA0cdde4f0-76a1-bcff-9677-bc6de018f11c\" href=\"https:\/\/jucemg.mg.gov.br\/\" target=\"_blank\" rel=\"noopener noreferrer\" data-auth=\"NotApplicable\" data-linkindex=\"2\">Junta Comercial do Estado de Minas Gerais (Jucemg)<\/a><\/u>, com apoio do Sebrae Minas -, que agiliza ainda mais o processo de abertura de empresas no estado. As atividades de baixo e m\u00e9dio risco podem iniciar as opera\u00e7\u00f5es\u00a0em poucos minutos.<\/p>\n<p>Fonte: Ag\u00eancia Minas<\/p>\n","protected":false},"excerpt":{"rendered":"<p>O saldo de empregos gerados pelas Micro e Pequenas Empresas (MPEs) em Minas Gerais, nos oito primeiros meses de 2024, chegou a 127.474\u00a0novas vagas. O n\u00famero representa mais de 67% do total do estado no per\u00edodo, conforme dados do Sebrae Minas, com base no Cadastro Geral de Empregados e Desempregados (Caged), do Minist\u00e9rio do Trabalho [&hellip;]<\/p>\n","protected":false},"author":246,"featured_media":224907,"comment_status":"closed","ping_status":"closed","sticky":false,"template":"","format":"standard","meta":{"footnotes":""},"categories":[436,440,261,254,439],"tags":[],"class_list":["post-224906","post","type-post","status-publish","format-standard","has-post-thumbnail","hentry","category-destaque-da-semana","category-destaques-do-dia","category-economia","category-politica","category-ultima-hora"],"_links":{"self":[{"href":"https:\/\/diarioregionaldigital.com.br\/index.php?rest_route=\/wp\/v2\/posts\/224906","targetHints":{"allow":["GET"]}}],"collection":[{"href":"https:\/\/diarioregionaldigital.com.br\/index.php?rest_route=\/wp\/v2\/posts"}],"about":[{"href":"https:\/\/diarioregionaldigital.com.br\/index.php?rest_route=\/wp\/v2\/types\/post"}],"author":[{"embeddable":true,"href":"https:\/\/diarioregionaldigital.com.br\/index.php?rest_route=\/wp\/v2\/users\/246"}],"replies":[{"embeddable":true,"href":"https:\/\/diarioregionaldigital.com.br\/index.php?rest_route=%2Fwp%2Fv2%2Fcomments&post=224906"}],"version-history":[{"count":2,"href":"https:\/\/diarioregionaldigital.com.br\/index.php?rest_route=\/wp\/v2\/posts\/224906\/revisions"}],"predecessor-version":[{"id":224910,"href":"https:\/\/diarioregionaldigital.com.br\/index.php?rest_route=\/wp\/v2\/posts\/224906\/revisions\/224910"}],"wp:featuredmedia":[{"embeddable":true,"href":"https:\/\/diarioregionaldigital.com.br\/index.php?rest_route=\/wp\/v2\/media\/224907"}],"wp:attachment":[{"href":"https:\/\/diarioregionaldigital.com.br\/index.php?rest_route=%2Fwp%2Fv2%2Fmedia&parent=224906"}],"wp:term":[{"taxonomy":"category","embeddable":true,"href":"https:\/\/diarioregionaldigital.com.br\/index.php?rest_route=%2Fwp%2Fv2%2Fcategories&post=224906"},{"taxonomy":"post_tag","embeddable":true,"href":"https:\/\/diarioregionaldigital.com.br\/index.php?rest_route=%2Fwp%2Fv2%2Ftags&post=224906"}],"curies":[{"name":"wp","href":"https:\/\/api.w.org\/{rel}","templated":true}]}}