{"id":224904,"date":"2024-10-08T02:56:47","date_gmt":"2024-10-08T05:56:47","guid":{"rendered":"https:\/\/diarioregionaldigital.com.br\/?p=224904"},"modified":"2024-10-08T02:56:47","modified_gmt":"2024-10-08T05:56:47","slug":"edital-de-convocacao-assembleia-geral-ordinaria-condominio-ville-rubi-08-10-2024","status":"publish","type":"post","link":"https:\/\/diarioregionaldigital.com.br\/?p=224904","title":{"rendered":"Edital de Convoca\u00e7\u00e3o Assembleia Geral Ordin\u00e1ria Condom\u00ednio Ville Rubi &#8211; 08\/10\/2024"},"content":{"rendered":"<p style=\"text-align: center;\">Edital de Convoca\u00e7\u00e3o<br \/>\nAssembleia Geral Ordin\u00e1ria Condom\u00ednio Ville Rubi<br \/>\nDia 17 de outubro de 2024 \u00e0s 18h30 horas.<br \/>\nJuiz de Fora 05 de outubro de 2024.<\/p>\n<p style=\"text-align: center;\">\nNa qualidade de sindica do Condom\u00ednio Ville Rubi, situado a Rua P\u00e9tala Misteriosa,<br \/>\n300, Estrela Sul, Juiz de Fora, MG, convido os demais cond\u00f4minos para a ASSEMBLEIA<br \/>\nGERAL ORDIN\u00c1RIA, que se far\u00e1 realizar no pr\u00f3ximo dia 71 de outubro de 2024 (quinta feira) de forma presencial no Condominio Rossi, situado \u00e0 Rua Ataliba de Barros n\u00b0. 180, bairro S\u00e3o<br \/>\nVateus, as 18h30 em primeira chamada, quando h\u00e1 a necessidade da presen\u00e7a de cond\u00f4minos que representem 2\/3 (dois ter\u00e7os) das unidades, de acordo com a fra\u00e7\u00e3o ideal, ou \u00e0s 19h00, em segunda e \u00faltima convoca\u00e7\u00e3o, quando ser\u00e1 realizada com n\u00famero de presen\u00e7as, tempo previsto de dura\u00e7\u00e3o \u00e9 de 2h 30, atraves do endere\u00e7o a fim de deliberarem sobre as seguintes pautas:<br \/>\nOrdem do Dia:<br \/>\n01) Presta\u00e7\u00e3o de Contas de 10\/2023 a 09\/2024<br \/>\n02) Elei\u00e7\u00e3o de Sindico e Membros do Conselho Fiscal. 03) Previs\u00e3o Or\u00e7amentaria: 2024-2025<br \/>\n04) Assuntos Gerais.<br \/>\nEm virtude dos assuntos a serem tratados, lembro a todos da conveni\u00eancia de comparecer ao se fazer representar por espec\u00edfica procura\u00e7\u00e3o.<br \/>\nEsclare\u00e7o aos senhores cond\u00f4minos ou seus representantes que n\u00e3o poder\u00e3o votar e<br \/>\nnem ser votado nas delibera\u00e7\u00f5es da assembleia se n\u00e3o estiverem em dia com suas obriga\u00e7\u00f5es condominiais, sendo nulos os seus votos e suas presen\u00e7as, conforme a lei n\u00b0 4.591\/64.<br \/>\nRessalto ainda, que as decis\u00f5es tomadas em assembleia caber\u00e3o a todos inclusive aos ausentes.<\/p>\n<p style=\"text-align: center;\">Os candidatos ao cargo de sindico e membros do conselho dever\u00e3o enviar suas candidaturas e propostas at\u00e9 o dia 15\/10\/2024 para o email:condominio@gruponogueira.net.<\/p>\n<p style=\"text-align: center;\">\nOs candidatos ser\u00e3o divulgados aos moradores no dia 16\/10\/2024, via aplicativo do condom\u00ednio.<br \/>\nAntecipo os meus agradecimentos pela valiosa presen\u00e7a.<\/p>\n<p>&nbsp;<\/p>\n<p style=\"text-align: center;\">In\u00eas Castro e Silva<\/p>\n<p style=\"text-align: center;\">S\u00edndica<\/p>\n","protected":false},"excerpt":{"rendered":"<p>Edital de Convoca\u00e7\u00e3o Assembleia Geral Ordin\u00e1ria Condom\u00ednio Ville Rubi Dia 17 de outubro de 2024 \u00e0s 18h30 horas. Juiz de Fora 05 de outubro de 2024. Na qualidade de sindica do Condom\u00ednio Ville Rubi, situado a Rua P\u00e9tala Misteriosa, 300, Estrela Sul, Juiz de Fora, MG, convido os demais cond\u00f4minos para a ASSEMBLEIA GERAL ORDIN\u00c1RIA, [&hellip;]<\/p>\n","protected":false},"author":246,"featured_media":0,"comment_status":"closed","ping_status":"closed","sticky":false,"template":"","format":"standard","meta":{"footnotes":""},"categories":[307],"tags":[],"class_list":["post-224904","post","type-post","status-publish","format-standard","hentry","category-editais"],"_links":{"self":[{"href":"https:\/\/diarioregionaldigital.com.br\/index.php?rest_route=\/wp\/v2\/posts\/224904","targetHints":{"allow":["GET"]}}],"collection":[{"href":"https:\/\/diarioregionaldigital.com.br\/index.php?rest_route=\/wp\/v2\/posts"}],"about":[{"href":"https:\/\/diarioregionaldigital.com.br\/index.php?rest_route=\/wp\/v2\/types\/post"}],"author":[{"embeddable":true,"href":"https:\/\/diarioregionaldigital.com.br\/index.php?rest_route=\/wp\/v2\/users\/246"}],"replies":[{"embeddable":true,"href":"https:\/\/diarioregionaldigital.com.br\/index.php?rest_route=%2Fwp%2Fv2%2Fcomments&post=224904"}],"version-history":[{"count":1,"href":"https:\/\/diarioregionaldigital.com.br\/index.php?rest_route=\/wp\/v2\/posts\/224904\/revisions"}],"predecessor-version":[{"id":224905,"href":"https:\/\/diarioregionaldigital.com.br\/index.php?rest_route=\/wp\/v2\/posts\/224904\/revisions\/224905"}],"wp:attachment":[{"href":"https:\/\/diarioregionaldigital.com.br\/index.php?rest_route=%2Fwp%2Fv2%2Fmedia&parent=224904"}],"wp:term":[{"taxonomy":"category","embeddable":true,"href":"https:\/\/diarioregionaldigital.com.br\/index.php?rest_route=%2Fwp%2Fv2%2Fcategories&post=224904"},{"taxonomy":"post_tag","embeddable":true,"href":"https:\/\/diarioregionaldigital.com.br\/index.php?rest_route=%2Fwp%2Fv2%2Ftags&post=224904"}],"curies":[{"name":"wp","href":"https:\/\/api.w.org\/{rel}","templated":true}]}}