{"id":224900,"date":"2024-10-07T21:02:36","date_gmt":"2024-10-08T00:02:36","guid":{"rendered":"https:\/\/diarioregionaldigital.com.br\/?p=224900"},"modified":"2024-10-07T21:02:36","modified_gmt":"2024-10-08T00:02:36","slug":"margarida-salomao-do-pt-faz-votacao-historica-e-liquida-pleito-no-1o-turno-em-juiz-de-fora","status":"publish","type":"post","link":"https:\/\/diarioregionaldigital.com.br\/?p=224900","title":{"rendered":"Margarida Salom\u00e3o, do PT, faz vota\u00e7\u00e3o hist\u00f3rica e liquida pleito no 1\u00ba turno em Juiz de Fora"},"content":{"rendered":"<p><a href=\"https:\/\/revistaforum.com.br\/temas\/margarida-salomo-11053.html\" target=\"_blank\" rel=\"noopener\">Margarida Salom\u00e3o (PT)<\/a>\u00a0fez mais uma\u00a0<strong>vota\u00e7\u00e3o hist\u00f3rica e se reelegeu<\/strong>\u00a0prefeita de\u00a0<a href=\"https:\/\/revistaforum.com.br\/temas\/juiz-de-fora-20956.html\" target=\"_blank\" rel=\"noopener\">Juiz de Fora (MG)<\/a>\u00a0<strong>j\u00e1 no primeiro turno\u00a0<\/strong>do pleito, disputado neste domingo (6), com\u00a0<strong>150.848 votos (53,96% dos votos v\u00e1lidos)<\/strong>.<\/p>\n<p>A petista se manteve \u00e0 frente com larga vantagem em todas as pesquisas de inten\u00e7\u00f5es de voto e n\u00e3o deixou chances para Charles Evangelista, do PL, partido de Jair Bolsonaro, que obteve 27,53% dos votos v\u00e1lidos. Ione (Avante) somou 9,92%; J\u00falio Delgado (MDB), teve 6,16%; e Isauro Calais (Republicanos) anotou 2,09%.\u00a011.085 eleitores de Juiz de Fora votaram em branco, enquanto outros\u00a017.401 anularam.<\/p>\n<p>&#8220;Esse \u00e9 um voto de confian\u00e7a no projeto que temos para a cidade, e estou muito agradecida. Vamos seguir firmes, com responsabilidade, para melhorar ainda mais a qualidade de vida em Juiz de Fora&#8221;, disse Margarida Salom\u00e3o em discurso, durante uma celebra\u00e7\u00e3o no centro de Juiz de Fora ap\u00f3s o c\u00f4mputo dos votos por parte do Tribunal Superior Eleitoral (TSE).<\/p>\n<h2><strong>Quem \u00e9 Margarida Salom\u00e3o\u00a0<\/strong><\/h2>\n<p>Margarida Salom\u00e3o, reeleita prefeita de Juiz de Fora em 2024, \u00e9 uma lideran\u00e7a destacada tanto na pol\u00edtica quanto no meio acad\u00eamico.\u00a0Ex-reitora da Universidade Federal de Juiz de Fora (UFJF), onde atuou de 1998 a 2006, sua gest\u00e3o foi marcada pela expans\u00e3o e moderniza\u00e7\u00e3o da institui\u00e7\u00e3o. Formada em Letras, Margarida migrou para a pol\u00edtica, sendo eleita deputada federal pelo Partido dos Trabalhadores (PT) em 2010 e reeleita em 2014. Em seu mandato na C\u00e2mara, focou em temas como educa\u00e7\u00e3o e inova\u00e7\u00e3o.<\/p>\n<p>No executivo municipal, sua gest\u00e3o como prefeita, iniciada em 2021, foi pautada pela amplia\u00e7\u00e3o de servi\u00e7os p\u00fablicos, especialmente em sa\u00fade e educa\u00e7\u00e3o.<\/p>\n<p>Fonte: Revista Forum<\/p>\n","protected":false},"excerpt":{"rendered":"<p>Margarida Salom\u00e3o (PT)\u00a0fez mais uma\u00a0vota\u00e7\u00e3o hist\u00f3rica e se reelegeu\u00a0prefeita de\u00a0Juiz de Fora (MG)\u00a0j\u00e1 no primeiro turno\u00a0do pleito, disputado neste domingo (6), com\u00a0150.848 votos (53,96% dos votos v\u00e1lidos). A petista se manteve \u00e0 frente com larga vantagem em todas as pesquisas de inten\u00e7\u00f5es de voto e n\u00e3o deixou chances para Charles Evangelista, do PL, partido de [&hellip;]<\/p>\n","protected":false},"author":246,"featured_media":224901,"comment_status":"closed","ping_status":"closed","sticky":false,"template":"","format":"standard","meta":{"footnotes":""},"categories":[253,436,440,439],"tags":[],"class_list":["post-224900","post","type-post","status-publish","format-standard","has-post-thumbnail","hentry","category-cidade","category-destaque-da-semana","category-destaques-do-dia","category-ultima-hora"],"_links":{"self":[{"href":"https:\/\/diarioregionaldigital.com.br\/index.php?rest_route=\/wp\/v2\/posts\/224900","targetHints":{"allow":["GET"]}}],"collection":[{"href":"https:\/\/diarioregionaldigital.com.br\/index.php?rest_route=\/wp\/v2\/posts"}],"about":[{"href":"https:\/\/diarioregionaldigital.com.br\/index.php?rest_route=\/wp\/v2\/types\/post"}],"author":[{"embeddable":true,"href":"https:\/\/diarioregionaldigital.com.br\/index.php?rest_route=\/wp\/v2\/users\/246"}],"replies":[{"embeddable":true,"href":"https:\/\/diarioregionaldigital.com.br\/index.php?rest_route=%2Fwp%2Fv2%2Fcomments&post=224900"}],"version-history":[{"count":1,"href":"https:\/\/diarioregionaldigital.com.br\/index.php?rest_route=\/wp\/v2\/posts\/224900\/revisions"}],"predecessor-version":[{"id":224902,"href":"https:\/\/diarioregionaldigital.com.br\/index.php?rest_route=\/wp\/v2\/posts\/224900\/revisions\/224902"}],"wp:featuredmedia":[{"embeddable":true,"href":"https:\/\/diarioregionaldigital.com.br\/index.php?rest_route=\/wp\/v2\/media\/224901"}],"wp:attachment":[{"href":"https:\/\/diarioregionaldigital.com.br\/index.php?rest_route=%2Fwp%2Fv2%2Fmedia&parent=224900"}],"wp:term":[{"taxonomy":"category","embeddable":true,"href":"https:\/\/diarioregionaldigital.com.br\/index.php?rest_route=%2Fwp%2Fv2%2Fcategories&post=224900"},{"taxonomy":"post_tag","embeddable":true,"href":"https:\/\/diarioregionaldigital.com.br\/index.php?rest_route=%2Fwp%2Fv2%2Ftags&post=224900"}],"curies":[{"name":"wp","href":"https:\/\/api.w.org\/{rel}","templated":true}]}}