{"id":224894,"date":"2024-10-07T20:58:29","date_gmt":"2024-10-07T23:58:29","guid":{"rendered":"https:\/\/diarioregionaldigital.com.br\/?p=224894"},"modified":"2024-10-07T20:58:29","modified_gmt":"2024-10-07T23:58:29","slug":"em-15-capitais-eleitores-escolherao-prefeitos-em-segundo-turno","status":"publish","type":"post","link":"https:\/\/diarioregionaldigital.com.br\/?p=224894","title":{"rendered":"Em 15 capitais, eleitores escolher\u00e3o prefeitos em segundo turno"},"content":{"rendered":"<p>A ida dos eleitores \u00e0s urnas no \u00faltimo domingo (6) selou a elei\u00e7\u00e3o para prefeito em 11 das 26 capitais do pa\u00eds.\u00a0<a href=\"https:\/\/agenciabrasil.ebc.com.br\/politica\/noticia\/2024-10\/arthur-henrique-se-reelege-no-primeiro-turno-em-boa-vista\" target=\"_blank\" rel=\"noopener\">Boa Vista<\/a>\u00a0(RR),\u00a0<a href=\"https:\/\/agenciabrasil.ebc.com.br\/politica\/noticia\/2024-10\/topazio-neto-psd-e-eleito-prefeito-de-florianopolis\" target=\"_blank\" rel=\"noopener\">Florian\u00f3polis<\/a>\u00a0(SC),\u00a0<a href=\"https:\/\/agenciabrasil.ebc.com.br\/politica\/noticia\/2024-10\/dr-furlan-mdb-e-reeleito-prefeito-de-macapa-no-1o-turno\" target=\"_blank\" rel=\"noopener\">Macap\u00e1<\/a>\u00a0(AP),\u00a0<a href=\"https:\/\/agenciabrasil.ebc.com.br\/politica\/noticia\/2024-10\/jhc-e-reeleito-prefeito-de-maceio\" target=\"_blank\" rel=\"noopener\">Macei\u00f3<\/a>\u00a0(AL),\u00a0<a href=\"https:\/\/agenciabrasil.ebc.com.br\/politica\/noticia\/2024-10\/joao-campos-e-reeleito-em-recife\" target=\"_blank\" rel=\"noopener\">Recife<\/a>\u00a0(PE),\u00a0<a href=\"https:\/\/agenciabrasil.ebc.com.br\/politica\/noticia\/2024-10\/tiao-bocalom-e-reeleito-no-primeiro-turno-em-rio-branco-no-acre\" target=\"_blank\" rel=\"noopener\">Rio Branco<\/a>\u00a0(AC),\u00a0<a href=\"https:\/\/agenciabrasil.ebc.com.br\/politica\/noticia\/2024-10\/eduardo-paes-reeleito-prefeito-do-rio-de-janeiro\" target=\"_blank\" rel=\"noopener\">Rio de Janeiro<\/a>\u00a0(RJ),\u00a0<a href=\"https:\/\/agenciabrasil.ebc.com.br\/politica\/noticia\/2024-10\/bruno-reis-e-reeleito-prefeito-de-salvador\" target=\"_blank\" rel=\"noopener\">Salvador<\/a>\u00a0(BA),\u00a0<a href=\"https:\/\/agenciabrasil.ebc.com.br\/politica\/noticia\/2024-10\/em-sao-luis-eduardo-braide-e-reeleito-em-primeiro-turno\" target=\"_blank\" rel=\"noopener\">S\u00e3o Luis<\/a>\u00a0(MA),\u00a0<a href=\"https:\/\/agenciabrasil.ebc.com.br\/politica\/noticia\/2024-10\/silvio-mendes-e-eleito-em-teresina\" target=\"_blank\" rel=\"noopener\">Teresina<\/a>\u00a0(PI) e\u00a0<a href=\"https:\/\/agenciabrasil.ebc.com.br\/politica\/noticia\/2024-10\/avaliacao-positiva-garante-reeleicao-de-pazolini-em-vitoria\" target=\"_blank\" rel=\"noopener\">Vit\u00f3ria<\/a>\u00a0(ES) j\u00e1 sabem quem ser\u00e1 o prefeito pelos pr\u00f3ximos quatro anos.<img decoding=\"async\" src=\"https:\/\/agenciabrasil.ebc.com.br\/ebc.png?id=1614733&amp;o=node\" \/><img decoding=\"async\" src=\"https:\/\/agenciabrasil.ebc.com.br\/ebc.gif?id=1614733&amp;o=node\" \/><\/p>\n<p>Das 11 vit\u00f3rias garantidas em primeiro turno, dez s\u00e3o de prefeitos que j\u00e1 ocupavam o cargo e foram reeleitos. A \u00fanica exce\u00e7\u00e3o \u00e9 em Teresina. L\u00e1, Silvio Mendes assumir\u00e1 a cadeira hoje ocupada por Dr. Pessoa. O atual prefeito disputou as elei\u00e7\u00f5es, mas ficou em terceiro lugar, com 2,20% dos votos v\u00e1lidos.<\/p>\n<p>Outras 15 capitais ter\u00e3o segundo turno. Os eleitores de\u00a0<a href=\"https:\/\/agenciabrasil.ebc.com.br\/politica\/noticia\/2024-10\/emilia-correa-e-luiz-roberto-vao-ao-segundo-turno-em-aracaju\">Aracaju<\/a>\u00a0(SE),\u00a0<a href=\"https:\/\/agenciabrasil.ebc.com.br\/politica\/noticia\/2024-10\/belo-horizonte-tera-segundo-turno-com-bruno-engler-e-fuad-noman\">Belo Horizonte<\/a>\u00a0(MG),\u00a0<a href=\"https:\/\/agenciabrasil.ebc.com.br\/politica\/noticia\/2024-10\/belem-tera-segundo-turno-entre-igor-normando-mdb-e-eder-mauro-pl\" target=\"_blank\" rel=\"noopener\">Bel\u00e9m<\/a>\u00a0(PA), Campo Grande (MS),\u00a0<a href=\"https:\/\/agenciabrasil.ebc.com.br\/politica\/noticia\/2024-10\/eleicoes-em-cuiaba-vao-para-segundo-turno-com-brunini-e-ludio\" target=\"_blank\" rel=\"noopener\">Cuiab\u00e1<\/a>\u00a0(MT),\u00a0<a href=\"https:\/\/agenciabrasil.ebc.com.br\/politica\/noticia\/2024-10\/em-curitiba-eduardo-pimentel-e-cristina-graeml-disputam-segundo-turno\" target=\"_blank\" rel=\"noopener\">Curitiba<\/a>\u00a0(PR),\u00a0<a href=\"https:\/\/agenciabrasil.ebc.com.br\/politica\/noticia\/2024-10\/fortaleza-andre-fernandes-e-evandro-leitao-disputarao-o-segundo-turno\" target=\"_blank\" rel=\"noopener\">Fortaleza<\/a>\u00a0(CE), Goi\u00e2nia (GO),\u00a0<a href=\"https:\/\/agenciabrasil.ebc.com.br\/politica\/noticia\/2024-10\/lucena-e-queiroga-vao-disputar-o-segundo-turno-em-joao-pessoa\" target=\"_blank\" rel=\"noopener\">Jo\u00e3o Pessoa<\/a>\u00a0(PB),\u00a0<a href=\"https:\/\/agenciabrasil.ebc.com.br\/politica\/noticia\/2024-10\/manaus-tera-segundo-turno-entre-david-almeida-e-capitao-alberto-neto\" target=\"_blank\" rel=\"noopener\">Manaus<\/a>\u00a0(AM),\u00a0<a href=\"https:\/\/agenciabrasil.ebc.com.br\/politica\/noticia\/2024-10\/prefeitura-de-natal-sera-disputada-por-freire-e-bonavides-no-2o-turno\" target=\"_blank\" rel=\"noopener\">Natal<\/a>\u00a0(RN),\u00a0<a href=\"https:\/\/agenciabrasil.ebc.com.br\/politica\/noticia\/2024-10\/janad-valcari-e-eduardo-siqueira-disputarao-segundo-turno-em-palmas\" target=\"_blank\" rel=\"noopener\">Palmas<\/a>\u00a0(TO),\u00a0<a href=\"https:\/\/agenciabrasil.ebc.com.br\/politica\/noticia\/2024-10\/em-porto-alegre-sebastiao-melo-e-maria-do-rosario-vao-para-o-2o-turno\" target=\"_blank\" rel=\"noopener\">Porto Alegre<\/a>\u00a0(RS),\u00a0<a href=\"https:\/\/agenciabrasil.ebc.com.br\/politica\/noticia\/2024-10\/porto-velho-mariana-carvalho-uniao-e-leo-podemos-vao-ao-2o-turno\" target=\"_blank\" rel=\"noopener\">Porto Velho<\/a>\u00a0(RO) e S\u00e3o Paulo (SP) dever\u00e3o voltar \u00e0s urnas no dia 27 de outubro.<\/p>\n<p>Em algumas capitais, a elei\u00e7\u00e3o esteve perto de ser resolvida ontem mesmo, mas por menos de 1% de votos o primeiro colocado n\u00e3o conseguiu evitar o\u00a0<a href=\"https:\/\/agenciabrasil.ebc.com.br\/politica\/noticia\/2024-10\/quando-eleicao-vai-para-o-segundo-turno-entenda\" target=\"_blank\" rel=\"noopener\">segundo turno<\/a>. Em Jo\u00e3o Pessoa, C\u00edcero Lucena terminou com 49,16% dos votos, contra 21,77% de Marcelo Queiroga (PL). Os dois seguem em campanha.<\/p>\n<p>Situa\u00e7\u00e3o parecida ocorreu em Porto Alegre. Com 49,72% dos votos, Sebasti\u00e3o Melo (MDB) enfrentar\u00e1 Maria do Ros\u00e1rio (PT) no segundo turno. A petista teve 26,28% dos votos.<\/p>\n<p>O cen\u00e1rio oposto\u00a0<a href=\"https:\/\/agenciabrasil.ebc.com.br\/politica\/noticia\/2024-10\/nunes-e-boulos-seguem-para-segundo-turno-em-sao-paulo\" target=\"_blank\" rel=\"noopener\">foi visto em S\u00e3o Paulo<\/a>. \u00daltima capital a definir os nomes do segundo turno, a cidade acompanhou durante cerca de quatro horas um empate t\u00e9cnico triplo entre Ricardo Nunes (MDB), Guilherme Boulos (PSOL) e Pablo Mar\u00e7al (PRTB). No fim, Nunes e Boulos seguiram para o segundo turno, mas a diferen\u00e7a do emedebista, primeiro colocado, para Mar\u00e7al foi de pouco mais de 81 mil votos, ou 1,34%. J\u00e1 a diferen\u00e7a entre Nunes e Boulos foi de 0,41%, totalizando meros 25 mil votos.<\/p>\n<p>Em\u00a0<a href=\"https:\/\/agenciabrasil.ebc.com.br\/politica\/noticia\/2024-10\/goiania-tera-segundo-turno-com-fred-rodrigues-e-sandro-mabel\" target=\"_blank\" rel=\"noopener\">Goi\u00e2nia<\/a>, Fred Rodrigues (PL) estava em terceiro nas pesquisas na v\u00e9spera do pleito, mas fechou o primeiro turno como o mais votado, com 31,14% dos votos v\u00e1lidos. Disputar\u00e1 o segundo turno com Sandro Mabel (Uni\u00e3o), que teve 27,66% dos votos e jogou Adriana Accorsi (PT), que figurava em segundo nas pesquisas, para o terceiro lugar. Em\u00a0<a href=\"https:\/\/agenciabrasil.ebc.com.br\/politica\/noticia\/2024-10\/duas-mulheres-vao-disputar-segundo-turno-da-prefeitura-de-campo-grande\" target=\"_blank\" rel=\"noopener\">Campo Grande<\/a>, o segundo turno ser\u00e1 disputado por duas mulheres,\u00a0Adriane Lopes (PP) e Rose Modesto (Uni\u00e3o).<\/p>\n<h2>Partidos<\/h2>\n<p>As elei\u00e7\u00f5es nas capitais do pa\u00eds mostraram uma predomin\u00e2ncia de partidos de centro e do PL, de direita. Em todos os cen\u00e1rios de segundo turno existem candidatos do PL ou de partidos de centro. Em alguns casos, ambos.<\/p>\n<p>Das 11 capitais que resolveram a elei\u00e7\u00e3o em primeiro turno, os partidos de centro venceram em oito. O PSD venceu em tr\u00eas capitais, Florian\u00f3polis, Rio de Janeiro e S\u00e3o Luis. Com duas elei\u00e7\u00f5es em primeiro turno, est\u00e3o o Uni\u00e3o Brasil (Salvador e Teresina) e o MDB (Boa Vista e Macap\u00e1). Em Vit\u00f3ria, o Republicanos conquistou a vit\u00f3ria em primeiro turno.<\/p>\n<p>Os partidos de centro s\u00e3o aqueles que n\u00e3o t\u00eam a mesma convic\u00e7\u00e3o ideol\u00f3gica das legendas de esquerda ou de direita e, por isso, costumam transitar mais na base dos governos, negociando postos nesses governos em troca de apoio. O MDB, PSD, PP e Uni\u00e3o Brasil s\u00e3o alguns dos expoentes do chamado \u201ccentr\u00e3o\u201d.<\/p>\n<p>J\u00e1 o PL elegeu em primeiro turno candidatos em Macei\u00f3 e Rio Branco. Em Recife, a elei\u00e7\u00e3o em primeiro turno foi do PSB de Jo\u00e3o Campos. Entre as capitais, foi a \u00fanica vit\u00f3ria de um partido de esquerda ou centro-esquerda no \u00faltimo domingo.<\/p>\n<h2>Segundo turno<\/h2>\n<p>O PL garantiu lugar no segundo turno em nove capitais: Aracaju, Belo Horizonte, Bel\u00e9m, Cuiab\u00e1, Fortaleza, Goi\u00e2nia, Jo\u00e3o Pessoa, Manaus e Palmas. J\u00e1 o Uni\u00e3o Brasil e o PT est\u00e3o no segundo turno em quatro capitais e o MDB em tr\u00eas capitais. Com candidatos ainda na disputa em 2 capitais est\u00e3o o PSD, PP e Podemos. Com um candidato no segundo turno est\u00e3o o PDT, PSOL, PMB e Avante.<\/p>\n<p>Fonte: Ag\u00eancia Brasil<\/p>\n","protected":false},"excerpt":{"rendered":"<p>A ida dos eleitores \u00e0s urnas no \u00faltimo domingo (6) selou a elei\u00e7\u00e3o para prefeito em 11 das 26 capitais do pa\u00eds.\u00a0Boa Vista\u00a0(RR),\u00a0Florian\u00f3polis\u00a0(SC),\u00a0Macap\u00e1\u00a0(AP),\u00a0Macei\u00f3\u00a0(AL),\u00a0Recife\u00a0(PE),\u00a0Rio Branco\u00a0(AC),\u00a0Rio de Janeiro\u00a0(RJ),\u00a0Salvador\u00a0(BA),\u00a0S\u00e3o Luis\u00a0(MA),\u00a0Teresina\u00a0(PI) e\u00a0Vit\u00f3ria\u00a0(ES) j\u00e1 sabem quem ser\u00e1 o prefeito pelos pr\u00f3ximos quatro anos. Das 11 vit\u00f3rias garantidas em primeiro turno, dez s\u00e3o de prefeitos que j\u00e1 ocupavam o cargo e [&hellip;]<\/p>\n","protected":false},"author":246,"featured_media":224895,"comment_status":"closed","ping_status":"closed","sticky":false,"template":"","format":"standard","meta":{"footnotes":""},"categories":[436,440,261,254,439],"tags":[],"class_list":["post-224894","post","type-post","status-publish","format-standard","has-post-thumbnail","hentry","category-destaque-da-semana","category-destaques-do-dia","category-economia","category-politica","category-ultima-hora"],"_links":{"self":[{"href":"https:\/\/diarioregionaldigital.com.br\/index.php?rest_route=\/wp\/v2\/posts\/224894","targetHints":{"allow":["GET"]}}],"collection":[{"href":"https:\/\/diarioregionaldigital.com.br\/index.php?rest_route=\/wp\/v2\/posts"}],"about":[{"href":"https:\/\/diarioregionaldigital.com.br\/index.php?rest_route=\/wp\/v2\/types\/post"}],"author":[{"embeddable":true,"href":"https:\/\/diarioregionaldigital.com.br\/index.php?rest_route=\/wp\/v2\/users\/246"}],"replies":[{"embeddable":true,"href":"https:\/\/diarioregionaldigital.com.br\/index.php?rest_route=%2Fwp%2Fv2%2Fcomments&post=224894"}],"version-history":[{"count":1,"href":"https:\/\/diarioregionaldigital.com.br\/index.php?rest_route=\/wp\/v2\/posts\/224894\/revisions"}],"predecessor-version":[{"id":224896,"href":"https:\/\/diarioregionaldigital.com.br\/index.php?rest_route=\/wp\/v2\/posts\/224894\/revisions\/224896"}],"wp:featuredmedia":[{"embeddable":true,"href":"https:\/\/diarioregionaldigital.com.br\/index.php?rest_route=\/wp\/v2\/media\/224895"}],"wp:attachment":[{"href":"https:\/\/diarioregionaldigital.com.br\/index.php?rest_route=%2Fwp%2Fv2%2Fmedia&parent=224894"}],"wp:term":[{"taxonomy":"category","embeddable":true,"href":"https:\/\/diarioregionaldigital.com.br\/index.php?rest_route=%2Fwp%2Fv2%2Fcategories&post=224894"},{"taxonomy":"post_tag","embeddable":true,"href":"https:\/\/diarioregionaldigital.com.br\/index.php?rest_route=%2Fwp%2Fv2%2Ftags&post=224894"}],"curies":[{"name":"wp","href":"https:\/\/api.w.org\/{rel}","templated":true}]}}