{"id":224891,"date":"2024-10-07T20:55:53","date_gmt":"2024-10-07T23:55:53","guid":{"rendered":"https:\/\/diarioregionaldigital.com.br\/?p=224891"},"modified":"2024-10-07T20:55:53","modified_gmt":"2024-10-07T23:55:53","slug":"postos-do-sine-em-minas-oferecem-mais-de-18-mil-vagas-de-emprego","status":"publish","type":"post","link":"https:\/\/diarioregionaldigital.com.br\/?p=224891","title":{"rendered":"Postos do Sine em Minas oferecem mais de 18 mil vagas de emprego"},"content":{"rendered":"<p>Os\u00a0postos do Sistema Nacional de Emprego (Sine) em Minas Gerais oferecem, nesta segunda-feira (7\/10), 18.404 postos de trabalho, que podem ser acessados por meio do\u00a0<a href=\"https:\/\/app.powerbi.com\/view?r=eyJrIjoiODdjNTk0MDctOWNlMy00NmExLWIzNTQtMTEyODRkYmIzZGFiIiwidCI6ImMwZTY1MzllLThjZGUtNDZlNy1hOTc4LWI1YTNmZTlmMGMzOSJ9&amp;pageName=ReportSection\" target=\"_blank\" rel=\"noopener\">Painel de Informa\u00e7\u00f5es<\/a>, da\u00a0<a href=\"https:\/\/social.mg.gov.br\/\" target=\"_blank\" rel=\"noopener\">Secretaria de Estado de Desenvolvimento Social (Sedese-MG)<\/a>.<\/p>\n<p>Pela internet, o trabalhador pode ter acesso \u00e0s oportunidades dispon\u00edveis em todas as unidades do estado. Para facilitar a pesquisa, h\u00e1 filtros por regi\u00e3o, munic\u00edpio, ocupa\u00e7\u00f5es e unidades.<\/p>\n<p>A ocupa\u00e7\u00e3o com maior n\u00famero de vagas\u00a0 nesta segunda-feira \u00e9 alimentador de linha de produ\u00e7\u00e3o, com 1.996 oportunidades. Em seguida, vem servente de obras, com 1.118, e operador de telemarketing, com 919 vagas de emprego.<\/p>\n<p>A unidade do Sine com mais oportunidades \u00e9 a de Uberl\u00e2ndia, no Tri\u00e2ngulo Mineiro, com 4.759 vagas. Na sequ\u00eancia, vem o Sine Pedro Leopoldo, com 1.257 vagas, e o Sine BH Central de Vagas, com 1.221.<\/p>\n<p>Na capital, a fun\u00e7\u00e3o de atendente de lojas e mercados \u00e9 a com mais vagas, oferecendo 280 oportunidades.<\/p>\n<p><b>Como se candidatar<\/b><\/p>\n<p>Todas as vagas de emprego est\u00e3o dispon\u00edveis no\u00a0<a href=\"https:\/\/empregabrasil.mte.gov.br\/\" target=\"_blank\" rel=\"noopener\">Portal Emprega Brasil<\/a>. Interessados tamb\u00e9m podem se cadastrar no aplicativo Sine F\u00e1cil, dispon\u00edvel para os aparelhos celulares com sistemas operacionais Android ou iOS. O atendimento presencial de intermedia\u00e7\u00e3o de m\u00e3o de obra nas unidades \u00e9 feito por meio de agendamento pela internet.<\/p>\n<p>Fonte: Ag\u00eancia Minas<\/p>\n","protected":false},"excerpt":{"rendered":"<p>Os\u00a0postos do Sistema Nacional de Emprego (Sine) em Minas Gerais oferecem, nesta segunda-feira (7\/10), 18.404 postos de trabalho, que podem ser acessados por meio do\u00a0Painel de Informa\u00e7\u00f5es, da\u00a0Secretaria de Estado de Desenvolvimento Social (Sedese-MG). Pela internet, o trabalhador pode ter acesso \u00e0s oportunidades dispon\u00edveis em todas as unidades do estado. Para facilitar a pesquisa, h\u00e1 [&hellip;]<\/p>\n","protected":false},"author":246,"featured_media":224892,"comment_status":"closed","ping_status":"closed","sticky":false,"template":"","format":"standard","meta":{"footnotes":""},"categories":[436,440,261,252,439],"tags":[],"class_list":["post-224891","post","type-post","status-publish","format-standard","has-post-thumbnail","hentry","category-destaque-da-semana","category-destaques-do-dia","category-economia","category-regiao","category-ultima-hora"],"_links":{"self":[{"href":"https:\/\/diarioregionaldigital.com.br\/index.php?rest_route=\/wp\/v2\/posts\/224891","targetHints":{"allow":["GET"]}}],"collection":[{"href":"https:\/\/diarioregionaldigital.com.br\/index.php?rest_route=\/wp\/v2\/posts"}],"about":[{"href":"https:\/\/diarioregionaldigital.com.br\/index.php?rest_route=\/wp\/v2\/types\/post"}],"author":[{"embeddable":true,"href":"https:\/\/diarioregionaldigital.com.br\/index.php?rest_route=\/wp\/v2\/users\/246"}],"replies":[{"embeddable":true,"href":"https:\/\/diarioregionaldigital.com.br\/index.php?rest_route=%2Fwp%2Fv2%2Fcomments&post=224891"}],"version-history":[{"count":1,"href":"https:\/\/diarioregionaldigital.com.br\/index.php?rest_route=\/wp\/v2\/posts\/224891\/revisions"}],"predecessor-version":[{"id":224893,"href":"https:\/\/diarioregionaldigital.com.br\/index.php?rest_route=\/wp\/v2\/posts\/224891\/revisions\/224893"}],"wp:featuredmedia":[{"embeddable":true,"href":"https:\/\/diarioregionaldigital.com.br\/index.php?rest_route=\/wp\/v2\/media\/224892"}],"wp:attachment":[{"href":"https:\/\/diarioregionaldigital.com.br\/index.php?rest_route=%2Fwp%2Fv2%2Fmedia&parent=224891"}],"wp:term":[{"taxonomy":"category","embeddable":true,"href":"https:\/\/diarioregionaldigital.com.br\/index.php?rest_route=%2Fwp%2Fv2%2Fcategories&post=224891"},{"taxonomy":"post_tag","embeddable":true,"href":"https:\/\/diarioregionaldigital.com.br\/index.php?rest_route=%2Fwp%2Fv2%2Ftags&post=224891"}],"curies":[{"name":"wp","href":"https:\/\/api.w.org\/{rel}","templated":true}]}}