{"id":224871,"date":"2024-10-04T19:30:43","date_gmt":"2024-10-04T22:30:43","guid":{"rendered":"https:\/\/diarioregionaldigital.com.br\/?p=224871"},"modified":"2024-10-04T19:30:43","modified_gmt":"2024-10-04T22:30:43","slug":"moraes-autoriza-investigados-por-atos-golpistas-a-votar-no-domingo","status":"publish","type":"post","link":"https:\/\/diarioregionaldigital.com.br\/?p=224871","title":{"rendered":"Moraes autoriza investigados por atos golpistas a votar no domingo"},"content":{"rendered":"<p>O ministro Alexandre de Moraes, do Supremo Tribunal Federal (STF), autorizou os investigados pelos atos golpistas de 8 de janeiro a votar neste domingo (6), data do primeiro turno das elei\u00e7\u00f5es municipais. A decis\u00e3o foi proferida nesta quinta-feira (3).\u00a0<img decoding=\"async\" src=\"https:\/\/agenciabrasil.ebc.com.br\/ebc.png?id=1614519&amp;o=node\" \/><img decoding=\"async\" src=\"https:\/\/agenciabrasil.ebc.com.br\/ebc.gif?id=1614519&amp;o=node\" \/><\/p>\n<p>A decis\u00e3o foi motivada por uma a\u00e7\u00e3o protocolada pela Defensoria-P\u00fablica da Uni\u00e3o (DPU) e vale para os acusados que n\u00e3o est\u00e3o presos em decorr\u00eancia do inqu\u00e9rito que apura as responsabilidades pelos atos.<\/p>\n<p>Moraes autorizou a flexibiliza\u00e7\u00e3o do recolhimento domiciliar dos investigados e r\u00e9us pelo 8 de janeiro. Eles poder\u00e3o exercer o direito de votar e se dirigirem aos locais de vota\u00e7\u00e3o das\u00a09h \u00e0s\u00a011h. A autoriza\u00e7\u00e3o tamb\u00e9m vale para o segundo turno, previsto para 27 de outubro.<\/p>\n<p>&#8220;Sendo o voto um direito fundamental, num ju\u00edzo de pondera\u00e7\u00f5es e proporcionalidade, vi\u00e1vel a flexibiliza\u00e7\u00e3o da medida cautelar, momentaneamente, para o exerc\u00edcio desse direito&#8221;, decidiu o ministro.<\/p>\n<p>Os investigados pelos atos golpistas\u00a0respondem no Supremo pelos crimes de aboli\u00e7\u00e3o violenta do Estado Democr\u00e1tico de Direito, golpe de Estado, dano qualificado, deteriora\u00e7\u00e3o do patrim\u00f4nio tombado e associa\u00e7\u00e3o criminosa armada.<\/p>\n<p>Fonte: Ag\u00eancia Brasil<\/p>\n","protected":false},"excerpt":{"rendered":"<p>O ministro Alexandre de Moraes, do Supremo Tribunal Federal (STF), autorizou os investigados pelos atos golpistas de 8 de janeiro a votar neste domingo (6), data do primeiro turno das elei\u00e7\u00f5es municipais. A decis\u00e3o foi proferida nesta quinta-feira (3).\u00a0 A decis\u00e3o foi motivada por uma a\u00e7\u00e3o protocolada pela Defensoria-P\u00fablica da Uni\u00e3o (DPU) e vale para [&hellip;]<\/p>\n","protected":false},"author":246,"featured_media":224872,"comment_status":"closed","ping_status":"closed","sticky":false,"template":"","format":"standard","meta":{"footnotes":""},"categories":[302,436,440,261,254,439],"tags":[],"class_list":["post-224871","post","type-post","status-publish","format-standard","has-post-thumbnail","hentry","category-brasil-mundo","category-destaque-da-semana","category-destaques-do-dia","category-economia","category-politica","category-ultima-hora"],"_links":{"self":[{"href":"https:\/\/diarioregionaldigital.com.br\/index.php?rest_route=\/wp\/v2\/posts\/224871","targetHints":{"allow":["GET"]}}],"collection":[{"href":"https:\/\/diarioregionaldigital.com.br\/index.php?rest_route=\/wp\/v2\/posts"}],"about":[{"href":"https:\/\/diarioregionaldigital.com.br\/index.php?rest_route=\/wp\/v2\/types\/post"}],"author":[{"embeddable":true,"href":"https:\/\/diarioregionaldigital.com.br\/index.php?rest_route=\/wp\/v2\/users\/246"}],"replies":[{"embeddable":true,"href":"https:\/\/diarioregionaldigital.com.br\/index.php?rest_route=%2Fwp%2Fv2%2Fcomments&post=224871"}],"version-history":[{"count":1,"href":"https:\/\/diarioregionaldigital.com.br\/index.php?rest_route=\/wp\/v2\/posts\/224871\/revisions"}],"predecessor-version":[{"id":224873,"href":"https:\/\/diarioregionaldigital.com.br\/index.php?rest_route=\/wp\/v2\/posts\/224871\/revisions\/224873"}],"wp:featuredmedia":[{"embeddable":true,"href":"https:\/\/diarioregionaldigital.com.br\/index.php?rest_route=\/wp\/v2\/media\/224872"}],"wp:attachment":[{"href":"https:\/\/diarioregionaldigital.com.br\/index.php?rest_route=%2Fwp%2Fv2%2Fmedia&parent=224871"}],"wp:term":[{"taxonomy":"category","embeddable":true,"href":"https:\/\/diarioregionaldigital.com.br\/index.php?rest_route=%2Fwp%2Fv2%2Fcategories&post=224871"},{"taxonomy":"post_tag","embeddable":true,"href":"https:\/\/diarioregionaldigital.com.br\/index.php?rest_route=%2Fwp%2Fv2%2Ftags&post=224871"}],"curies":[{"name":"wp","href":"https:\/\/api.w.org\/{rel}","templated":true}]}}