{"id":224856,"date":"2024-10-03T20:41:40","date_gmt":"2024-10-03T23:41:40","guid":{"rendered":"https:\/\/diarioregionaldigital.com.br\/?p=224856"},"modified":"2024-10-03T20:41:40","modified_gmt":"2024-10-03T23:41:40","slug":"governo-de-minas-e-ministerio-publico-lancam-projeto-com-viver-para-contribuir-com-a-seguranca-nas-escolas","status":"publish","type":"post","link":"https:\/\/diarioregionaldigital.com.br\/?p=224856","title":{"rendered":"Governo de Minas e Minist\u00e9rio P\u00fablico lan\u00e7am projeto Com Viver para contribuir com a seguran\u00e7a nas escolas"},"content":{"rendered":"<p>Nesta quinta-feira (3\/10), o\u00a0<a href=\"http:\/\/www.mg.gov.br\/\" target=\"_blank\" rel=\"noopener\">Governo de Minas<\/a>, em parceria com o Minist\u00e9rio P\u00fablico de Minas Gerais (MPMG), lan\u00e7a o projeto Com Viver, uma a\u00e7\u00e3o conjunta das Secretarias de Estado de\u00a0<a href=\"http:\/\/www.seguranca.mg.gov.br\/\" target=\"_blank\" rel=\"noopener\">Justi\u00e7a e Seguran\u00e7a P\u00fablica (Sejusp)<\/a>\u00a0e de\u00a0<a href=\"http:\/\/www.educacao.mg.gov.br\/\" target=\"_blank\" rel=\"noopener\">Educa\u00e7\u00e3o (SEE)<\/a>.<\/p>\n<p>O projeto tem como objetivo qualificar professores e servidores para a contribuir com a preven\u00e7\u00e3o de atos de viol\u00eancia no ambiente escolar, promovendo uma cultura de paz baseada no respeito, di\u00e1logo e direitos humanos.<\/p>\n<p>A iniciativa surge como resposta ao aumento dos casos de viol\u00eancia nas escolas mineiras e visa fortalecer a seguran\u00e7a nas institui\u00e7\u00f5es de ensino por meio da capacita\u00e7\u00e3o de profissionais da educa\u00e7\u00e3o.<\/p>\n<p>\u201c\u00c9 um prazer estar aqui lan\u00e7ando esse projeto que tem por objetivo garantir que dentro das nossas escolas a discrimina\u00e7\u00e3o, o preconceito e o \u00f3dio sejam afastados da realidade\u201d, disse o vice-governador Professor Mateus.<\/p>\n<p>O Com Viver se alinha \u00e0s diretrizes da Base Nacional Comum Curricular (BNCC) e do Curr\u00edculo Refer\u00eancia de Minas Gerais (CRMG), que destacam a import\u00e2ncia de se criar e fortalecer um ambiente escolar acolhedor e seguro.<\/p>\n<p>\u201cHoje em dia, infelizmente, a gente tem convivido em um ambiente em que a viol\u00eancia e a intoler\u00e2ncia t\u00eam crescido dentro do ambiente escolar. Esse n\u00e3o \u00e9 um fen\u00f4meno brasileiro, \u00e9 um fen\u00f4meno mundial, e a gente teve demonstra\u00e7\u00f5es recentes de intoler\u00e2ncia religiosa, de g\u00eanero, das mais diversas, que n\u00e3o podem ser toleradas.\u00a0Ent\u00e3o, a gente precisa ser intolerante com a intoler\u00e2ncia&#8221;, enfatizou o vice-governador.<\/p>\n<table border=\"0\" cellspacing=\"1\" cellpadding=\"1\" align=\"center\">\n<tbody>\n<tr>\n<td colspan=\"5\"><img decoding=\"async\" src=\"https:\/\/www.agenciaminas.mg.gov.br\/ckeditor_assets\/pictures\/20949\/content_2_olho_topo.jpg\" alt=\"\" \/><\/td>\n<\/tr>\n<tr>\n<td><\/td>\n<td colspan=\"3\" rowspan=\"3\">\n<h1><strong>&#8220;Para isso, precisamos de mecanismos educativos, de justi\u00e7a restaurativa, de capacita\u00e7\u00e3o dos nossos professores, pois, s\u00e3o eles, os nossos mais de 200 mil profissionais da educa\u00e7\u00e3o, que est\u00e3o dentro da sala de aula para atuar de forma efetiva para identificar e reverter esse comportamento\u201d, completou Professor Mateus.<\/strong><\/h1>\n<\/td>\n<td><\/td>\n<\/tr>\n<tr>\n<td><\/td>\n<td><\/td>\n<\/tr>\n<tr>\n<td><\/td>\n<td><\/td>\n<\/tr>\n<tr>\n<td colspan=\"5\"><img decoding=\"async\" src=\"https:\/\/www.agenciaminas.mg.gov.br\/ckeditor_assets\/pictures\/20950\/content_2_olho_inferior.jpg\" alt=\"\" \/><\/td>\n<\/tr>\n<\/tbody>\n<\/table>\n<p>&nbsp;<\/p>\n<p>O procurador-geral de Justi\u00e7a de MG e presidente do Conselho Nacional dos Procuradores-Gerais do Minist\u00e9rio P\u00fablico dos Estados e da Uni\u00e3o (CNPG), Jarbas Soares, destacou a import\u00e2ncia da uni\u00e3o de esfor\u00e7os entre Governo de Minas e Minist\u00e9rio P\u00fablico para o enfrentamento a qualquer viol\u00eancia dentro do ambiente escolar.<\/p>\n<p>\u201cA viol\u00eancia nas escolas acontece\u00a0em todo mundo e cabe a n\u00f3s combat\u00ea-la. Temos problemas como o racismo, viol\u00eancia contra mulher, entre outros. O\u00a0projeto Com Viver vem unir for\u00e7as com o Estado no sentido de enfrentar essas viol\u00eancias e mostrar que esse tipo pr\u00e1tica n\u00e3o ser\u00e1 tolerada pelo Estado e pelo Minist\u00e9rio P\u00fablico\u201d, ressaltou.<\/p>\n<p>Professores e outros profissionais da educa\u00e7\u00e3o de todas as regi\u00f5es do estado poder\u00e3o participar de uma forma\u00e7\u00e3o proposta pela Sejusp e MPMG para identificar, de forma r\u00e1pida e eficaz, comportamentos de risco relacionados a diferentes formas de viol\u00eancia, como bullying, racismo e LGBTQIA+fobia. O objetivo \u00e9 aprimorar a capacidade de preven\u00e7\u00e3o e resposta dentro das escolas, promovendo a\u00e7\u00f5es que garantam o bem-estar de crian\u00e7as, jovens e adultos.<\/p>\n<p>\u201cEsse projeto \u00e9 de extrema import\u00e2ncia para os professores. Vamos dar para eles a ferramenta e condi\u00e7\u00e3o de conseguir, inicialmente, prever algo que possa acontecer\u201d, \u00a0destacou o secret\u00e1rio de Estado de Educa\u00e7\u00e3o, Igor de Alvarenga.<\/p>\n<p>Em seu discurso, o secret\u00e1rio de Estado de Justi\u00e7a e Seguran\u00e7a P\u00fablica, Rog\u00e9rio Greco, ressaltou que lutar contra\u00a0a viol\u00eancia nas escolas \u00e9 um dever e compromisso do Estado.<\/p>\n<p>\u201cO projeto Com Viver, como o pr\u00f3prio nome j\u00e1 diz, busca maneiras de\u00a0as pessoas conviverem melhor. Se elas n\u00e3o sabem conviver, cabe ao Estado fazer com que elas aprendam. N\u00e3o abrimos m\u00e3o disso. Combater esse tipo de viol\u00eancia j\u00e1 \u00e9 uma prioridade nossa\u201d, pontuou<\/p>\n<p><strong>Capacita\u00e7\u00f5es<\/strong><\/p>\n<p>O projeto Com Viver oferece forma\u00e7\u00f5es presenciais e a dist\u00e2ncia, por meio de curso autoinstrucional, para professores e demais profissionais das redes estadual, municipal e particular de Minas Gerais.<\/p>\n<p>A primeira turma presencial de pontos focais concluiu forma\u00e7\u00e3o na \u00faltima semana, entre os dias 23 e 27\/9, com foco na qualifica\u00e7\u00e3o de 68 servidores previamente selecionados pela Secretaria de Estado de Educa\u00e7\u00e3o (SEEMG). Esses profissionais atuar\u00e3o como multiplicadores nas pr\u00f3ximas etapas do projeto, que ser\u00e3o realizadas de forma on-line.<\/p>\n<p>As forma\u00e7\u00f5es presenciais abordaram temas de grande relev\u00e2ncia para o contexto escolar, como a identifica\u00e7\u00e3o de condutas de risco nas redes sociais, preven\u00e7\u00e3o ao bullying e ao preconceito, al\u00e9m de t\u00e9cnicas de primeiros socorros, como a conten\u00e7\u00e3o de hemorragias. A organiza\u00e7\u00e3o dessa etapa foi conduzida pela SejuspMG, por meio da sua \u00e1rea de Integra\u00e7\u00e3o e da Academia Estadual de Seguran\u00e7a P\u00fablica (Aesp).<\/p>\n<p>J\u00e1 o curso on-line autoinstrucional do projeto ter\u00e1 in\u00edcio nesta sexta-feira (4\/10) e ser\u00e1 aberto para todos os professores e profissionais interessados em aprofundar seus conhecimentos na preven\u00e7\u00e3o da viol\u00eancia escolar.<\/p>\n<p>A atividade tamb\u00e9m foi elaborada pelo MPMG, contando com profissionais altamente qualificados para trabalhar temas como comunica\u00e7\u00e3o n\u00e3o violenta, bullying e cyberbullying, gatilhos emocionais, entre outros.<\/p>\n<p>Fonte: Ag\u00eancia Minas<\/p>\n","protected":false},"excerpt":{"rendered":"<p>Nesta quinta-feira (3\/10), o\u00a0Governo de Minas, em parceria com o Minist\u00e9rio P\u00fablico de Minas Gerais (MPMG), lan\u00e7a o projeto Com Viver, uma a\u00e7\u00e3o conjunta das Secretarias de Estado de\u00a0Justi\u00e7a e Seguran\u00e7a P\u00fablica (Sejusp)\u00a0e de\u00a0Educa\u00e7\u00e3o (SEE). O projeto tem como objetivo qualificar professores e servidores para a contribuir com a preven\u00e7\u00e3o de atos de viol\u00eancia no [&hellip;]<\/p>\n","protected":false},"author":246,"featured_media":224857,"comment_status":"closed","ping_status":"closed","sticky":false,"template":"","format":"standard","meta":{"footnotes":""},"categories":[436,440,261,254,439],"tags":[],"class_list":["post-224856","post","type-post","status-publish","format-standard","has-post-thumbnail","hentry","category-destaque-da-semana","category-destaques-do-dia","category-economia","category-politica","category-ultima-hora"],"_links":{"self":[{"href":"https:\/\/diarioregionaldigital.com.br\/index.php?rest_route=\/wp\/v2\/posts\/224856","targetHints":{"allow":["GET"]}}],"collection":[{"href":"https:\/\/diarioregionaldigital.com.br\/index.php?rest_route=\/wp\/v2\/posts"}],"about":[{"href":"https:\/\/diarioregionaldigital.com.br\/index.php?rest_route=\/wp\/v2\/types\/post"}],"author":[{"embeddable":true,"href":"https:\/\/diarioregionaldigital.com.br\/index.php?rest_route=\/wp\/v2\/users\/246"}],"replies":[{"embeddable":true,"href":"https:\/\/diarioregionaldigital.com.br\/index.php?rest_route=%2Fwp%2Fv2%2Fcomments&post=224856"}],"version-history":[{"count":1,"href":"https:\/\/diarioregionaldigital.com.br\/index.php?rest_route=\/wp\/v2\/posts\/224856\/revisions"}],"predecessor-version":[{"id":224858,"href":"https:\/\/diarioregionaldigital.com.br\/index.php?rest_route=\/wp\/v2\/posts\/224856\/revisions\/224858"}],"wp:featuredmedia":[{"embeddable":true,"href":"https:\/\/diarioregionaldigital.com.br\/index.php?rest_route=\/wp\/v2\/media\/224857"}],"wp:attachment":[{"href":"https:\/\/diarioregionaldigital.com.br\/index.php?rest_route=%2Fwp%2Fv2%2Fmedia&parent=224856"}],"wp:term":[{"taxonomy":"category","embeddable":true,"href":"https:\/\/diarioregionaldigital.com.br\/index.php?rest_route=%2Fwp%2Fv2%2Fcategories&post=224856"},{"taxonomy":"post_tag","embeddable":true,"href":"https:\/\/diarioregionaldigital.com.br\/index.php?rest_route=%2Fwp%2Fv2%2Ftags&post=224856"}],"curies":[{"name":"wp","href":"https:\/\/api.w.org\/{rel}","templated":true}]}}