{"id":224851,"date":"2024-10-02T20:53:56","date_gmt":"2024-10-02T23:53:56","guid":{"rendered":"https:\/\/diarioregionaldigital.com.br\/?p=224851"},"modified":"2024-10-02T20:54:58","modified_gmt":"2024-10-02T23:54:58","slug":"cerca-de-48-ubss-da-zona-urbana-passam-a-realizar-vacinacao-todos-os-sabados","status":"publish","type":"post","link":"https:\/\/diarioregionaldigital.com.br\/?p=224851","title":{"rendered":"Cerca de 48 UBSs da Zona Urbana passam a realizar vacina\u00e7\u00e3o todos os s\u00e1bados"},"content":{"rendered":"<p>Segundo informa\u00e7\u00f5es do site da Prefeitura de Juiz de Fora (PJF), a PJF informa que, a partir deste s\u00e1bado, 5, as 48 Unidades B\u00e1sicas de Sa\u00fade (UBS) da Zona Urbana do munic\u00edpio passam a realizar vacina\u00e7\u00e3o todos os s\u00e1bados, das 8h \u00e0s 11h.<\/p>\n<p>&nbsp;<\/p>\n<p>Ser\u00e1 realizada a aplica\u00e7\u00e3o dos imunizantes para os p\u00fablicos alvos das campanhas em andamento, como gripe e Covid-19, e tamb\u00e9m para crian\u00e7as, jovens e adultos que precisam atualizar os seus cart\u00f5es vacinais.<\/p>\n<p>&nbsp;<\/p>\n<p>\u00c9 necess\u00e1rio levar o cart\u00e3o de vacinas e um documento de identifica\u00e7\u00e3o.<\/p>\n<p>&nbsp;<\/p>\n<p><strong>Locais:<\/strong><\/p>\n<p>&nbsp;<\/p>\n<p><strong>Unidades B\u00e1sicas de Sa\u00fade (UBS), de segunda \u00e0 sexta, das 9 \u00e0s 18h, e das 8h \u00e0s 11h, aos s\u00e1bados:<\/strong><\/p>\n<p>&nbsp;<\/p>\n<p>Alto Graja\u00fa<\/p>\n<p>Bairro Industrial<\/p>\n<p>Bandeirantes<\/p>\n<p>Borboleta<\/p>\n<p>Centro Sul<\/p>\n<p>Cidade do Sol<\/p>\n<p>Cruzeiro do Sul<\/p>\n<p>Dom Bosco<\/p>\n<p>Esplanada<\/p>\n<p>Filgueiras<\/p>\n<p>Furtado de Menezes<\/p>\n<p>Grama<\/p>\n<p>Granjas Beth\u00e2nia<\/p>\n<p>Ipiranga<\/p>\n<p>Jardim Esperan\u00e7a<\/p>\n<p>Jardim Natal<\/p>\n<p>J\u00f3quei Clube I<\/p>\n<p>J\u00f3quei Clube II<\/p>\n<p>Linhares<\/p>\n<p>Marumbi<\/p>\n<p>Milho Branco<\/p>\n<p>Monte Castelo<\/p>\n<p>Nossa Senhora Aparecida<\/p>\n<p>Nossa Senhora das Gra\u00e7as<\/p>\n<p>Nossa Senhora de Lourdes<\/p>\n<p>Nova Era<\/p>\n<p>Progresso<\/p>\n<p>Retiro<\/p>\n<p>Santa Cec\u00edlia<\/p>\n<p>Santa Cruz<\/p>\n<p>Santa Efig\u00eania<\/p>\n<p>Santa Luzia<\/p>\n<p>Santa Rita<\/p>\n<p>Santo Ant\u00f4nio<\/p>\n<p>Santos Dumont<\/p>\n<p>S\u00e3o Benedito<\/p>\n<p>S\u00e3o Judas Tadeu<\/p>\n<p>S\u00e3o Pedro<\/p>\n<p>S\u00e3o Sebasti\u00e3o<\/p>\n<p>Teixeiras<\/p>\n<p>Vale Verde<\/p>\n<p>Vila Esperan\u00e7a<\/p>\n<p>Vila Ideal<\/p>\n<p>&nbsp;<\/p>\n<p><strong>Unidades B\u00e1sicas de Sa\u00fade (UBS), de segunda \u00e0 sexta, das 9 \u00e0s 16h, e das 8h \u00e0s 11h, aos s\u00e1bados:<\/strong><\/p>\n<p>&nbsp;<\/p>\n<p>Jardim da Lua<\/p>\n<p>Barreira do Triunfo<\/p>\n<p>Parque Guarani<\/p>\n<p>Vila Esperan\u00e7a<\/p>\n<p>Vila Olavo Costa<\/p>\n","protected":false},"excerpt":{"rendered":"<p>Segundo informa\u00e7\u00f5es do site da Prefeitura de Juiz de Fora (PJF), a PJF informa que, a partir deste s\u00e1bado, 5, as 48 Unidades B\u00e1sicas de Sa\u00fade (UBS) da Zona Urbana do munic\u00edpio passam a realizar vacina\u00e7\u00e3o todos os s\u00e1bados, das 8h \u00e0s 11h. &nbsp; Ser\u00e1 realizada a aplica\u00e7\u00e3o dos imunizantes para os p\u00fablicos alvos das [&hellip;]<\/p>\n","protected":false},"author":246,"featured_media":224853,"comment_status":"closed","ping_status":"closed","sticky":false,"template":"","format":"standard","meta":{"footnotes":""},"categories":[253,436,440,439],"tags":[],"class_list":["post-224851","post","type-post","status-publish","format-standard","has-post-thumbnail","hentry","category-cidade","category-destaque-da-semana","category-destaques-do-dia","category-ultima-hora"],"_links":{"self":[{"href":"https:\/\/diarioregionaldigital.com.br\/index.php?rest_route=\/wp\/v2\/posts\/224851","targetHints":{"allow":["GET"]}}],"collection":[{"href":"https:\/\/diarioregionaldigital.com.br\/index.php?rest_route=\/wp\/v2\/posts"}],"about":[{"href":"https:\/\/diarioregionaldigital.com.br\/index.php?rest_route=\/wp\/v2\/types\/post"}],"author":[{"embeddable":true,"href":"https:\/\/diarioregionaldigital.com.br\/index.php?rest_route=\/wp\/v2\/users\/246"}],"replies":[{"embeddable":true,"href":"https:\/\/diarioregionaldigital.com.br\/index.php?rest_route=%2Fwp%2Fv2%2Fcomments&post=224851"}],"version-history":[{"count":1,"href":"https:\/\/diarioregionaldigital.com.br\/index.php?rest_route=\/wp\/v2\/posts\/224851\/revisions"}],"predecessor-version":[{"id":224852,"href":"https:\/\/diarioregionaldigital.com.br\/index.php?rest_route=\/wp\/v2\/posts\/224851\/revisions\/224852"}],"wp:featuredmedia":[{"embeddable":true,"href":"https:\/\/diarioregionaldigital.com.br\/index.php?rest_route=\/wp\/v2\/media\/224853"}],"wp:attachment":[{"href":"https:\/\/diarioregionaldigital.com.br\/index.php?rest_route=%2Fwp%2Fv2%2Fmedia&parent=224851"}],"wp:term":[{"taxonomy":"category","embeddable":true,"href":"https:\/\/diarioregionaldigital.com.br\/index.php?rest_route=%2Fwp%2Fv2%2Fcategories&post=224851"},{"taxonomy":"post_tag","embeddable":true,"href":"https:\/\/diarioregionaldigital.com.br\/index.php?rest_route=%2Fwp%2Fv2%2Ftags&post=224851"}],"curies":[{"name":"wp","href":"https:\/\/api.w.org\/{rel}","templated":true}]}}