{"id":224848,"date":"2024-10-02T20:52:55","date_gmt":"2024-10-02T23:52:55","guid":{"rendered":"https:\/\/diarioregionaldigital.com.br\/?p=224848"},"modified":"2024-10-02T20:52:55","modified_gmt":"2024-10-02T23:52:55","slug":"jogos-intercolegiais-2024-modalidade-volei-comecou-nesta-quarta-2","status":"publish","type":"post","link":"https:\/\/diarioregionaldigital.com.br\/?p=224848","title":{"rendered":"Jogos Intercolegiais 2024: modalidade v\u00f4lei come\u00e7ou nesta quarta, 2"},"content":{"rendered":"<p>Segundo informa\u00e7\u00f5es do site da Prefeitura de Juiz de Fora (PJF), a PJF\u00a0informa que na pr\u00f3xima quarta-feira, 2, \u00e0s 14h, ser\u00e1 iniciada a competi\u00e7\u00e3o de v\u00f4lei, modalidade dos Jogos Intercolegiais 2024. As partidas ser\u00e3o realizadas no Gin\u00e1sio Municipal Jornalista Ant\u00f4nio Marcos ao longo das pr\u00f3ximas semanas, com as finais agendadas para acontecer no dia 13 de novembro. O boletim completo pode ser conferido em anexo.<\/p>\n<p>A modalidade teve um n\u00famero expressivo de escolas inscritas e conta com quatro categorias. O infantil masculino ter\u00e1 14 participantes, enquanto o infantil feminino tem 21 equipes inscritas. J\u00e1 no juvenil, masculino e feminino, ter\u00e3o 22 escolas na disputa.<\/p>\n<p>&nbsp;<\/p>\n<div class=\"texto_anexo\"><img loading=\"lazy\" decoding=\"async\" src=\"https:\/\/www.pjf.mg.gov.br\/imagens\/clips.jpg\" width=\"22\" height=\"20\" \/>\u00a0<a href=\"https:\/\/www.pjf.mg.gov.br\/noticias\/anexo\/BOLETIM.pdf\" target=\"_blank\" rel=\"noopener\">Veja o anexo<\/a><\/div>\n","protected":false},"excerpt":{"rendered":"<p>Segundo informa\u00e7\u00f5es do site da Prefeitura de Juiz de Fora (PJF), a PJF\u00a0informa que na pr\u00f3xima quarta-feira, 2, \u00e0s 14h, ser\u00e1 iniciada a competi\u00e7\u00e3o de v\u00f4lei, modalidade dos Jogos Intercolegiais 2024. As partidas ser\u00e3o realizadas no Gin\u00e1sio Municipal Jornalista Ant\u00f4nio Marcos ao longo das pr\u00f3ximas semanas, com as finais agendadas para acontecer no dia 13 [&hellip;]<\/p>\n","protected":false},"author":246,"featured_media":224849,"comment_status":"closed","ping_status":"closed","sticky":false,"template":"","format":"standard","meta":{"footnotes":""},"categories":[253,436,440,257,439],"tags":[],"class_list":["post-224848","post","type-post","status-publish","format-standard","has-post-thumbnail","hentry","category-cidade","category-destaque-da-semana","category-destaques-do-dia","category-esporte","category-ultima-hora"],"_links":{"self":[{"href":"https:\/\/diarioregionaldigital.com.br\/index.php?rest_route=\/wp\/v2\/posts\/224848","targetHints":{"allow":["GET"]}}],"collection":[{"href":"https:\/\/diarioregionaldigital.com.br\/index.php?rest_route=\/wp\/v2\/posts"}],"about":[{"href":"https:\/\/diarioregionaldigital.com.br\/index.php?rest_route=\/wp\/v2\/types\/post"}],"author":[{"embeddable":true,"href":"https:\/\/diarioregionaldigital.com.br\/index.php?rest_route=\/wp\/v2\/users\/246"}],"replies":[{"embeddable":true,"href":"https:\/\/diarioregionaldigital.com.br\/index.php?rest_route=%2Fwp%2Fv2%2Fcomments&post=224848"}],"version-history":[{"count":1,"href":"https:\/\/diarioregionaldigital.com.br\/index.php?rest_route=\/wp\/v2\/posts\/224848\/revisions"}],"predecessor-version":[{"id":224850,"href":"https:\/\/diarioregionaldigital.com.br\/index.php?rest_route=\/wp\/v2\/posts\/224848\/revisions\/224850"}],"wp:featuredmedia":[{"embeddable":true,"href":"https:\/\/diarioregionaldigital.com.br\/index.php?rest_route=\/wp\/v2\/media\/224849"}],"wp:attachment":[{"href":"https:\/\/diarioregionaldigital.com.br\/index.php?rest_route=%2Fwp%2Fv2%2Fmedia&parent=224848"}],"wp:term":[{"taxonomy":"category","embeddable":true,"href":"https:\/\/diarioregionaldigital.com.br\/index.php?rest_route=%2Fwp%2Fv2%2Fcategories&post=224848"},{"taxonomy":"post_tag","embeddable":true,"href":"https:\/\/diarioregionaldigital.com.br\/index.php?rest_route=%2Fwp%2Fv2%2Ftags&post=224848"}],"curies":[{"name":"wp","href":"https:\/\/api.w.org\/{rel}","templated":true}]}}