{"id":224842,"date":"2024-10-02T20:50:41","date_gmt":"2024-10-02T23:50:41","guid":{"rendered":"https:\/\/diarioregionaldigital.com.br\/?p=224842"},"modified":"2024-10-02T20:50:41","modified_gmt":"2024-10-02T23:50:41","slug":"minas-gerais-fecha-participacao-em-feira-de-turismo-com-expectativa-de-atrair-mais-de-r-20-milhoes-em-negocios","status":"publish","type":"post","link":"https:\/\/diarioregionaldigital.com.br\/?p=224842","title":{"rendered":"Minas Gerais fecha participa\u00e7\u00e3o em feira de turismo com expectativa de atrair mais de R$ 20 milh\u00f5es em neg\u00f3cios"},"content":{"rendered":"<p>A presen\u00e7a do\u00a0<a href=\"https:\/\/www.mg.gov.br\/\" target=\"_blank\" rel=\"noopener\">Governo de Minas<\/a>\u00a0na 51\u00aa Abav Expo, em Bras\u00edlia, gerou contatos\u00a0e\u00a0estimativa de gerar aproximadamente R$ 20,5 milh\u00f5es em neg\u00f3cios para o estado.<\/p>\n<p>Os n\u00fameros s\u00e3o de pesquisa da\u00a0<a href=\"https:\/\/www.secult.mg.gov.br\/\" target=\"_blank\" rel=\"noopener\">Secretaria de Estado de Cultura e Turismo (Secult-MG)<\/a>\u00a0com os 16 coexpositores do estande Minas Gerais, grupo formado por receptivos tur\u00edsticos, Inst\u00e2ncias de Governan\u00e7a Regionais (IGRs), hotelarias, operadoras tur\u00edsticas e ag\u00eancias de viagens.<\/p>\n<p>O estande, que teve patroc\u00ednio da\u00a0<a href=\"http:\/\/www.codemge.com.br\/\" target=\"_blank\" rel=\"noopener\">Codemge<\/a>\u00a0e apoio do Sebrae Minas, atraiu cerca de 4,5 mil pessoas nos tr\u00eas dias de feira (de 26 a 28\/9).<\/p>\n<p>No local, a Secult-MG tamb\u00e9m se reuniu com a ag\u00eancia de viagens espanhola Destinta, que pretende comercializar o destino Minas na Europa, e com representantes do grupo Vila Gal\u00e9, que prepara a inaugura\u00e7\u00e3o do hotel em Ouro Preto, anunciado em 2023.<\/p>\n<p>\u201cOs n\u00fameros, mais uma vez, evidenciam o potencial das feiras tur\u00edsticas para atrair investimentos e impulsionar a gera\u00e7\u00e3o de emprego e renda para os mineiros, uma das metas da atual gest\u00e3o&#8221;, declarou o secret\u00e1rio de Estado de Cultura e Turismo de Minas Gerais, Le\u00f4nidas de Oliveira.<\/p>\n<p><strong>Capacita\u00e7\u00e3o\u00a0<\/strong><\/p>\n<p>O secret\u00e1rio tamb\u00e9m citou o lan\u00e7amento do Cria.Forma, o maior programa de capacita\u00e7\u00e3o nas \u00e1reas de Turismo e Cultura j\u00e1 feito pelo Estado, com quase 43 mil vagas em cursos gratuitos.<\/p>\n<p>&#8220;Trabalhamos em todas as frentes para garantir a capacita\u00e7\u00e3o, o emprego e o desenvolvimento econ\u00f4mico para os mineiros\u201d, destacou..<\/p>\n<p>Na feira, expositores participaram de rodadas de neg\u00f3cios, forma\u00e7\u00f5es de parcerias para eventos regionais, \u00a0alinhamento com operadores, ag\u00eancias de viagens e influenciadores, al\u00e9m de outras reuni\u00f5es com parceiros. A feira tamb\u00e9m sediou promo\u00e7\u00e3o de rotas com receptivos, divulga\u00e7\u00e3o de roteiros, capta\u00e7\u00e3o de eventos e negocia\u00e7\u00f5es com pequenas ag\u00eancias.<\/p>\n<p>Em rela\u00e7\u00e3o \u00e0 experi\u00eancia, 100% dos participantes afirmaram que est\u00e3o motivados a participar de outras feiras e eventos que promovam o turismo mineiro em alcance nacional. Tamb\u00e9m foi aprovada a promo\u00e7\u00e3o de produtos tur\u00edsticos formatados e a aproxima\u00e7\u00e3o com empresas do mercado.<\/p>\n<p><strong>Principais segmentos tur\u00edsticos\u00a0<\/strong><\/p>\n<p>A transversalidade entre cultura e turismo apareceu como o principal segmento trabalhado pelos expositores, com a promo\u00e7\u00e3o da cozinha mineira e o turismo hist\u00f3rico e religioso, fortes em todas as regi\u00f5es de Minas Gerais.<\/p>\n<p>Tamb\u00e9m o turismo rural foi apresentado, seguido respectivamente pelo turismo de neg\u00f3cios e eventos e ecoturismo\/turismo de natureza. O objetivo da pesquisa foi o de compreender a comercializa\u00e7\u00e3o e promo\u00e7\u00e3o de produtos tur\u00edsticos mineiros, a fim de melhorar ainda mais as pol\u00edticas p\u00fablicas para o setor.<\/p>\n<p>&#8220;Estruturando as rotas, as experi\u00eancias com a cozinha mineira e com nossos produtos tipicamente mineiros, como caf\u00e9, cacha\u00e7a, produ\u00e7\u00e3o dos queijos, estamos diversificando a oferta de atrativos tur\u00edsticos para o nosso p\u00fablico. Minas pode, sim, ser o principal destino tur\u00edstico do Brasil\u201d, avaliou a secret\u00e1ria de Estado Adjunta de Cultura e Turismo de Minas Gerais, Josiane de Souza.<\/p>\n<p><strong>Boa mesa\u00a0<\/strong><\/p>\n<p>O estande Minas Gerais fez sucesso na Abav Expo. Em meio ao \u201cAno da Cozinha Mineira \u2013 Cl\u00e1ssica e Contempor\u00e2nea\u201d, um dos principais atrativos do estado esteve sob os holofotes da programa\u00e7\u00e3o. Foram oferecidas cerca de 6 mil produtos variados, entre refei\u00e7\u00f5es e degusta\u00e7\u00f5es, ao p\u00fablico.<\/p>\n<p>Ao todo, 1,2 mil por\u00e7\u00f5es de penne com frango e ora-pro-n\u00f3bis e as tradicionais empadinhas de Cachoeira da Prata, al\u00e9m de 600 drinks a base de whisky e cacha\u00e7a. Todos esses aperitivos celebraram a estreia da Rota do Frango e Cacha\u00e7a, idealizada pela IGR Grutas em parceria com o Senac Minas, lan\u00e7ada no Dia Mundial do Turismo (27\/9).<\/p>\n<p>A lista de iguarias servidas englobou ainda 1,2 mil pratos variados, preparados por diversos chefs nas a\u00e7\u00f5es da Cozinha Viva e por dona Vera L\u00facia, da Ch\u00e1cara Cristal; 1,5 mil degusta\u00e7\u00f5es de produtos mineiros diversos, sendo 600 oferecidas em parceria com o Mercado Central de BH; e 1,5 mil caf\u00e9s da Zaro Caf\u00e9.<\/p>\n<p><strong>Queijo Minas Artesanal\u00a0<\/strong><\/p>\n<p>A feira tamb\u00e9m foi marcada pela campanha dos Modos de Fazer o Queijo Minas Artesanal como Patrim\u00f4nio Cultural da Humanidade pela Unesco.<\/p>\n<p>Presidente do\u00a0<a href=\"https:\/\/www.iepha.mg.gov.br\/\" target=\"_blank\" rel=\"noopener\">Instituto Estadual do Patrim\u00f4nio Hist\u00f3rico e Art\u00edstico de Minas Gerais (Iepha-MG)<\/a>, Jo\u00e3o Paulo Martins destacou a import\u00e2ncia desse t\u00edtulo para o estado, sublinhando as oportunidades de gera\u00e7\u00e3o de renda e neg\u00f3cios para as regi\u00f5es queijeiras.<\/p>\n<p>A candidatura ser\u00e1 avaliada no in\u00edcio de dezembro, em Assun\u00e7\u00e3o, no Paraguai, durante a 19\u00aa Sess\u00e3o do Comit\u00ea Intergovernamental da Unesco.<\/p>\n<p>\u201cO reconhecimento pela Unesco significa Minas ter a divulga\u00e7\u00e3o internacional, trazendo tamb\u00e9m oportunidades e reconhecimento para todas as nossas regi\u00f5es queijeiras. Dessa forma, tamb\u00e9m conseguiremos difundir mais os produtos, melhorar as condi\u00e7\u00f5es de produ\u00e7\u00e3o e promover o turismo de experi\u00eancia, cada vez mais crescente em nosso territ\u00f3rio\u201d, avaliou Jo\u00e3o Paulo.<\/p>\n<p>Fonte: Ag\u00eancia Minas<\/p>\n","protected":false},"excerpt":{"rendered":"<p>A presen\u00e7a do\u00a0Governo de Minas\u00a0na 51\u00aa Abav Expo, em Bras\u00edlia, gerou contatos\u00a0e\u00a0estimativa de gerar aproximadamente R$ 20,5 milh\u00f5es em neg\u00f3cios para o estado. Os n\u00fameros s\u00e3o de pesquisa da\u00a0Secretaria de Estado de Cultura e Turismo (Secult-MG)\u00a0com os 16 coexpositores do estande Minas Gerais, grupo formado por receptivos tur\u00edsticos, Inst\u00e2ncias de Governan\u00e7a Regionais (IGRs), hotelarias, operadoras [&hellip;]<\/p>\n","protected":false},"author":246,"featured_media":224843,"comment_status":"closed","ping_status":"closed","sticky":false,"template":"","format":"standard","meta":{"footnotes":""},"categories":[436,440,261,439],"tags":[],"class_list":["post-224842","post","type-post","status-publish","format-standard","has-post-thumbnail","hentry","category-destaque-da-semana","category-destaques-do-dia","category-economia","category-ultima-hora"],"_links":{"self":[{"href":"https:\/\/diarioregionaldigital.com.br\/index.php?rest_route=\/wp\/v2\/posts\/224842","targetHints":{"allow":["GET"]}}],"collection":[{"href":"https:\/\/diarioregionaldigital.com.br\/index.php?rest_route=\/wp\/v2\/posts"}],"about":[{"href":"https:\/\/diarioregionaldigital.com.br\/index.php?rest_route=\/wp\/v2\/types\/post"}],"author":[{"embeddable":true,"href":"https:\/\/diarioregionaldigital.com.br\/index.php?rest_route=\/wp\/v2\/users\/246"}],"replies":[{"embeddable":true,"href":"https:\/\/diarioregionaldigital.com.br\/index.php?rest_route=%2Fwp%2Fv2%2Fcomments&post=224842"}],"version-history":[{"count":1,"href":"https:\/\/diarioregionaldigital.com.br\/index.php?rest_route=\/wp\/v2\/posts\/224842\/revisions"}],"predecessor-version":[{"id":224844,"href":"https:\/\/diarioregionaldigital.com.br\/index.php?rest_route=\/wp\/v2\/posts\/224842\/revisions\/224844"}],"wp:featuredmedia":[{"embeddable":true,"href":"https:\/\/diarioregionaldigital.com.br\/index.php?rest_route=\/wp\/v2\/media\/224843"}],"wp:attachment":[{"href":"https:\/\/diarioregionaldigital.com.br\/index.php?rest_route=%2Fwp%2Fv2%2Fmedia&parent=224842"}],"wp:term":[{"taxonomy":"category","embeddable":true,"href":"https:\/\/diarioregionaldigital.com.br\/index.php?rest_route=%2Fwp%2Fv2%2Fcategories&post=224842"},{"taxonomy":"post_tag","embeddable":true,"href":"https:\/\/diarioregionaldigital.com.br\/index.php?rest_route=%2Fwp%2Fv2%2Ftags&post=224842"}],"curies":[{"name":"wp","href":"https:\/\/api.w.org\/{rel}","templated":true}]}}