{"id":224837,"date":"2024-10-01T20:44:11","date_gmt":"2024-10-01T23:44:11","guid":{"rendered":"https:\/\/diarioregionaldigital.com.br\/?p=224837"},"modified":"2024-10-01T20:44:11","modified_gmt":"2024-10-01T23:44:11","slug":"nova-linha-milho-branco-647-atende-duas-ruas-ineditas-a-partir-desta-quarta-feira-25-2","status":"publish","type":"post","link":"https:\/\/diarioregionaldigital.com.br\/?p=224837","title":{"rendered":"Nova linha Milho Branco \u2013 647 atende duas ruas in\u00e9ditas a partir desta quarta-feira, 25"},"content":{"rendered":"<p>Segundo informa\u00e7\u00f5es do site da Prefeitura de Juiz de Fora (PJF), a PJF informa que os \u00f4nibus do transporte coletivo urbano circular\u00e3o no domingo de elei\u00e7\u00f5es, 6, com o quadro de hor\u00e1rio de s\u00e1bado. Al\u00e9m disso, como em todos os domingos e feriados nacionais, n\u00e3o h\u00e1 cobran\u00e7a da tarifa, benef\u00edcio que os juiz-foranos j\u00e1 possuem e por uma determina\u00e7\u00e3o do Governo federal foi estendido para todos os munic\u00edpios do pa\u00eds.<\/p>\n","protected":false},"excerpt":{"rendered":"<p>Segundo informa\u00e7\u00f5es do site da Prefeitura de Juiz de Fora (PJF), a PJF informa que os \u00f4nibus do transporte coletivo urbano circular\u00e3o no domingo de elei\u00e7\u00f5es, 6, com o quadro de hor\u00e1rio de s\u00e1bado. Al\u00e9m disso, como em todos os domingos e feriados nacionais, n\u00e3o h\u00e1 cobran\u00e7a da tarifa, benef\u00edcio que os juiz-foranos j\u00e1 possuem [&hellip;]<\/p>\n","protected":false},"author":246,"featured_media":224838,"comment_status":"closed","ping_status":"closed","sticky":false,"template":"","format":"standard","meta":{"footnotes":""},"categories":[253,436,440,439],"tags":[],"class_list":["post-224837","post","type-post","status-publish","format-standard","has-post-thumbnail","hentry","category-cidade","category-destaque-da-semana","category-destaques-do-dia","category-ultima-hora"],"_links":{"self":[{"href":"https:\/\/diarioregionaldigital.com.br\/index.php?rest_route=\/wp\/v2\/posts\/224837","targetHints":{"allow":["GET"]}}],"collection":[{"href":"https:\/\/diarioregionaldigital.com.br\/index.php?rest_route=\/wp\/v2\/posts"}],"about":[{"href":"https:\/\/diarioregionaldigital.com.br\/index.php?rest_route=\/wp\/v2\/types\/post"}],"author":[{"embeddable":true,"href":"https:\/\/diarioregionaldigital.com.br\/index.php?rest_route=\/wp\/v2\/users\/246"}],"replies":[{"embeddable":true,"href":"https:\/\/diarioregionaldigital.com.br\/index.php?rest_route=%2Fwp%2Fv2%2Fcomments&post=224837"}],"version-history":[{"count":1,"href":"https:\/\/diarioregionaldigital.com.br\/index.php?rest_route=\/wp\/v2\/posts\/224837\/revisions"}],"predecessor-version":[{"id":224839,"href":"https:\/\/diarioregionaldigital.com.br\/index.php?rest_route=\/wp\/v2\/posts\/224837\/revisions\/224839"}],"wp:featuredmedia":[{"embeddable":true,"href":"https:\/\/diarioregionaldigital.com.br\/index.php?rest_route=\/wp\/v2\/media\/224838"}],"wp:attachment":[{"href":"https:\/\/diarioregionaldigital.com.br\/index.php?rest_route=%2Fwp%2Fv2%2Fmedia&parent=224837"}],"wp:term":[{"taxonomy":"category","embeddable":true,"href":"https:\/\/diarioregionaldigital.com.br\/index.php?rest_route=%2Fwp%2Fv2%2Fcategories&post=224837"},{"taxonomy":"post_tag","embeddable":true,"href":"https:\/\/diarioregionaldigital.com.br\/index.php?rest_route=%2Fwp%2Fv2%2Ftags&post=224837"}],"curies":[{"name":"wp","href":"https:\/\/api.w.org\/{rel}","templated":true}]}}