{"id":224831,"date":"2024-10-01T20:38:35","date_gmt":"2024-10-01T23:38:35","guid":{"rendered":"https:\/\/diarioregionaldigital.com.br\/?p=224831"},"modified":"2024-10-01T20:38:35","modified_gmt":"2024-10-01T23:38:35","slug":"governo-de-minas-propoe-conscientizacao-e-reflexao-em-campanha-outubro-prateado","status":"publish","type":"post","link":"https:\/\/diarioregionaldigital.com.br\/?p=224831","title":{"rendered":"Governo de Minas prop\u00f5e conscientiza\u00e7\u00e3o e reflex\u00e3o em campanha Outubro Prateado"},"content":{"rendered":"<p>O\u00a0<a href=\"https:\/\/www.mg.gov.br\/\" target=\"_blank\" rel=\"noopener\">Governo de Minas<\/a>, por meio da<a href=\"https:\/\/social.mg.gov.br\/\" target=\"_blank\" rel=\"noopener\">\u00a0Secretaria de Estado de Desenvolvimento Social (Sedese\/MG)<\/a>, em parceria com a Associa\u00e7\u00e3o dos Moradores do Bairro Jardim Guanabara (Amo-BJG), realizou encontro de lan\u00e7amento da campanha Outubro Prateado e em comemora\u00e7\u00e3o ao Dia Internacional da Pessoa Idosa, nesta ter\u00e7a-feira (1\/10).<\/p>\n<p>A proposta da iniciativa \u00e9 chamar a aten\u00e7\u00e3o para a necessidade e a import\u00e2ncia do acolhimento, do di\u00e1logo, da compreens\u00e3o e de mais respeito a esta parcela da sociedade, grupo especial de homens e mulheres: os chamados 60+.<\/p>\n<p>Campanhas educativas e atividades intelectuais e de lazer tamb\u00e9m estiveram no foco das propostas durante o encontro que contou com a participa\u00e7\u00e3o do governador Romeu Zema.<\/p>\n<p>O governador ressaltou a import\u00e2ncia de valorizar idosas e idosos na contribui\u00e7\u00e3o com a sociedade, inclusive no mercado de trabalho.<\/p>\n<p>\u201cEstamos aqui para comemorar o \u2018Outubro Prateado\u2019. Nesse sentido, temos avan\u00e7ado em pautas important\u00edssimas. Sabemos que nossos idosos e idosas precisam de aten\u00e7\u00e3o e t\u00eam condi\u00e7\u00f5es de contribuir com o bem-estar de todos\u201d, disse Romeu Zema.<\/p>\n<p><strong>Campanha<\/strong><\/p>\n<p>A agenda no Jardim Guanabara marcou, tamb\u00e9m, o an\u00fancio da segunda etapa da Campanha Estadual de Conscientiza\u00e7\u00e3o sobre a Viol\u00eancia contra a Pessoa Idosa.<\/p>\n<p>A proposta \u00e9 estimular um esfor\u00e7o cont\u00ednuo do Governo de Minas no sentido de garantir a prote\u00e7\u00e3o das pessoas idosas contra abusos. Al\u00e9m disso, a campanha busca defender e promover uma sociedade mais segura e mais justa.<\/p>\n<p>De acordo com a secret\u00e1ria de Estado de Desenvolvimento Social, Al\u00ea Portela, as a\u00e7\u00f5es para fortalecer a campanha e seus objetivos ser\u00e3o bastante destacadas ao longo do m\u00eas de outubro.<\/p>\n<p>\u201cA campanha foi pensada para ampliar a conscientiza\u00e7\u00e3o, melhorar a valoriza\u00e7\u00e3o de todos voc\u00eas &#8211; referindo-se ao p\u00fablico presente &#8211; \u00a0e demonstrar a import\u00e2ncia que t\u00eam para Minas Gerais. Precisamos falar sobre isso com nossos familiares, com as associa\u00e7\u00f5es de bairro e com todos \u00e0 nossa volta. Afinal, n\u00e3o \u00e9 s\u00f3 o m\u00eas de outubro que deveria ser \u2018prateado\u2019. O ano inteiro precisa ser\u201d, concluiu a secret\u00e1ria.<\/p>\n<p><strong>Sociedade mineira \u2018prateada\u2019<\/strong><\/p>\n<p>Levantamentos atuais d\u00e3o conta que idosos e idosas respondem por 17,8% da popula\u00e7\u00e3o de Minas Gerais. S\u00e3o cerca de 3,6 milh\u00f5es de pessoas com 60 anos ou mais no territ\u00f3rio mineiro.<\/p>\n<p>Dados do IBGE relativos ao censo demogr\u00e1fico realizado entre 2021 e 2022 apontam que o percentual deve aumentar para 24,9% em 2040 e atingir 32% at\u00e9 2060.<\/p>\n<p>Minas Gerais \u00e9 o terceiro estado com maior \u00edndice de evolu\u00e7\u00e3o e crescimento desse p\u00fablico no Brasil, ficando atr\u00e1s apenas do Rio de Janeiro e do Rio Grande do Sul.<\/p>\n<p>Fonte: Ag\u00eancia Minas<\/p>\n","protected":false},"excerpt":{"rendered":"<p>O\u00a0Governo de Minas, por meio da\u00a0Secretaria de Estado de Desenvolvimento Social (Sedese\/MG), em parceria com a Associa\u00e7\u00e3o dos Moradores do Bairro Jardim Guanabara (Amo-BJG), realizou encontro de lan\u00e7amento da campanha Outubro Prateado e em comemora\u00e7\u00e3o ao Dia Internacional da Pessoa Idosa, nesta ter\u00e7a-feira (1\/10). A proposta da iniciativa \u00e9 chamar a aten\u00e7\u00e3o para a necessidade [&hellip;]<\/p>\n","protected":false},"author":246,"featured_media":224832,"comment_status":"closed","ping_status":"closed","sticky":false,"template":"","format":"standard","meta":{"footnotes":""},"categories":[436,440,261,254,439],"tags":[],"class_list":["post-224831","post","type-post","status-publish","format-standard","has-post-thumbnail","hentry","category-destaque-da-semana","category-destaques-do-dia","category-economia","category-politica","category-ultima-hora"],"_links":{"self":[{"href":"https:\/\/diarioregionaldigital.com.br\/index.php?rest_route=\/wp\/v2\/posts\/224831","targetHints":{"allow":["GET"]}}],"collection":[{"href":"https:\/\/diarioregionaldigital.com.br\/index.php?rest_route=\/wp\/v2\/posts"}],"about":[{"href":"https:\/\/diarioregionaldigital.com.br\/index.php?rest_route=\/wp\/v2\/types\/post"}],"author":[{"embeddable":true,"href":"https:\/\/diarioregionaldigital.com.br\/index.php?rest_route=\/wp\/v2\/users\/246"}],"replies":[{"embeddable":true,"href":"https:\/\/diarioregionaldigital.com.br\/index.php?rest_route=%2Fwp%2Fv2%2Fcomments&post=224831"}],"version-history":[{"count":1,"href":"https:\/\/diarioregionaldigital.com.br\/index.php?rest_route=\/wp\/v2\/posts\/224831\/revisions"}],"predecessor-version":[{"id":224833,"href":"https:\/\/diarioregionaldigital.com.br\/index.php?rest_route=\/wp\/v2\/posts\/224831\/revisions\/224833"}],"wp:featuredmedia":[{"embeddable":true,"href":"https:\/\/diarioregionaldigital.com.br\/index.php?rest_route=\/wp\/v2\/media\/224832"}],"wp:attachment":[{"href":"https:\/\/diarioregionaldigital.com.br\/index.php?rest_route=%2Fwp%2Fv2%2Fmedia&parent=224831"}],"wp:term":[{"taxonomy":"category","embeddable":true,"href":"https:\/\/diarioregionaldigital.com.br\/index.php?rest_route=%2Fwp%2Fv2%2Fcategories&post=224831"},{"taxonomy":"post_tag","embeddable":true,"href":"https:\/\/diarioregionaldigital.com.br\/index.php?rest_route=%2Fwp%2Fv2%2Ftags&post=224831"}],"curies":[{"name":"wp","href":"https:\/\/api.w.org\/{rel}","templated":true}]}}