{"id":224822,"date":"2024-09-30T21:33:07","date_gmt":"2024-10-01T00:33:07","guid":{"rendered":"https:\/\/diarioregionaldigital.com.br\/?p=224822"},"modified":"2024-09-30T21:33:07","modified_gmt":"2024-10-01T00:33:07","slug":"cerca-de-383-animais-foram-adotados-no-canil-municipal-em-2024","status":"publish","type":"post","link":"https:\/\/diarioregionaldigital.com.br\/?p=224822","title":{"rendered":"Cerca de 383 animais foram adotados no Canil Municipal em 2024"},"content":{"rendered":"<p>Segundo informa\u00e7\u00f5es do site da Prefeitura de Juiz de Fora (PJF), at\u00e9 o momento, 383 animais foram adotados no Canil Municipal em 2024. Desse total foram contabilizados: 220 c\u00e3es, 153 gatos, sete cavalos, uma bezerra, um jumento e um burro.<\/p>\n<p>&nbsp;<\/p>\n<p>Os dados foram apurados logo ap\u00f3s o encerramento do \u00faltimo evento de ado\u00e7\u00e3o que aconteceu no s\u00e1bado, 28, no qual cinco c\u00e3es e um gato foram adotados. O pr\u00f3ximo evento ser\u00e1 realizado no dia 19 de outubro, no Parque Halfeld.<\/p>\n","protected":false},"excerpt":{"rendered":"<p>Segundo informa\u00e7\u00f5es do site da Prefeitura de Juiz de Fora (PJF), at\u00e9 o momento, 383 animais foram adotados no Canil Municipal em 2024. Desse total foram contabilizados: 220 c\u00e3es, 153 gatos, sete cavalos, uma bezerra, um jumento e um burro. &nbsp; Os dados foram apurados logo ap\u00f3s o encerramento do \u00faltimo evento de ado\u00e7\u00e3o que [&hellip;]<\/p>\n","protected":false},"author":246,"featured_media":224823,"comment_status":"closed","ping_status":"closed","sticky":false,"template":"","format":"standard","meta":{"footnotes":""},"categories":[253,436,440,439],"tags":[],"class_list":["post-224822","post","type-post","status-publish","format-standard","has-post-thumbnail","hentry","category-cidade","category-destaque-da-semana","category-destaques-do-dia","category-ultima-hora"],"_links":{"self":[{"href":"https:\/\/diarioregionaldigital.com.br\/index.php?rest_route=\/wp\/v2\/posts\/224822","targetHints":{"allow":["GET"]}}],"collection":[{"href":"https:\/\/diarioregionaldigital.com.br\/index.php?rest_route=\/wp\/v2\/posts"}],"about":[{"href":"https:\/\/diarioregionaldigital.com.br\/index.php?rest_route=\/wp\/v2\/types\/post"}],"author":[{"embeddable":true,"href":"https:\/\/diarioregionaldigital.com.br\/index.php?rest_route=\/wp\/v2\/users\/246"}],"replies":[{"embeddable":true,"href":"https:\/\/diarioregionaldigital.com.br\/index.php?rest_route=%2Fwp%2Fv2%2Fcomments&post=224822"}],"version-history":[{"count":1,"href":"https:\/\/diarioregionaldigital.com.br\/index.php?rest_route=\/wp\/v2\/posts\/224822\/revisions"}],"predecessor-version":[{"id":224824,"href":"https:\/\/diarioregionaldigital.com.br\/index.php?rest_route=\/wp\/v2\/posts\/224822\/revisions\/224824"}],"wp:featuredmedia":[{"embeddable":true,"href":"https:\/\/diarioregionaldigital.com.br\/index.php?rest_route=\/wp\/v2\/media\/224823"}],"wp:attachment":[{"href":"https:\/\/diarioregionaldigital.com.br\/index.php?rest_route=%2Fwp%2Fv2%2Fmedia&parent=224822"}],"wp:term":[{"taxonomy":"category","embeddable":true,"href":"https:\/\/diarioregionaldigital.com.br\/index.php?rest_route=%2Fwp%2Fv2%2Fcategories&post=224822"},{"taxonomy":"post_tag","embeddable":true,"href":"https:\/\/diarioregionaldigital.com.br\/index.php?rest_route=%2Fwp%2Fv2%2Ftags&post=224822"}],"curies":[{"name":"wp","href":"https:\/\/api.w.org\/{rel}","templated":true}]}}