{"id":224812,"date":"2024-09-30T21:18:38","date_gmt":"2024-10-01T00:18:38","guid":{"rendered":"https:\/\/diarioregionaldigital.com.br\/?p=224812"},"modified":"2024-09-30T21:18:38","modified_gmt":"2024-10-01T00:18:38","slug":"governo-de-minas-lanca-trilhas-de-futuro-nas-escolas-com-96-mil-vagas-em-cursos-de-alta-tecnologia","status":"publish","type":"post","link":"https:\/\/diarioregionaldigital.com.br\/?p=224812","title":{"rendered":"Governo de Minas lan\u00e7a Trilhas de Futuro nas Escolas com 9,6 mil vagas em cursos de alta tecnologia"},"content":{"rendered":"<p>O\u00a0<a href=\"https:\/\/www.trilhasdefuturo.mg.gov.br\/index.html\" target=\"_blank\" rel=\"noopener\">Trilhas de Futuro<\/a>, maior programa de forma\u00e7\u00e3o profissionalizante do\u00a0<a href=\"https:\/\/www.mg.gov.br\/\" target=\"_blank\" rel=\"noopener\">Governo de Minas<\/a>, inicia uma nova etapa, expandindo a disponibilidade de cursos de Educa\u00e7\u00e3o Profissional e Tecnol\u00f3gica (EPT) para dentro das escolas da rede estadual de ensino, com o lan\u00e7amento do Trilhas de Futuro nas Escolas.<\/p>\n<p>A\u00a0<a href=\"https:\/\/www.educacao.mg.gov.br\/\" target=\"_blank\" rel=\"noopener\">Secretaria de Estado de Educa\u00e7\u00e3o de Minas Gerais (SEE\/MG)<\/a>\u00a0em parceria com o Servi\u00e7o Nacional de Aprendizagem Industrial (Senai), vai oferecer 9,6 mil vagas para estudantes do 1\u00ba ano do Ensino M\u00e9dio em Tempo Integral (Emti) em 153 escolas estaduais, distribu\u00eddas por 37 munic\u00edpios.<\/p>\n<p>As inscri\u00e7\u00f5es devem ser realizadas por meio do Cadastro Escolar 2025, no Sistema \u00danico de Cadastro e Encaminhamento para Matr\u00edcula (Sucem), no site\u00a0<a href=\"https:\/\/cadastroescolar.educacao.mg.gov.br\/\" target=\"_blank\" rel=\"noopener\">www.cadastroescolar.educacao.mg.gov.br<\/a>, a partir desta ter\u00e7a-feira (1\/10) at\u00e9 o dia 1\/11\/2024.<\/p>\n<p><strong>Qualifica\u00e7\u00e3o t\u00e9cnica<\/strong><\/p>\n<p>Com investimentos de aproximadamente R$ 120 milh\u00f5es, essa expans\u00e3o representa uma nova era na educa\u00e7\u00e3o profissional em Minas Gerais.<\/p>\n<p>O Trilhas de Futuro nas Escolas oferece nove cursos de alta complexidade, inovando ao promover uma integra\u00e7\u00e3o curricular nos tr\u00eas anos do ensino m\u00e9dio, entre a forma\u00e7\u00e3o geral b\u00e1sica, a forma\u00e7\u00e3o t\u00e9cnica espec\u00edfica, o projeto de vida dos estudantes e as demandas socioecon\u00f4micas emergentes com vistas \u00e0 transi\u00e7\u00e3o positiva da escola para o mundo do trabalho.<\/p>\n<p>Entre os cursos est\u00e3o \u00e1reas estrat\u00e9gicas para o desenvolvimento econ\u00f4mico de Minas Gerais como Automa\u00e7\u00e3o Industrial, Biocombust\u00edveis, Fabrica\u00e7\u00e3o Mec\u00e2nica, Manuten\u00e7\u00e3o de M\u00e1quinas Industriais, Mecatr\u00f4nica, Metalurgia, Minera\u00e7\u00e3o, Sistemas de Energia Renov\u00e1vel e Soldagem.<\/p>\n<p>\u201cN\u00f3s j\u00e1 avan\u00e7amos muito com a educa\u00e7\u00e3o profissional em Minas por meio do Projeto Trilhas de Futuro, mas agora, com o Trilhas de Futuro nas Escolas, levamos os cursos t\u00e9cnicos para dentro das unidades escolares da nossa rede estadual, promovendo a integra\u00e7\u00e3o curricular entre a Forma\u00e7\u00e3o Geral B\u00e1sica e os cursos t\u00e9cnicos, em parceria com o Senai\u201d, explica a subsecret\u00e1ria de Desenvolvimento da Educa\u00e7\u00e3o B\u00e1sica, Kellen Senra.<\/p>\n<p><strong>Integra\u00e7\u00e3o\u00a0<\/strong><\/p>\n<p>O Trilhas de Futuro nas Escolas ser\u00e1 implementado em algumas unidades de Ensino M\u00e9dio em Tempo Integral da rede estadual, atendendo aos estudantes que iniciar\u00e3o o 1\u00ba ano em 2025. As aulas te\u00f3ricas ser\u00e3o realizadas nas escolas estaduais e as aulas pr\u00e1ticas nos laborat\u00f3rios do Senai.<\/p>\n<p>As aulas t\u00e9cnicas seguir\u00e3o o modelo concomitante intercomplementar em cidades que possuem unidades do Senai. Esse formato permite que os estudantes cursem o ensino m\u00e9dio e a forma\u00e7\u00e3o t\u00e9cnica em institui\u00e7\u00f5es distintas, mas com conte\u00fado integrado, potencializando a proposta de desenvolvimento interdimensional da educa\u00e7\u00e3o em tempo integral em Minas Gerais.<\/p>\n<p>Essa modalidade, regulamentada pela Resolu\u00e7\u00e3o CNE\/CP N\u00ba 1, de 5\/1\/2021, combina ensino m\u00e9dio com cursos t\u00e9cnicos em diferentes redes, por\u00e9m com um projeto pedag\u00f3gico \u00fanico.<\/p>\n<p>\u201cOs cursos fazem parte do mapa de prioriza\u00e7\u00e3o de demandas por educa\u00e7\u00e3o profissional da SEE\/MG e est\u00e3o alinhados \u00e0s maiores demandas de empregabilidade em Minas Gerais\u201d, destaca Kellen.<\/p>\n<p>O projeto ser\u00e1 ofertado em 37 munic\u00edpios que possuem escolas estaduais com Emti e unidades do Senai. As cidades participantes s\u00e3o Arax\u00e1, Arcos, Bar\u00e3o de Cocais, Barbacena, Belo Horizonte, Betim, Cataguases, Contagem, Divin\u00f3polis, Governador Valadares, Ipatinga, Itabira, Itajub\u00e1, Ita\u00fana, Ituiutaba, Jo\u00e3o Monlevade, Juiz de Fora, Mariana, Montes Claros, Nova Lima, Ouro Branco, Patos de Minas, Pedro Leopoldo, Pirapora, Po\u00e7os de Caldas, Ponte Nova, Pouso Alegre, Santa Luzia, Santa Rita do Sapuca\u00ed, S\u00e3o Gon\u00e7alo do Rio Abaixo, S\u00e3o Jo\u00e3o del-Rei, Sete Lagoas, Tr\u00eas Marias, Ub\u00e1, Uberaba, Uberl\u00e2ndia e Vespasiano.<\/p>\n<p><strong>Parceria com o Senai<\/strong><\/p>\n<p>A parceria com o Senai, refer\u00eancia nacional em tecnologia e inova\u00e7\u00e3o para o setor industrial, assegura a qualidade do ensino t\u00e9cnico oferecido pelo projeto Trilhas de Futuro nas Escolas.<\/p>\n<p>O Senai ser\u00e1 respons\u00e1vel por fornecer instrutores especializados, material did\u00e1tico e acesso a laborat\u00f3rios para a realiza\u00e7\u00e3o das atividades pr\u00e1ticas.<\/p>\n<p>Para a subsecret\u00e1ria Kellen Senra, essa colabora\u00e7\u00e3o entre a SEE\/MG e o Senai tem como objetivo oferecer uma forma\u00e7\u00e3o que, al\u00e9m de atender \u00e0s demandas do mercado de trabalho do futuro, proporciona aos jovens uma vis\u00e3o integrada entre o ensino m\u00e9dio e a forma\u00e7\u00e3o profissional.<\/p>\n<p>\u201cN\u00f3s j\u00e1 estabelecemos uma parceria s\u00f3lida com o Senai no Trilhas de Futuro. Agora, o Senai traz para a Secretaria de Estado de Educa\u00e7\u00e3o sua expertise e a possibilidade de cursos t\u00e9cnicos que s\u00e3o refer\u00eancia em todo o estado, representando um crescimento significativo na oferta de educa\u00e7\u00e3o profissional na rede\u201d, destaca Kellen.<\/p>\n<p>Para o Senai, ampliar essa parceria com a SEE\/MG \u00e9 uma oportunidade de contribuir para a educa\u00e7\u00e3o em Minas Gerais. \u201cVamos preparar os jovens de maneira eficaz para ingressar em profiss\u00f5es tecnol\u00f3gicas de alta empregabilidade\u201d, afirma Christiano Leal, diretor regional do Senai-MG.<\/p>\n<p>Leal acrescenta que o projeto est\u00e1 alinhado com os objetivos do Senai, que incluem o compromisso de oferecer educa\u00e7\u00e3o de qualidade, com uma metodologia pr\u00f3pria, laborat\u00f3rios e oficinas equipados com tecnologia de ponta, al\u00e9m de promover a inclus\u00e3o social e desenvolver habilidades t\u00e9cnicas e comportamentais essenciais para o mercado de trabalho.<\/p>\n<p><strong>Trilhas de Futuro<\/strong><\/p>\n<p>Criado em 2021 pelo Governo de Minas, por meio da Secretaria de Estado de Educa\u00e7\u00e3o, o Trilhas de Futuro se firmou como uma iniciativa pioneira e refer\u00eancia nacional na oferta de cursos t\u00e9cnicos gratuitos, atendendo estudantes em institui\u00e7\u00f5es p\u00fablicas e privadas.<\/p>\n<p>Com mais de R$ 1,5 bilh\u00e3o j\u00e1 investidos, o Trilhas de Futuro figura entre as principais prioridades do Estado, formando mais de 50 mil profissionais e capacitando outros 92 mil, distribu\u00eddos em 94 cursos diferentes, presentes em 145 munic\u00edpios de Minas Gerais.<\/p>\n<p>A quinta edi\u00e7\u00e3o, atualmente em andamento, atingiu um recorde hist\u00f3rico, com mais de 346 mil inscri\u00e7\u00f5es para as 40 mil vagas dispon\u00edveis.<\/p>\n<p>Fonte: Ag\u00eancia Minas<\/p>\n","protected":false},"excerpt":{"rendered":"<p>O\u00a0Trilhas de Futuro, maior programa de forma\u00e7\u00e3o profissionalizante do\u00a0Governo de Minas, inicia uma nova etapa, expandindo a disponibilidade de cursos de Educa\u00e7\u00e3o Profissional e Tecnol\u00f3gica (EPT) para dentro das escolas da rede estadual de ensino, com o lan\u00e7amento do Trilhas de Futuro nas Escolas. A\u00a0Secretaria de Estado de Educa\u00e7\u00e3o de Minas Gerais (SEE\/MG)\u00a0em parceria com [&hellip;]<\/p>\n","protected":false},"author":246,"featured_media":224813,"comment_status":"closed","ping_status":"closed","sticky":false,"template":"","format":"standard","meta":{"footnotes":""},"categories":[436,440,261,254,439],"tags":[],"class_list":["post-224812","post","type-post","status-publish","format-standard","has-post-thumbnail","hentry","category-destaque-da-semana","category-destaques-do-dia","category-economia","category-politica","category-ultima-hora"],"_links":{"self":[{"href":"https:\/\/diarioregionaldigital.com.br\/index.php?rest_route=\/wp\/v2\/posts\/224812","targetHints":{"allow":["GET"]}}],"collection":[{"href":"https:\/\/diarioregionaldigital.com.br\/index.php?rest_route=\/wp\/v2\/posts"}],"about":[{"href":"https:\/\/diarioregionaldigital.com.br\/index.php?rest_route=\/wp\/v2\/types\/post"}],"author":[{"embeddable":true,"href":"https:\/\/diarioregionaldigital.com.br\/index.php?rest_route=\/wp\/v2\/users\/246"}],"replies":[{"embeddable":true,"href":"https:\/\/diarioregionaldigital.com.br\/index.php?rest_route=%2Fwp%2Fv2%2Fcomments&post=224812"}],"version-history":[{"count":1,"href":"https:\/\/diarioregionaldigital.com.br\/index.php?rest_route=\/wp\/v2\/posts\/224812\/revisions"}],"predecessor-version":[{"id":224814,"href":"https:\/\/diarioregionaldigital.com.br\/index.php?rest_route=\/wp\/v2\/posts\/224812\/revisions\/224814"}],"wp:featuredmedia":[{"embeddable":true,"href":"https:\/\/diarioregionaldigital.com.br\/index.php?rest_route=\/wp\/v2\/media\/224813"}],"wp:attachment":[{"href":"https:\/\/diarioregionaldigital.com.br\/index.php?rest_route=%2Fwp%2Fv2%2Fmedia&parent=224812"}],"wp:term":[{"taxonomy":"category","embeddable":true,"href":"https:\/\/diarioregionaldigital.com.br\/index.php?rest_route=%2Fwp%2Fv2%2Fcategories&post=224812"},{"taxonomy":"post_tag","embeddable":true,"href":"https:\/\/diarioregionaldigital.com.br\/index.php?rest_route=%2Fwp%2Fv2%2Ftags&post=224812"}],"curies":[{"name":"wp","href":"https:\/\/api.w.org\/{rel}","templated":true}]}}