{"id":224809,"date":"2024-09-30T21:00:06","date_gmt":"2024-10-01T00:00:06","guid":{"rendered":"https:\/\/diarioregionaldigital.com.br\/?p=224809"},"modified":"2024-09-30T21:00:06","modified_gmt":"2024-10-01T00:00:06","slug":"potencial-de-investimentos-em-minas-e-apresentado-ao-setor-produtivo-do-rio-grande-do-sul","status":"publish","type":"post","link":"https:\/\/diarioregionaldigital.com.br\/?p=224809","title":{"rendered":"Potencial de investimentos em Minas \u00e9 apresentado ao setor produtivo do Rio Grande do Sul"},"content":{"rendered":"<p>O potencial de investimentos e o desenvolvimento de Minas Gerais foram tema de debate com o setor produtivo do Rio Grande do Sul em dois eventos realizados nesta segunda-feira (30\/9). O governador Romeu Zema cumpriu agenda de trabalho nas cidades de Santa Maria e na capital Porto Alegre, no estado ga\u00facho.<\/p>\n<p>O primeiro encontro ocorreu em Santa Maria, onde o governador participou de painel com representantes de associa\u00e7\u00f5es comerciais e empres\u00e1rios. Na ocasi\u00e3o, Zema discorreu sobre o tema central &#8220;Impactos da Implementa\u00e7\u00e3o da Inova\u00e7\u00e3o em Projetos e na Gest\u00e3o P\u00fablica do Governo de Minas Gerais&#8221;.<\/p>\n<p>Cerca de 80 pessoas participaram do evento, que buscou conscientizar a sociedade civil sobre o papel da inova\u00e7\u00e3o no crescimento sustent\u00e1vel.<\/p>\n<p><strong>Gera\u00e7\u00e3o de emprego e renda\u00a0<\/strong><\/p>\n<p>J\u00e1 em Porto Alegre, o governador participou de evento promovido pela Federa\u00e7\u00e3o de Entidades Empresariais do Rio Grande do Sul (Federasul). Entre os temas, foram discutidas oportunidades de investimento e estrat\u00e9gias adotadas pelo estado para impulsionar seu crescimento, com foco na inova\u00e7\u00e3o e atra\u00e7\u00e3o de novos neg\u00f3cios.<\/p>\n<p>&#8220;Minas Gerais tem vivido um momento de transforma\u00e7\u00e3o, com um ambiente cada vez mais favor\u00e1vel para atra\u00e7\u00e3o de novos investimentos. Isso \u00e9 fruto de um trabalho s\u00e9rio e comprometido, focado em garantir condi\u00e7\u00f5es ideais para que empresas possam crescer e gerar empregos\u201d.<\/p>\n<p>&nbsp;<\/p>\n<table border=\"0\" cellspacing=\"1\" cellpadding=\"1\" align=\"center\">\n<tbody>\n<tr>\n<td colspan=\"5\"><img decoding=\"async\" src=\"https:\/\/www.agenciaminas.mg.gov.br\/ckeditor_assets\/pictures\/20949\/content_2_olho_topo.jpg\" alt=\"\" \/><\/td>\n<\/tr>\n<tr>\n<td><\/td>\n<td colspan=\"3\" rowspan=\"3\">\n<h1><strong>&#8220;Com esse esfor\u00e7o, estamos pr\u00f3ximos \u00e0 meta de chegar a 1\u00a0milh\u00e3o de empregos com carteira assinada, reflexo direto do ambiente de confian\u00e7a que estamos criando<\/strong><strong>&#8220;, afirmou Romeu Zema.<\/strong><\/h1>\n<\/td>\n<td><\/td>\n<\/tr>\n<tr>\n<td><\/td>\n<td><\/td>\n<\/tr>\n<tr>\n<td><\/td>\n<td><\/td>\n<\/tr>\n<tr>\n<td colspan=\"5\"><img decoding=\"async\" src=\"https:\/\/www.agenciaminas.mg.gov.br\/ckeditor_assets\/pictures\/20950\/content_2_olho_inferior.jpg\" alt=\"\" \/><\/td>\n<\/tr>\n<\/tbody>\n<\/table>\n<p>O governador acrescentou: &#8220;Minas est\u00e1 se tornando refer\u00eancia em infraestrutura, inova\u00e7\u00e3o e seguran\u00e7a jur\u00eddica, fatores que atraem investidores e proporcionam um desenvolvimento econ\u00f4mico sustent\u00e1vel, beneficiando toda a popula\u00e7\u00e3o\u201d.<\/p>\n<p>Os dois eventos refor\u00e7aram o di\u00e1logo entre Minas Gerais e o Rio Grande do Sul, promovendo o interc\u00e2mbio de experi\u00eancias e fortalecendo as rela\u00e7\u00f5es entre os estados para o desenvolvimento de estrat\u00e9gias conjuntas voltadas ao crescimento econ\u00f4mico.<\/p>\n<p>Fonte: Ag\u00eancia Minas<\/p>\n","protected":false},"excerpt":{"rendered":"<p>O potencial de investimentos e o desenvolvimento de Minas Gerais foram tema de debate com o setor produtivo do Rio Grande do Sul em dois eventos realizados nesta segunda-feira (30\/9). O governador Romeu Zema cumpriu agenda de trabalho nas cidades de Santa Maria e na capital Porto Alegre, no estado ga\u00facho. O primeiro encontro ocorreu [&hellip;]<\/p>\n","protected":false},"author":246,"featured_media":224810,"comment_status":"closed","ping_status":"closed","sticky":false,"template":"","format":"standard","meta":{"footnotes":""},"categories":[436,440,261,252,439],"tags":[],"class_list":["post-224809","post","type-post","status-publish","format-standard","has-post-thumbnail","hentry","category-destaque-da-semana","category-destaques-do-dia","category-economia","category-regiao","category-ultima-hora"],"_links":{"self":[{"href":"https:\/\/diarioregionaldigital.com.br\/index.php?rest_route=\/wp\/v2\/posts\/224809","targetHints":{"allow":["GET"]}}],"collection":[{"href":"https:\/\/diarioregionaldigital.com.br\/index.php?rest_route=\/wp\/v2\/posts"}],"about":[{"href":"https:\/\/diarioregionaldigital.com.br\/index.php?rest_route=\/wp\/v2\/types\/post"}],"author":[{"embeddable":true,"href":"https:\/\/diarioregionaldigital.com.br\/index.php?rest_route=\/wp\/v2\/users\/246"}],"replies":[{"embeddable":true,"href":"https:\/\/diarioregionaldigital.com.br\/index.php?rest_route=%2Fwp%2Fv2%2Fcomments&post=224809"}],"version-history":[{"count":1,"href":"https:\/\/diarioregionaldigital.com.br\/index.php?rest_route=\/wp\/v2\/posts\/224809\/revisions"}],"predecessor-version":[{"id":224811,"href":"https:\/\/diarioregionaldigital.com.br\/index.php?rest_route=\/wp\/v2\/posts\/224809\/revisions\/224811"}],"wp:featuredmedia":[{"embeddable":true,"href":"https:\/\/diarioregionaldigital.com.br\/index.php?rest_route=\/wp\/v2\/media\/224810"}],"wp:attachment":[{"href":"https:\/\/diarioregionaldigital.com.br\/index.php?rest_route=%2Fwp%2Fv2%2Fmedia&parent=224809"}],"wp:term":[{"taxonomy":"category","embeddable":true,"href":"https:\/\/diarioregionaldigital.com.br\/index.php?rest_route=%2Fwp%2Fv2%2Fcategories&post=224809"},{"taxonomy":"post_tag","embeddable":true,"href":"https:\/\/diarioregionaldigital.com.br\/index.php?rest_route=%2Fwp%2Fv2%2Ftags&post=224809"}],"curies":[{"name":"wp","href":"https:\/\/api.w.org\/{rel}","templated":true}]}}