{"id":224793,"date":"2024-09-27T17:55:12","date_gmt":"2024-09-27T20:55:12","guid":{"rendered":"https:\/\/diarioregionaldigital.com.br\/?p=224793"},"modified":"2024-09-27T17:55:12","modified_gmt":"2024-09-27T20:55:12","slug":"governo-de-minas-compartilha-avancos-em-politicas-publicas-em-evento-internacional","status":"publish","type":"post","link":"https:\/\/diarioregionaldigital.com.br\/?p=224793","title":{"rendered":"Governo de Minas compartilha avan\u00e7os em pol\u00edticas p\u00fablicas em evento internacional"},"content":{"rendered":"<p>O\u00a0<a href=\"https:\/\/www.mg.gov.br\/\" target=\"_blank\" rel=\"noopener\">Governo de Minas<\/a>\u00a0compartilhou os principais avan\u00e7os de pol\u00edticas p\u00fablicas do Estado nesta quinta-feira (26\/9), no evento internacional Side Event G20: Implementa\u00e7\u00e3o Colaborativa de Pol\u00edticas P\u00fablicas, realizado na Funda\u00e7\u00e3o Dom Cabral, em Nova Lima (MG).<\/p>\n<p>Com a participa\u00e7\u00e3o de especialistas e autoridades nacionais e internacionais, o encontro, realizado em parceria com o Conselho Nacional dos Secret\u00e1rios de Estado de Planejamento (Conseplan), teve o objetivo de potencializar iniciativas voltadas ao desenvolvimento sustent\u00e1vel.<\/p>\n<p>O Governo de Minas foi representado na abertura do evento pelo secret\u00e1rio-geral do Estado, Marcel Beghini, que destacou as parcerias com as institui\u00e7\u00f5es participantes e a import\u00e2ncia dos temas abordados, al\u00e9m dos avan\u00e7os de Minas nas pol\u00edticas p\u00fablicas.<\/p>\n<p>\u201cO Conseplan est\u00e1 discutindo temas muito relevantes para a gest\u00e3o p\u00fablica, e Minas Gerais tem exemplos muito positivos para oferecer para o restante do Brasil, como uma gest\u00e3o or\u00e7ament\u00e1ria mais moderna e eficaz&#8221;.<br \/>\nBeghini tamb\u00e9m destacou temos sistema de avalia\u00e7\u00e3o do Governo de Minas que vem ajudando a oferecer mais qualidade na presta\u00e7\u00e3o de servi\u00e7o p\u00fablico para os mineiros. E citou o Automatiza.MG como exemplo de benef\u00edcios que a robotiza\u00e7\u00e3o de processos t\u00eam proporcionado ao Estado e como a transforma\u00e7\u00e3o digital faz parte das metas do governo estadual.<\/p>\n<p>&#8220;Contamos com a presen\u00e7a de especialistas internacionais, governos federal e estadual e gestores municipais para fazer um grande debate, uma grande troca de experi\u00eancia&#8221;, afirmou o presidente do Conseplan, Fabr\u00edcio Marques.<\/p>\n<p>O presidente executivo da Funda\u00e7\u00e3o Dom Cabral, Antonio Batista da Silva Junior, completou. \u201cNosso objetivo com esse evento \u00e9 discutir os grandes desafios da humanidade sob a perspectiva das pol\u00edticas p\u00fablicas e da governan\u00e7a colaborativa, que integra setor p\u00fablico, iniciativa privada e sociedade. S\u00e3o caminhos que podem gerar mais prosperidade para o Brasil e o mundo\u201d.<\/p>\n<p><strong>Transforma\u00e7\u00e3o digital<\/strong><\/p>\n<p>As iniciativas e avan\u00e7os do Governo de Minas na oferta de servi\u00e7os digitais, simplifica\u00e7\u00e3o, desburocratiza\u00e7\u00e3o, inclus\u00e3o digital e automa\u00e7\u00e3o de processos de trabalho foram compartilhadas pela secret\u00e1ria de Estado de\u00a0<a href=\"https:\/\/www.mg.gov.br\/planejamento\" target=\"_blank\" rel=\"noopener\">Planejamento e Gest\u00e3o<\/a>, Camila Neves, que liderou o painel Transforma\u00e7\u00e3o Digital ao lado de autoridades e especialistas na \u00e1rea.<\/p>\n<p>A secret\u00e1ria destacou o objetivo priorit\u00e1rio do Governo de Minas de facilitar a vida dos cidad\u00e3os, ampliando e simplificando o acesso aos servi\u00e7os, e a import\u00e2ncia de iniciativas como o projeto Automatiza.MG, implantado em 2024 no Executivo mineiro para otimizar o trabalho dos servidores p\u00fablicos por meio da utiliza\u00e7\u00e3o de tend\u00eancias de tecnologia e solu\u00e7\u00f5es de intelig\u00eancia artificial.<\/p>\n<p>As Unidades de Atendimento Integrado (UAIs) e o Laborat\u00f3rio de Inova\u00e7\u00e3o do Governo de Minas (LAB.MG), entre outros, foram tamb\u00e9m assinaladas por Camila Neves como experi\u00eancias mineiras de sucesso no caminho da transforma\u00e7\u00e3o digital.<\/p>\n<p>\u201cN\u00f3s temos um prop\u00f3sito muito forte de proporcionar cada vez mais servi\u00e7os facilitados para os cidad\u00e3os. Quando falamos de transforma\u00e7\u00e3o digital, \u00e9 para que o cidad\u00e3o possa resolver sua vida a qualquer momento de forma simples&#8221;, destacou.<\/p>\n<p>A secret\u00e1ria afirmou ainda que &#8220;a transforma\u00e7\u00e3o digital \u00e9 o caminho, \u00e9 a trilha que consegue fazer essa revolu\u00e7\u00e3o\u201d.<\/p>\n<p>O painel contou ainda com a presen\u00e7a do c\u00f4nsul da Eslov\u00e1quia, Renato Werner; o diretor-presidente do Centro de Lideran\u00e7a P\u00fablica (CLP), Tadeu Barros; e o CEO da Valid, Ilson Bressan.<\/p>\n<p><strong>\u00a0Side Event G20<\/strong><\/p>\n<p>O Side Event G20 \u00e9 organizado pelo grupo de trabalho T20, que faz parte do G20, e re\u00fane think-tanks e centros de pesquisa dos pa\u00edses participantes e de outras na\u00e7\u00f5es convidadas.<\/p>\n<p>Cerca de 200 pessoas de todo o Brasil e de alguns pa\u00edses do G20 participaram do evento, que contou com v\u00e1rios pain\u00e9is, debates e apresenta\u00e7\u00f5es de casos sobre o desenvolvimento de pol\u00edticas p\u00fablicas mais eficientes e abrangentes.<\/p>\n<p><strong>Semin\u00e1rio do Conseplan<\/strong><\/p>\n<p>O Conseplan \u00e9 composto pelos titulares das Secretarias de Planejamento dos Estados, Distrito Federal e dos \u00f3rg\u00e3os correlatos. E tem como objetivo criar uma rede entre os t\u00e9cnicos estaduais, visando a troca de experi\u00eancias, boas pr\u00e1ticas e discuss\u00f5es sobre as tem\u00e1ticas relacionadas ao planejamento, or\u00e7amento e investimentos p\u00fablicos. Seus encontros s\u00e3o realizados a cada trimestre.<\/p>\n<p>Nesta sexta-feira (27\/9), ser\u00e1 realizado Semin\u00e1rio do Conseplan, integrando o Side Event G20 by FDC e Conseplan, que reunir\u00e1 cerca de 150 participantes, entre secret\u00e1rios estaduais, representantes do Governo Federal, especialistas e t\u00e9cnicos.<\/p>\n<p>O evento contar\u00e1 com discuss\u00f5es e workshops sobre planejamento, or\u00e7amento e investimentos p\u00fablicos com o objetivo de contribuir para o desenvolvimento dos estados brasileiros.<\/p>\n<p>Fonte: Ag\u00eancia Minas<\/p>\n","protected":false},"excerpt":{"rendered":"<p>O\u00a0Governo de Minas\u00a0compartilhou os principais avan\u00e7os de pol\u00edticas p\u00fablicas do Estado nesta quinta-feira (26\/9), no evento internacional Side Event G20: Implementa\u00e7\u00e3o Colaborativa de Pol\u00edticas P\u00fablicas, realizado na Funda\u00e7\u00e3o Dom Cabral, em Nova Lima (MG). Com a participa\u00e7\u00e3o de especialistas e autoridades nacionais e internacionais, o encontro, realizado em parceria com o Conselho Nacional dos Secret\u00e1rios [&hellip;]<\/p>\n","protected":false},"author":246,"featured_media":224794,"comment_status":"closed","ping_status":"closed","sticky":false,"template":"","format":"standard","meta":{"footnotes":""},"categories":[436,440,261,254,252,439],"tags":[],"class_list":["post-224793","post","type-post","status-publish","format-standard","has-post-thumbnail","hentry","category-destaque-da-semana","category-destaques-do-dia","category-economia","category-politica","category-regiao","category-ultima-hora"],"_links":{"self":[{"href":"https:\/\/diarioregionaldigital.com.br\/index.php?rest_route=\/wp\/v2\/posts\/224793","targetHints":{"allow":["GET"]}}],"collection":[{"href":"https:\/\/diarioregionaldigital.com.br\/index.php?rest_route=\/wp\/v2\/posts"}],"about":[{"href":"https:\/\/diarioregionaldigital.com.br\/index.php?rest_route=\/wp\/v2\/types\/post"}],"author":[{"embeddable":true,"href":"https:\/\/diarioregionaldigital.com.br\/index.php?rest_route=\/wp\/v2\/users\/246"}],"replies":[{"embeddable":true,"href":"https:\/\/diarioregionaldigital.com.br\/index.php?rest_route=%2Fwp%2Fv2%2Fcomments&post=224793"}],"version-history":[{"count":1,"href":"https:\/\/diarioregionaldigital.com.br\/index.php?rest_route=\/wp\/v2\/posts\/224793\/revisions"}],"predecessor-version":[{"id":224795,"href":"https:\/\/diarioregionaldigital.com.br\/index.php?rest_route=\/wp\/v2\/posts\/224793\/revisions\/224795"}],"wp:featuredmedia":[{"embeddable":true,"href":"https:\/\/diarioregionaldigital.com.br\/index.php?rest_route=\/wp\/v2\/media\/224794"}],"wp:attachment":[{"href":"https:\/\/diarioregionaldigital.com.br\/index.php?rest_route=%2Fwp%2Fv2%2Fmedia&parent=224793"}],"wp:term":[{"taxonomy":"category","embeddable":true,"href":"https:\/\/diarioregionaldigital.com.br\/index.php?rest_route=%2Fwp%2Fv2%2Fcategories&post=224793"},{"taxonomy":"post_tag","embeddable":true,"href":"https:\/\/diarioregionaldigital.com.br\/index.php?rest_route=%2Fwp%2Fv2%2Ftags&post=224793"}],"curies":[{"name":"wp","href":"https:\/\/api.w.org\/{rel}","templated":true}]}}