{"id":224790,"date":"2024-09-27T17:53:37","date_gmt":"2024-09-27T20:53:37","guid":{"rendered":"https:\/\/diarioregionaldigital.com.br\/?p=224790"},"modified":"2024-09-27T17:53:37","modified_gmt":"2024-09-27T20:53:37","slug":"minas-sera-primeiro-estado-a-implantar-estrategia-de-enfrentamento-a-mortalidade-materna-e-infantil-em-todas-as-regioes","status":"publish","type":"post","link":"https:\/\/diarioregionaldigital.com.br\/?p=224790","title":{"rendered":"Minas ser\u00e1 primeiro estado a implantar estrat\u00e9gia de enfrentamento \u00e0 mortalidade materna e infantil em todas as regi\u00f5es"},"content":{"rendered":"<p>Reduzir a morte materna em Minas \u00e9 uma das prioridades do\u00a0<a href=\"https:\/\/www.mg.gov.br\/\" target=\"_blank\" rel=\"noopener\">Governo do Estado<\/a>\u00a0e, para isso, a\u00a0<a href=\"https:\/\/www.saude.mg.gov.br\/\" target=\"_blank\" rel=\"noopener\">Secretaria de Estado de Sa\u00fade de Minas Gerais (SES-MG)<\/a>, em parceria com a Organiza\u00e7\u00e3o Pan-Americana da Sa\u00fade (Opas), realizou, nessa quinta-feira (26\/9), no audit\u00f3rio da\u00a0<a href=\"http:\/\/www.fapemig.br\/pt\/\" target=\"_blank\" rel=\"noopener noreferrer\" data-auth=\"NotApplicable\" data-linkindex=\"0\">Funda\u00e7\u00e3o de Amparo \u00e0 Pesquisa do Estado de Minas Gerais (Fapemig)<\/a>, em Belo Horizonte, a primeira oficina Estrat\u00e9gia Zero Morte Materna por Hemorragia.<\/p>\n<p>A estrat\u00e9gia \u00e9 uma das tem\u00e1ticas abordadas durante encontro, que teve in\u00edcio no dia 24\/9, e busca discutir sobre a linha de cuidado materno-infantil e propor a\u00e7\u00f5es e interven\u00e7\u00f5es pautadas no plano de enfrentamento \u00e0 mortalidade materna, infantil e fetal no estado.<\/p>\n<p>Segundo a diretora de Gest\u00e3o da Integralidade do Cuidado da SES-MG, L\u00edrica Mattos Pereira, o cuidado com a sa\u00fade da crian\u00e7a e da mulher deve ser pautado na integralidade, e envolve discutir todo o percurso dessa mulher na rede de aten\u00e7\u00e3o do Sistema \u00danico de Sa\u00fade (SUS) e, com isso, elaborar estrat\u00e9gias efetivas para evitar a mortalidade.<\/p>\n<p>\u201cAtualmente, em Minas, a raz\u00e3o de mortalidade materna \u00e9 de 47.66 para 100 mil nascimentos e a meta \u00e9 reduzir essa raz\u00e3o para 30 at\u00e9 2027, considerando os compromissos firmados no Plano Estadual de Sa\u00fade e Objetivos de Desenvolvimento Sustent\u00e1vel (ODS) onde o Brasil \u00e9 signat\u00e1rio. Durante esses tr\u00eas dias, foram abordados temas relacionados \u00e0 linha de cuidado materna infantil, desde o planejamento reprodutivo e sexual, pr\u00e9-natal, o parto e o nascimento e cuidado \u00e0 crian\u00e7a\u201d, explica.<\/p>\n<p>A estrat\u00e9gia Zero Morte Materna \u00e9 um termo de coopera\u00e7\u00e3o firmado entre a SES e a Opas, pensando em a\u00e7\u00f5es e estrat\u00e9gias nos territ\u00f3rios para a redu\u00e7\u00e3o da mortalidade por hemorragia.<\/p>\n<p>\u201cEst\u00e3o previstas a\u00e7\u00f5es de qualifica\u00e7\u00e3o profissional em 27 institui\u00e7\u00f5es hospitalares, das macrorregi\u00f5es de sa\u00fade do estado. Os consultores t\u00e9cnicos da Opas ir\u00e3o, junto com esses profissionais, realizar oficinas para a qualifica\u00e7\u00e3o do cuidado e interven\u00e7\u00f5es visando evitar \u00f3bito por hemorragia, sendo essa uma das principais causas de \u00f3bito materno no estado\u201d, complementa L\u00edrica.<\/p>\n<p>A enfermeira e consultora de Sa\u00fade Materna da Opas, Ana Cyntia Baraldi, destaca que Minas Gerais \u00e9 o primeiro estado que vai implantar a estrat\u00e9gia em todas as macrorregi\u00f5es.<\/p>\n<p>\u201cIsso \u00e9 in\u00e9dito no pa\u00eds. A SES-MG est\u00e1 investindo realmente em fazer uma a\u00e7\u00e3o ampla, que olhe para os territ\u00f3rios, que capilarize as a\u00e7\u00f5es para que possamos ter um resultado bastante efetivo no final\u201d, enfatiza.<\/p>\n<p><strong>Oficinas<\/strong><\/p>\n<p>A Estrat\u00e9gia Zero Morte Materna se organiza em oito oficinas, que ser\u00e3o distribu\u00eddas em 12 meses, para o acompanhamento dos indicadores. Ser\u00e3o trabalhados eixos estrat\u00e9gicos, como capacita\u00e7\u00e3o profissional, organiza\u00e7\u00e3o de rede, comunica\u00e7\u00e3o, entre outros.<\/p>\n<p>\u201cEssas a\u00e7\u00f5es buscam reduzir as mortes maternas no estado pela principal causa, que s\u00e3o as hemorr\u00e1gicas. Vamos nos locais selecionados para dar treinamento e capacita\u00e7\u00e3o dos profissionais, trabalhar com vincula\u00e7\u00e3o da gestante, com a rede de sangue seguro, organizar o cuidado e, assim, alcan\u00e7ar o nosso objetivo\u201d, conclui Ana Cyntia.<\/p>\n<p>O encontro foi direcionado \u00e0s refer\u00eancias t\u00e9cnicas das coordena\u00e7\u00f5es de Rede de Aten\u00e7\u00e3o \u00e0 Sa\u00fade e das coordena\u00e7\u00f5es de Vigil\u00e2ncia do \u00d3bito das Unidades Regionais de Sa\u00fade, al\u00e9m de unidades setoriais estrat\u00e9gicas da secretaria que est\u00e3o envolvidas, direta ou indiretamente, aos cuidados da mulher e da crian\u00e7a.<\/p>\n<p><strong>Linha de cuidado<\/strong><\/p>\n<p>A linha de cuidado materno infantil de Minas Gerais aborda todo o percurso da mulher da rede SUS, desde o planejamento reprodutivo ao pr\u00e9-natal, o parto, o nascimento e acompanhamento da crian\u00e7a at\u00e9 um ano de idade.<\/p>\n<p>Al\u00e9m do pr\u00e9-natal do parceiro, pr\u00e9-natal odontol\u00f3gico, sa\u00fade mental no ciclo grav\u00eddico e puerperal, cuidados paliativos neonatais e luto perinatal, que s\u00e3o tem\u00e1ticas pautadas na integralidade do cuidado.<\/p>\n<p>O documento tem o objetivo de qualificar e orientar os profissionais de sa\u00fade, bem como os gestores municipais, para que organizem essa rede da melhor forma poss\u00edvel, pensando e interligando todos os pontos da rede de aten\u00e7\u00e3o, prim\u00e1ria, especializada e hospitalar.<\/p>\n<p>\u201cA linha de cuidado \u00e9 uma entrega do Projeto Aurora sendo um marco significativo na busca cont\u00ednua por assegurar \u00e0 mulher o direito ao planejamento reprodutivo e \u00e0 aten\u00e7\u00e3o segura e humanizada \u00e0 gravidez, ao parto e ao puerp\u00e9rio, bem como a crian\u00e7a o direito ao nascimento seguro e ao crescimento e desenvolvimento saud\u00e1vel\u201d, finaliza L\u00edrica Mattos Pereira.<\/p>\n<p>Fonte: Ag\u00eancia Minas<\/p>\n","protected":false},"excerpt":{"rendered":"<p>Reduzir a morte materna em Minas \u00e9 uma das prioridades do\u00a0Governo do Estado\u00a0e, para isso, a\u00a0Secretaria de Estado de Sa\u00fade de Minas Gerais (SES-MG), em parceria com a Organiza\u00e7\u00e3o Pan-Americana da Sa\u00fade (Opas), realizou, nessa quinta-feira (26\/9), no audit\u00f3rio da\u00a0Funda\u00e7\u00e3o de Amparo \u00e0 Pesquisa do Estado de Minas Gerais (Fapemig), em Belo Horizonte, a primeira [&hellip;]<\/p>\n","protected":false},"author":246,"featured_media":224791,"comment_status":"closed","ping_status":"closed","sticky":false,"template":"","format":"standard","meta":{"footnotes":""},"categories":[436,261,254,439],"tags":[],"class_list":["post-224790","post","type-post","status-publish","format-standard","has-post-thumbnail","hentry","category-destaque-da-semana","category-economia","category-politica","category-ultima-hora"],"_links":{"self":[{"href":"https:\/\/diarioregionaldigital.com.br\/index.php?rest_route=\/wp\/v2\/posts\/224790","targetHints":{"allow":["GET"]}}],"collection":[{"href":"https:\/\/diarioregionaldigital.com.br\/index.php?rest_route=\/wp\/v2\/posts"}],"about":[{"href":"https:\/\/diarioregionaldigital.com.br\/index.php?rest_route=\/wp\/v2\/types\/post"}],"author":[{"embeddable":true,"href":"https:\/\/diarioregionaldigital.com.br\/index.php?rest_route=\/wp\/v2\/users\/246"}],"replies":[{"embeddable":true,"href":"https:\/\/diarioregionaldigital.com.br\/index.php?rest_route=%2Fwp%2Fv2%2Fcomments&post=224790"}],"version-history":[{"count":1,"href":"https:\/\/diarioregionaldigital.com.br\/index.php?rest_route=\/wp\/v2\/posts\/224790\/revisions"}],"predecessor-version":[{"id":224792,"href":"https:\/\/diarioregionaldigital.com.br\/index.php?rest_route=\/wp\/v2\/posts\/224790\/revisions\/224792"}],"wp:featuredmedia":[{"embeddable":true,"href":"https:\/\/diarioregionaldigital.com.br\/index.php?rest_route=\/wp\/v2\/media\/224791"}],"wp:attachment":[{"href":"https:\/\/diarioregionaldigital.com.br\/index.php?rest_route=%2Fwp%2Fv2%2Fmedia&parent=224790"}],"wp:term":[{"taxonomy":"category","embeddable":true,"href":"https:\/\/diarioregionaldigital.com.br\/index.php?rest_route=%2Fwp%2Fv2%2Fcategories&post=224790"},{"taxonomy":"post_tag","embeddable":true,"href":"https:\/\/diarioregionaldigital.com.br\/index.php?rest_route=%2Fwp%2Fv2%2Ftags&post=224790"}],"curies":[{"name":"wp","href":"https:\/\/api.w.org\/{rel}","templated":true}]}}