{"id":224787,"date":"2024-09-27T17:52:37","date_gmt":"2024-09-27T20:52:37","guid":{"rendered":"https:\/\/diarioregionaldigital.com.br\/?p=224787"},"modified":"2024-09-27T17:52:37","modified_gmt":"2024-09-27T20:52:37","slug":"minas-gerais-se-aproxima-ainda-mais-da-marca-de-1-milhao-de-empregos-com-carteira-assinada","status":"publish","type":"post","link":"https:\/\/diarioregionaldigital.com.br\/?p=224787","title":{"rendered":"Minas Gerais se aproxima ainda mais da marca de 1 milh\u00e3o de empregos com carteira assinada"},"content":{"rendered":"<p>Minas Gerais avan\u00e7a, transformando a vida das pessoas com programas de governo que preparam a popula\u00e7\u00e3o para o mercado de trabalho. Com a qualifica\u00e7\u00e3o da m\u00e3o de obra, o estado j\u00e1 gerou mais de 924 mil empregos\u00a0desde 2019 e caminha para alcan\u00e7ar a meta de 1 milh\u00e3o de postos formais criados at\u00e9 2026.<\/p>\n<p>Os \u00faltimos n\u00fameros oficiais do mercado de trabalho mostram que o estado gerou mais de 188 mil novos empregos com carteira assinada apenas em 2024. No m\u00eas de agosto, 14.356 pessoas conseguiram um emprego, o que demonstra que o mercado de trabalho mineiro \u00e9 um dos mais fortes do Brasil e cria oportunidades para quem mais precisa.<\/p>\n<p>A secret\u00e1ria de Estado de\u00a0<u><a id=\"OWAedb42cf6-733a-98e0-16ed-7283b5d08553\" href=\"https:\/\/social.mg.gov.br\/\" target=\"_blank\" rel=\"noopener noreferrer\" data-auth=\"NotApplicable\" data-linkindex=\"1\">Desenvolvimento Social<\/a><\/u>, Al\u00ea Portela, destaca que a gera\u00e7\u00e3o de empregos \u00e9 resultado do empenho do\u00a0<u><a id=\"OWAe004cb4b-8219-7321-f2e1-217a0630e431\" href=\"https:\/\/www.mg.gov.br\/\" target=\"_blank\" rel=\"noopener noreferrer\" data-auth=\"NotApplicable\" data-linkindex=\"2\">Governo de Minas<\/a><\/u>\u00a0para criar um estado mais atrativo para investimentos. \u201cIsso traz oportunidades para as empresas e para a nossa popula\u00e7\u00e3o. Esse \u00e9 um compromisso que temos: criar as condi\u00e7\u00f5es necess\u00e1rias para que Minas avance e transforme a vida das pessoas\u201d, afirma Al\u00ea Portela.<\/p>\n<p>Esse \u00e9 o caso de Gabriele Rodrigues, de 30 anos, que conseguiu uma vaga de auxiliar administrativo. Depois de cinco meses desempregada, ela comemora a contrata\u00e7\u00e3o. \u201cSa\u00ed do meu \u00faltimo emprego em fevereiro. Ent\u00e3o, foi importante conseguir essa vaga e voltar ao mercado\u201d, conta a jovem, contratada por uma empresa de consultoria financeira em agosto.<\/p>\n<p>Os dados mais recentes do Cadastro Geral de Empregados e Desempregados (Caged), divulgados nesta sexta-feira (27\/9), indicam que Minas atingiu, em agosto, uma sequ\u00eancia positiva de oito meses consecutivos de gera\u00e7\u00e3o de postos de trabalho, impulsionada por setores como o de Servi\u00e7os, que contratou 10.250 trabalhadores.<\/p>\n<p>O expressivo resultado alcan\u00e7ado por Minas no \u00faltimo m\u00eas tamb\u00e9m foi impulsionado por outros setores que registraram abertura de postos de trabalho, como a Ind\u00fastria (6.689), o Com\u00e9rcio (4.330) e a Constru\u00e7\u00e3o (413). Apesar do setor de Agropecu\u00e1ria ter registrado o fechamento de postos em agosto (-7.322), nos\u00a0resultados parciais de 2024, todos os grandes setores apresentaram saldo positivo (com destaque para o setor de Servi\u00e7os, respons\u00e1vel pela gera\u00e7\u00e3o de\u00a090.468\u00a0novos postos). Isso indica que o mercado mineiro \u00e9 diversificado e cria oportunidades em diversos setores.<\/p>\n<p>De janeiro a julho, Minas acumula 4,95 milh\u00f5es de pessoas empregadas com carteira assinada. Assim, o estado segue com o segundo maior estoque de empregos do pa\u00eds, atr\u00e1s apenas de S\u00e3o Paulo. O estoque representa a quantidade de pessoas empregadas com carteira assinada, tanto no setor p\u00fablico quanto no privado.<\/p>\n<p><b>Programas que transformam vidas<\/b><\/p>\n<p>Para garantir que as vagas em aberto sejam preenchidas, o Governo de Minas tem investido em cursos gratuitos para ajudar as pessoas a se destacar no mercado de trabalho. Esse \u00e9 o caso do Minas Forma, programa da Sedese que est\u00e1 garantindo m\u00e3o de obra qualificada e pronta para ser contratada pelas empresas.<\/p>\n<p>Rafael Maia, jovem de 22 anos, est\u00e1 aprendendo sobre Qualidade no Atendimento ao Cliente. \u201cN\u00e3o \u00e9 um curso que voc\u00ea faz e fica com o certificado guardado na gaveta. \u00c9 um curso que j\u00e1 prepara para o que as empresas est\u00e3o precisando. Ent\u00e3o, a chance de sair daqui empregado \u00e9 maior\u201d, relata o aluno de Montes Claros, no Norte de Minas.<\/p>\n<p>Al\u00e9m de Rafael, o Minas Forma j\u00e1 transformou a vida de centenas de mineiros e, at\u00e9 2025, vai qualificar mais de 8 mil pessoas, especialmente jovens, pessoas com defici\u00eancia e mulheres com mais de 40 anos.<\/p>\n<p>Maria Jos\u00e9 das Merc\u00eas, de 57 anos, moradora de Belo Horizonte, conheceu o Minas Forma quando estava em uma entrevista de emprego. Foi a empregadora que incentivou Maria a fazer o curso de Pizzas Doces e Salgadas. \u201cPara mim foi gratificante, porque eu tive ajuda de custo que auxiliou bastante no transporte\u201d, conta a baiana que escolheu Minas para viver h\u00e1 tr\u00eas anos.<\/p>\n<p>&nbsp;<\/p>\n<table border=\"0\" cellspacing=\"1\" cellpadding=\"1\" align=\"center\">\n<tbody>\n<tr>\n<td colspan=\"5\"><img decoding=\"async\" src=\"https:\/\/www.agenciaminas.mg.gov.br\/ckeditor_assets\/pictures\/20949\/content_2_olho_topo.jpg\" alt=\"\" \/><\/td>\n<\/tr>\n<tr>\n<td><\/td>\n<td colspan=\"3\" rowspan=\"3\">\n<h1><strong>&#8220;\u201cAgrade\u00e7o ao Governo do Estado que me ajudou a realizar mais um sonho, que \u00e9 participar desse curso. Gostei muito e pretendo continuar nessa \u00e1rea\u201d, reconhece Maria Jos\u00e9, que j\u00e1 se v\u00ea empregada ap\u00f3s concluir o curso.<\/strong><\/h1>\n<\/td>\n<td><\/td>\n<\/tr>\n<tr>\n<td><\/td>\n<td><\/td>\n<\/tr>\n<tr>\n<td><\/td>\n<td><\/td>\n<\/tr>\n<tr>\n<td colspan=\"5\"><img decoding=\"async\" src=\"https:\/\/www.agenciaminas.mg.gov.br\/ckeditor_assets\/pictures\/20950\/content_2_olho_inferior.jpg\" alt=\"\" \/><\/td>\n<\/tr>\n<\/tbody>\n<\/table>\n<p>Quem tamb\u00e9m quer continuar nessa \u00e1rea \u00e9 Cl\u00eanis Ramos de Sousa, de Contagem, na Regi\u00e3o Metropolitana de Belo Horizonte (RMBH). Aos 57 anos, ela encontrou no curso de Pizzas Doces e Salgadas uma chance de gerar sua pr\u00f3pria renda. \u201cEu n\u00e3o estou fazendo o curso s\u00f3 para aprender. Eu quero empreender, como uma forma de renda para minha casa, para minha fam\u00edlia\u201d, explica a dona de casa, que sonha em criar uma pizzaria com o filho, de 17 anos.<\/p>\n<figure class=\"image\"><img decoding=\"async\" src=\"https:\/\/www.agenciaminas.mg.gov.br\/ckeditor_assets\/pictures\/21747\/content_segunda.jpg\" alt=\"\" \/><figcaption><em><sup>Cl\u00eanis Ramos de Souza \/ Cr\u00e9dito: Armando Jr.<\/sup><\/em><\/figcaption><\/figure>\n<p>\u201cCom certeza o curso vai me ajudar. Na verdade, j\u00e1 est\u00e1 ajudando, porque eu n\u00e3o poderia fazer esse curso pelo valor. Eu n\u00e3o tenho condi\u00e7\u00f5es. Estou fazendo pelo fato de ser gratuito, e estou muito agradecida a esse programa do governo\u201d,\u00a0afirma Cl\u00eanis de Sousa.<\/p>\n<p><b>Oportunidade para quem precisa<\/b><\/p>\n<p>O Minas Forma \u00e9 o grande projeto de qualifica\u00e7\u00e3o e forma\u00e7\u00e3o socioprofissional do Governo de Minas, segundo avalia o subsecret\u00e1rio de Inclus\u00e3o Produtiva, Trabalho, Emprego e Renda da Sedese, Arthur Campos. \u201cQueremos dar oportunidade a pessoas em situa\u00e7\u00e3o de vulnerabilidade que est\u00e3o em busca de um emprego ou de melhorar a renda\u201d, salienta Arthur Campos, que refor\u00e7a: \u201co Minas Forma \u00e9 uma das iniciativas para que Minas chegue a 1 milh\u00e3o de empregos at\u00e9 2026\u201d.<\/p>\n<p>Al\u00e9m da qualifica\u00e7\u00e3o, outra atua\u00e7\u00e3o importante do programa \u00e9 a parceria com as empresas, como explica o subsecret\u00e1rio: \u201cAcreditamos que a quest\u00e3o da empregabilidade depende n\u00e3o s\u00f3 do poder p\u00fablico, mas tamb\u00e9m das pessoas e da iniciativa privada. Estamos fazendo um esfor\u00e7o conjunto com as empresas para captar essas pessoas, para que elas possam entrar no mercado de trabalho\u201d, pontua Arthur Campos.<\/p>\n<p>Atrav\u00e9s da Rede de Carreiras do Servi\u00e7o Nacional de Aprendizagem Comercial (Senac-MG), os alunos do Minas Forma t\u00eam facilidade no encaminhamento para oportunidades de trabalho. A plataforma possibilita a intermedia\u00e7\u00e3o de m\u00e3o de obra, conectando empregadores e alunos.<\/p>\n<p><u><a id=\"OWA80b52331-2d1f-8793-9fda-7aa6eedff0a8\" href=\"https:\/\/social.mg.gov.br\/trabalho-e-emprego\/educacao-profissional\/minas-forma\" target=\"_blank\" rel=\"noopener noreferrer\" data-auth=\"NotApplicable\" data-linkindex=\"3\">Confira aqui<\/a><\/u><b>\u00a0<\/b>o cronograma dos cursos do Minas Forma e como se inscrever.<\/p>\n<p><b>Trilhas de Futuro<\/b><\/p>\n<p>Outro programa que tem sido fundamental para qualificar jovens mineiros para o mercado \u00e9 o Trilhas de Futuro, da\u00a0<u><a id=\"OWA5eddc787-2414-1f89-ed02-90dbaaa5f79f\" href=\"https:\/\/www.educacao.mg.gov.br\/\" target=\"_blank\" rel=\"noopener noreferrer\" data-auth=\"NotApplicable\" data-linkindex=\"4\">Secretaria de Estado de Educa\u00e7\u00e3o (SEE)<\/a><\/u>. J\u00e1 s\u00e3o mais de 50 mil alunos de escolas p\u00fablicas beneficiados com cursos gratuitos e com a oportunidade de aprender uma profiss\u00e3o.<\/p>\n<p>Esse foi o caso de Anne Gabriela de Oliveira, de Contagem. Aos 35 anos, ela j\u00e1 est\u00e1 empregada como t\u00e9cnica de enfermagem. \u201cFiz o curso na primeira edi\u00e7\u00e3o do Trilhas, formei-me no ano passado e vai fazer um ano que j\u00e1 estou trabalhando na \u00e1rea\u201d, comemora Anne.<\/p>\n<p>O sucesso de Anne \u00e9 a prova de que o Trilhas de Futuro est\u00e1 ampliando as possibilidades de empregabilidade em todo o estado. Atualmente, outras 92 mil pessoas est\u00e3o recebendo qualifica\u00e7\u00e3o, e a 5\u00aa edi\u00e7\u00e3o do programa, lan\u00e7ada em setembro, ofereceu outras 40 mil vagas, com in\u00edcio previsto para fevereiro de 2025.<\/p>\n<p><b>Servi\u00e7o<\/b><\/p>\n<p>Al\u00e9m dos programas de qualifica\u00e7\u00e3o, o Governo de Minas, por meio da Sedese, gerencia o Sistema Nacional de Emprego (Sine) no estado. O Sine conecta as pessoas que precisam de um trabalho \u00e0s empresas que est\u00e3o contratando. S\u00e3o 132 unidades do Sine que facilitam a inser\u00e7\u00e3o de trabalhadores no mercado, inclusive com aux\u00edlio na elabora\u00e7\u00e3o de curr\u00edculos e na prepara\u00e7\u00e3o para entrevistas.<\/p>\n<p>Pela internet, o trabalhador tamb\u00e9m pode ter acesso \u00e0s oportunidades dispon\u00edveis em todas as unidades do estado. Para facilitar a pesquisa, h\u00e1 filtros por regi\u00e3o, munic\u00edpio, ocupa\u00e7\u00f5es e unidades. Nesta sexta-feira, s\u00e3o mais de 19 mil vagas dispon\u00edveis em diferentes \u00e1reas, como alimentador de linha de produ\u00e7\u00e3o, servente de obras e operador de telemarketing.\u00a0<b><u><a id=\"OWA64d15c54-dde3-764a-7f8f-ad9854b2a26f\" href=\"https:\/\/app.powerbi.com\/view?r=eyJrIjoiODdjNTk0MDctOWNlMy00NmExLWIzNTQtMTEyODRkYmIzZGFiIiwidCI6ImMwZTY1MzllLThjZGUtNDZlNy1hOTc4LWI1YTNmZTlmMGMzOSJ9&amp;pageName=ReportSection\" target=\"_blank\" rel=\"noopener noreferrer\" data-auth=\"NotApplicable\" data-linkindex=\"5\">Confira aqui<\/a><\/u><\/b>\u00a0as informa\u00e7\u00f5es atualizadas do Painel do Sine.<\/p>\n<p>O sucesso de Minas Gerais na gera\u00e7\u00e3o de empregos, na promo\u00e7\u00e3o da qualifica\u00e7\u00e3o profissional e no encaminhamento para o mercado \u00e9 resultado de uma abordagem integrada que combina pol\u00edticas de atra\u00e7\u00e3o de investimentos e capacita\u00e7\u00e3o de m\u00e3o de obra.<\/p>\n<p>\u201cMinas Gerais se consolida como um estado de oportunidades e que promove o desenvolvimento econ\u00f4mico e social. Estamos dando um exemplo de como pol\u00edticas p\u00fablicas eficazes podem transformar a vida da popula\u00e7\u00e3o, posicionando Minas, cada vez mais, como o melhor lugar para viver e investir\u201d, completa a secret\u00e1ria Al\u00ea Portela.<\/p>\n<p>Fonte: Ag\u00eancia Minas<\/p>\n","protected":false},"excerpt":{"rendered":"<p>Minas Gerais avan\u00e7a, transformando a vida das pessoas com programas de governo que preparam a popula\u00e7\u00e3o para o mercado de trabalho. Com a qualifica\u00e7\u00e3o da m\u00e3o de obra, o estado j\u00e1 gerou mais de 924 mil empregos\u00a0desde 2019 e caminha para alcan\u00e7ar a meta de 1 milh\u00e3o de postos formais criados at\u00e9 2026. Os \u00faltimos [&hellip;]<\/p>\n","protected":false},"author":246,"featured_media":224788,"comment_status":"closed","ping_status":"closed","sticky":false,"template":"","format":"standard","meta":{"footnotes":""},"categories":[436,440,261,254,252,439],"tags":[],"class_list":["post-224787","post","type-post","status-publish","format-standard","has-post-thumbnail","hentry","category-destaque-da-semana","category-destaques-do-dia","category-economia","category-politica","category-regiao","category-ultima-hora"],"_links":{"self":[{"href":"https:\/\/diarioregionaldigital.com.br\/index.php?rest_route=\/wp\/v2\/posts\/224787","targetHints":{"allow":["GET"]}}],"collection":[{"href":"https:\/\/diarioregionaldigital.com.br\/index.php?rest_route=\/wp\/v2\/posts"}],"about":[{"href":"https:\/\/diarioregionaldigital.com.br\/index.php?rest_route=\/wp\/v2\/types\/post"}],"author":[{"embeddable":true,"href":"https:\/\/diarioregionaldigital.com.br\/index.php?rest_route=\/wp\/v2\/users\/246"}],"replies":[{"embeddable":true,"href":"https:\/\/diarioregionaldigital.com.br\/index.php?rest_route=%2Fwp%2Fv2%2Fcomments&post=224787"}],"version-history":[{"count":1,"href":"https:\/\/diarioregionaldigital.com.br\/index.php?rest_route=\/wp\/v2\/posts\/224787\/revisions"}],"predecessor-version":[{"id":224789,"href":"https:\/\/diarioregionaldigital.com.br\/index.php?rest_route=\/wp\/v2\/posts\/224787\/revisions\/224789"}],"wp:featuredmedia":[{"embeddable":true,"href":"https:\/\/diarioregionaldigital.com.br\/index.php?rest_route=\/wp\/v2\/media\/224788"}],"wp:attachment":[{"href":"https:\/\/diarioregionaldigital.com.br\/index.php?rest_route=%2Fwp%2Fv2%2Fmedia&parent=224787"}],"wp:term":[{"taxonomy":"category","embeddable":true,"href":"https:\/\/diarioregionaldigital.com.br\/index.php?rest_route=%2Fwp%2Fv2%2Fcategories&post=224787"},{"taxonomy":"post_tag","embeddable":true,"href":"https:\/\/diarioregionaldigital.com.br\/index.php?rest_route=%2Fwp%2Fv2%2Ftags&post=224787"}],"curies":[{"name":"wp","href":"https:\/\/api.w.org\/{rel}","templated":true}]}}