{"id":224784,"date":"2024-09-27T17:51:27","date_gmt":"2024-09-27T20:51:27","guid":{"rendered":"https:\/\/diarioregionaldigital.com.br\/?p=224784"},"modified":"2024-09-27T17:51:27","modified_gmt":"2024-09-27T20:51:27","slug":"governo-de-minas-atualiza-frota-de-viaturas-da-policia-civil-com-entrega-de-143-novos-veiculos","status":"publish","type":"post","link":"https:\/\/diarioregionaldigital.com.br\/?p=224784","title":{"rendered":"Governo de Minas atualiza frota de viaturas da Pol\u00edcia Civil com entrega de 143 novos ve\u00edculos"},"content":{"rendered":"<p>Expandir a capacidade territorial de cobertura, ampliar a for\u00e7a de atua\u00e7\u00e3o estrat\u00e9gica, possibilitar ainda mais agilidade aos trabalhos de investiga\u00e7\u00e3o e per\u00edcia policiais al\u00e9m de proporcionar mais seguran\u00e7a \u00e0 popula\u00e7\u00e3o mineira.\u00a0Avan\u00e7ando para consolidar tais objetivos, o\u00a0<a href=\"https:\/\/www.mg.gov.br\/\" target=\"_blank\" rel=\"noopener\">Governo de Minas<\/a>\u00a0entregou, nesta sexta-feira (27\/9), mais 143 novas viaturas para a<a href=\"https:\/\/www.policiacivil.mg.gov.br\/\" target=\"_blank\" rel=\"noopener\">\u00a0Pol\u00edcia Civil<\/a>, na sede do Executivo mineiro, em Belo Horizonte.<\/p>\n<p>O investimento na entrega foi de R$ 18,8 milh\u00f5es e os ve\u00edculos direcionados para delegacias vinculadas aos 19 departamentos territoriais da PCMG nas diferentes regi\u00f5es de Minas, al\u00e9m de unidades especializadas.<\/p>\n<p>A aquisi\u00e7\u00e3o das novas viaturas foi poss\u00edvel devido ao rearranjo de saldos de execu\u00e7\u00e3o de conv\u00eanios das bancadas parlamentares mineiras no Congresso (C\u00e2mara dos Deputados e Senado Federal) e do Fundo Nacional de Seguran\u00e7a P\u00fablica. Al\u00e9m deles, emendas de deputados estaduais e verba da Secretaria Nacional contribu\u00edram para a realiza\u00e7\u00e3o do investimento.<\/p>\n<p>Secret\u00e1rio de Estado da\u00a0<a href=\"https:\/\/www.casacivil.mg.gov.br\/\" target=\"_blank\" rel=\"noopener\">Casa Civil<\/a>, Marcelo Aro destacou a entrega como grande feito e fez quest\u00e3o de valorizar o trabalho policial. \u00a0&#8220;N\u00e3o h\u00e1 gesto maior de servi\u00e7o p\u00fablico que o trabalho que desempenham. Em nome do governador, fa\u00e7o um agradecimento especial\u201d, pontuou.<\/p>\n<p><strong>Valoriza\u00e7\u00e3o e fortalecimento<\/strong><\/p>\n<p>Entre as viaturas entregues na solenidade, tr\u00eas ser\u00e3o direcionadas a projetos que tenham como mote a valoriza\u00e7\u00e3o de servidores. Dois ve\u00edculos e uma van ser\u00e3o direcionados ao Hospital da Pol\u00edcia Civil.<\/p>\n<p>Com o incremento das novas unidades, que fazem parte de projeto da Pol\u00edcia Civil, o n\u00famero de viaturas entregues para a corpora\u00e7\u00e3o, entre 2019 e 2023, supera o montante de mil ve\u00edculos.<\/p>\n<p>Para a chefe da Pol\u00edcia Civil de Minas Gerais, delegada-geral Let\u00edcia Gamboge, a gest\u00e3o adequada por meio dos diversos setores da institui\u00e7\u00e3o tem trazido resultados satisfat\u00f3rios sobretudo no aspecto do incremento log\u00edstico.<\/p>\n<p>\u201cTodos os nossos departamentos est\u00e3o sendo atendidos com essa entrega e, tamb\u00e9m, com as dos \u00faltimos anos. Isso se deve \u00e0 nossa credibilidade. Somos a melhor Pol\u00edcia Civil do pa\u00eds. Temos o compromisso de combater a viol\u00eancia e o crime organizado. E continuaremos a trabalhar firmemente nesse prop\u00f3sito\u201d, afirmou Gamboge.<\/p>\n<p>Fonte: Ag\u00eancia Minas<\/p>\n","protected":false},"excerpt":{"rendered":"<p>Expandir a capacidade territorial de cobertura, ampliar a for\u00e7a de atua\u00e7\u00e3o estrat\u00e9gica, possibilitar ainda mais agilidade aos trabalhos de investiga\u00e7\u00e3o e per\u00edcia policiais al\u00e9m de proporcionar mais seguran\u00e7a \u00e0 popula\u00e7\u00e3o mineira.\u00a0Avan\u00e7ando para consolidar tais objetivos, o\u00a0Governo de Minas\u00a0entregou, nesta sexta-feira (27\/9), mais 143 novas viaturas para a\u00a0Pol\u00edcia Civil, na sede do Executivo mineiro, em Belo [&hellip;]<\/p>\n","protected":false},"author":246,"featured_media":224785,"comment_status":"closed","ping_status":"closed","sticky":false,"template":"","format":"standard","meta":{"footnotes":""},"categories":[301,436,439],"tags":[],"class_list":["post-224784","post","type-post","status-publish","format-standard","has-post-thumbnail","hentry","category-artigos-policiais","category-destaque-da-semana","category-ultima-hora"],"_links":{"self":[{"href":"https:\/\/diarioregionaldigital.com.br\/index.php?rest_route=\/wp\/v2\/posts\/224784","targetHints":{"allow":["GET"]}}],"collection":[{"href":"https:\/\/diarioregionaldigital.com.br\/index.php?rest_route=\/wp\/v2\/posts"}],"about":[{"href":"https:\/\/diarioregionaldigital.com.br\/index.php?rest_route=\/wp\/v2\/types\/post"}],"author":[{"embeddable":true,"href":"https:\/\/diarioregionaldigital.com.br\/index.php?rest_route=\/wp\/v2\/users\/246"}],"replies":[{"embeddable":true,"href":"https:\/\/diarioregionaldigital.com.br\/index.php?rest_route=%2Fwp%2Fv2%2Fcomments&post=224784"}],"version-history":[{"count":1,"href":"https:\/\/diarioregionaldigital.com.br\/index.php?rest_route=\/wp\/v2\/posts\/224784\/revisions"}],"predecessor-version":[{"id":224786,"href":"https:\/\/diarioregionaldigital.com.br\/index.php?rest_route=\/wp\/v2\/posts\/224784\/revisions\/224786"}],"wp:featuredmedia":[{"embeddable":true,"href":"https:\/\/diarioregionaldigital.com.br\/index.php?rest_route=\/wp\/v2\/media\/224785"}],"wp:attachment":[{"href":"https:\/\/diarioregionaldigital.com.br\/index.php?rest_route=%2Fwp%2Fv2%2Fmedia&parent=224784"}],"wp:term":[{"taxonomy":"category","embeddable":true,"href":"https:\/\/diarioregionaldigital.com.br\/index.php?rest_route=%2Fwp%2Fv2%2Fcategories&post=224784"},{"taxonomy":"post_tag","embeddable":true,"href":"https:\/\/diarioregionaldigital.com.br\/index.php?rest_route=%2Fwp%2Fv2%2Ftags&post=224784"}],"curies":[{"name":"wp","href":"https:\/\/api.w.org\/{rel}","templated":true}]}}