{"id":224766,"date":"2024-09-26T20:02:45","date_gmt":"2024-09-26T23:02:45","guid":{"rendered":"https:\/\/diarioregionaldigital.com.br\/?p=224766"},"modified":"2024-09-26T20:02:45","modified_gmt":"2024-09-26T23:02:45","slug":"reuniao-com-o-governo-da-california-e-debate-sobre-descarbonizacao-encerram-participacao-de-minas-na-semana-do-clima-de-nova-iorque","status":"publish","type":"post","link":"https:\/\/diarioregionaldigital.com.br\/?p=224766","title":{"rendered":"Reuni\u00e3o com o governo da Calif\u00f3rnia e debate sobre descarboniza\u00e7\u00e3o encerram participa\u00e7\u00e3o de Minas na Semana do Clima de Nova Iorque"},"content":{"rendered":"<p>O\u00a0<a href=\"https:\/\/www.mg.gov.br\/\" target=\"_blank\" rel=\"noopener\">Governo de Minas<\/a>\u00a0encerrou sua participa\u00e7\u00e3o na 16\u00aa edi\u00e7\u00e3o da Semana do Clima de Nova Iorque, nos Estados Unidos. Na quarta-feira (25\/9), a comitiva mineira, liderada pelo vice-governador, Professor Mateus, se reuniu com o governo da Calif\u00f3rnia e participou de um debate sobre a descarboniza\u00e7\u00e3o no setor da constru\u00e7\u00e3o.<\/p>\n<figure class=\"image\"><img decoding=\"async\" src=\"https:\/\/www.agenciaminas.mg.gov.br\/ckeditor_assets\/pictures\/21744\/content_img_2144_2_1.jpg\" alt=\"\" \/><figcaption><em><sup>Governo de Minas \/ Divulga\u00e7\u00e3o<\/sup><\/em><\/figcaption><\/figure>\n<p>Na conversa com o governo da Calif\u00f3rnia, a comitiva mineira tratou de parcerias, sobretudo na \u00e1rea da agricultura, setor em que a economia do estado norte-americano se destaca. Tamb\u00e9m foram abordadas na conversa a quest\u00e3o de gera\u00e7\u00e3o de energia e mercado de carbono. Uma oportunidade para troca de experi\u00eancias, de acordo com a secret\u00e1ria de Estado de\u00a0<a href=\"http:\/\/www.meioambiente.mg.gov.br\/\" target=\"_blank\" rel=\"noopener\">Meio Ambiente e Desenvolvimento Sustent\u00e1vel<\/a>, Mar\u00edlia Melo.<\/p>\n<p>\u201cDiscutimos um pouco sobre mercado de carbono, para entender as li\u00e7\u00f5es aprendidas por eles nesse per\u00edodo e que servem de refer\u00eancia. Falamos, ainda, sobre parcerias para troca de experi\u00eancias em adapta\u00e7\u00e3o, especialmente em seguran\u00e7a h\u00eddrica e inc\u00eandios florestais\u201d, disse a secret\u00e1ria.<\/p>\n<p>Minas Gerais tamb\u00e9m protagonizou o debate sobre \u201cA\u00e7\u00e3o em v\u00e1rios n\u00edveis: financiamento de emiss\u00f5es zero e edif\u00edcios resilientes\u201d. Em seu discurso, Professor Mateus defendeu o uso da sucata para a produ\u00e7\u00e3o do a\u00e7o em substitui\u00e7\u00e3o ao ferro e lembrou que o maior fabricante de ferro do estado utiliza 70% de sucata.<\/p>\n<p>O vice-governador tamb\u00e9m destacou a import\u00e2ncia de os setores p\u00fablico e privado andarem lado a lado em prol da descarboniza\u00e7\u00e3o. Ele exemplificou sua afirma\u00e7\u00e3o ao falar da transi\u00e7\u00e3o energ\u00e9tica em Minas, citando o fato de o estado ter atingido a marca de 9 GW de pot\u00eancia fiscalizada em energia solar fotovoltaica, superando mais de 150 pa\u00edses.<\/p>\n<p>\u201cEu sempre destaco que fizemos nosso Plano de A\u00e7\u00e3o Clim\u00e1tica (PLAC-MG) com a Federa\u00e7\u00e3o das Ind\u00fastrias do Estado de Minas Gerais (Fiemg) e com a Federa\u00e7\u00e3o da Agricultura e Pecu\u00e1ria do Estado de Minas Gerais (Faemg). Assinamos o compromisso Race to Zero com essas duas federa\u00e7\u00f5es. Elas estavam conosco quando definimos as metas e quando decidimos como ir\u00edamos implement\u00e1-las\u201d, relatou.<\/p>\n<p><strong>Semana do Clima de Nova Iorque<\/strong><\/p>\n<p>Desde o \u00faltimo domingo (22\/9), quando foi realizada a abertura da Semana do Clima de Nova Iorque, a comitiva mineira participou de diversas discuss\u00f5es sobre os mais variados assuntos, como descarboniza\u00e7\u00e3o, transi\u00e7\u00e3o energ\u00e9tica e financiamento. Durante os pain\u00e9is, Minas teve a oportunidade de mostrar suas principais a\u00e7\u00f5es para combater os efeitos das mudan\u00e7as clim\u00e1ticas, al\u00e9m de trocar experi\u00eancias com outros pa\u00edses.<\/p>\n<p>\u201cTemos que continuar esse trabalho de levar\u00a0as experi\u00eancias para Minas, aprender com o que est\u00e1 sendo feito no resto do mundo para que possamos garantir as metas de neutraliza\u00e7\u00e3o de carbono ao longo dos pr\u00f3ximos anos\u201d, concluiu Professor Mateus.<\/p>\n<p>A Semana do Clima \u00e9 um dos principais eventos da agenda clim\u00e1tica mundial, organizado pelo Climate Group, em parceria com a Organiza\u00e7\u00e3o das Na\u00e7\u00f5es Unidas (ONU). Sua import\u00e2ncia se d\u00e1, ainda, por ser considerada um preparativo para a Confer\u00eancia das Na\u00e7\u00f5es Unidas sobre Mudan\u00e7as Clim\u00e1ticas (COP29), que neste ano acontecer\u00e1 no Azerbaij\u00e3o, em novembro.<\/p>\n<p>Anualmente, a Semana do Clima re\u00fane l\u00edderes mundiais e representantes de diversos pa\u00edses e estados nas \u00e1reas de neg\u00f3cios, governo, sociedade civil e setor clim\u00e1tico.<\/p>\n<p>Fonte: Ag\u00eancia Minas<\/p>\n","protected":false},"excerpt":{"rendered":"<p>O\u00a0Governo de Minas\u00a0encerrou sua participa\u00e7\u00e3o na 16\u00aa edi\u00e7\u00e3o da Semana do Clima de Nova Iorque, nos Estados Unidos. Na quarta-feira (25\/9), a comitiva mineira, liderada pelo vice-governador, Professor Mateus, se reuniu com o governo da Calif\u00f3rnia e participou de um debate sobre a descarboniza\u00e7\u00e3o no setor da constru\u00e7\u00e3o. Governo de Minas \/ Divulga\u00e7\u00e3o Na conversa [&hellip;]<\/p>\n","protected":false},"author":246,"featured_media":224767,"comment_status":"closed","ping_status":"closed","sticky":false,"template":"","format":"standard","meta":{"footnotes":""},"categories":[436,261,254,252,439],"tags":[],"class_list":["post-224766","post","type-post","status-publish","format-standard","has-post-thumbnail","hentry","category-destaque-da-semana","category-economia","category-politica","category-regiao","category-ultima-hora"],"_links":{"self":[{"href":"https:\/\/diarioregionaldigital.com.br\/index.php?rest_route=\/wp\/v2\/posts\/224766","targetHints":{"allow":["GET"]}}],"collection":[{"href":"https:\/\/diarioregionaldigital.com.br\/index.php?rest_route=\/wp\/v2\/posts"}],"about":[{"href":"https:\/\/diarioregionaldigital.com.br\/index.php?rest_route=\/wp\/v2\/types\/post"}],"author":[{"embeddable":true,"href":"https:\/\/diarioregionaldigital.com.br\/index.php?rest_route=\/wp\/v2\/users\/246"}],"replies":[{"embeddable":true,"href":"https:\/\/diarioregionaldigital.com.br\/index.php?rest_route=%2Fwp%2Fv2%2Fcomments&post=224766"}],"version-history":[{"count":1,"href":"https:\/\/diarioregionaldigital.com.br\/index.php?rest_route=\/wp\/v2\/posts\/224766\/revisions"}],"predecessor-version":[{"id":224768,"href":"https:\/\/diarioregionaldigital.com.br\/index.php?rest_route=\/wp\/v2\/posts\/224766\/revisions\/224768"}],"wp:featuredmedia":[{"embeddable":true,"href":"https:\/\/diarioregionaldigital.com.br\/index.php?rest_route=\/wp\/v2\/media\/224767"}],"wp:attachment":[{"href":"https:\/\/diarioregionaldigital.com.br\/index.php?rest_route=%2Fwp%2Fv2%2Fmedia&parent=224766"}],"wp:term":[{"taxonomy":"category","embeddable":true,"href":"https:\/\/diarioregionaldigital.com.br\/index.php?rest_route=%2Fwp%2Fv2%2Fcategories&post=224766"},{"taxonomy":"post_tag","embeddable":true,"href":"https:\/\/diarioregionaldigital.com.br\/index.php?rest_route=%2Fwp%2Fv2%2Ftags&post=224766"}],"curies":[{"name":"wp","href":"https:\/\/api.w.org\/{rel}","templated":true}]}}